{"id":333417,"date":"2025-08-21T07:42:11","date_gmt":"2025-08-21T07:42:11","guid":{"rendered":"https:\/\/www.europesays.com\/fr\/333417\/"},"modified":"2025-08-21T07:42:11","modified_gmt":"2025-08-21T07:42:11","slug":"strasbourg-pour-les-ecologistes-des-journees-dete-sous-le-signe-de-lunion","status":"publish","type":"post","link":"https:\/\/www.europesays.com\/fr\/333417\/","title":{"rendered":"Strasbourg. Pour les \u00c9cologistes, des Journ\u00e9es d\u2019\u00e9t\u00e9 sous le signe de l\u2019union"},"content":{"rendered":"<p>Les tenues sont encore estivales sous le ciel pluvieux, mais l\u2019atmosph\u00e8re est au travail. \u00ab \u00c7a me fait toujours sourire quand je vois des rentr\u00e9es politiques mi-septembre ! Nous, c\u2019est le 20 ao\u00fbt, parce qu\u2019on est d\u00e9termin\u00e9s et d\u00e9j\u00e0 concentr\u00e9s \u00bb, pr\u00e9vient <a href=\"https:\/\/www.dna.fr\/p\/marine-tondelier\" target=\"_blank\" rel=\"noopener\">Marine Tondelier<\/a>, secr\u00e9taire nationale des \u00c9cologistes.<\/p>\n<p>Ce mercredi \u00e0 Strasbourg, \u00e0 la veille du lancement des Journ\u00e9es d\u2019\u00e9t\u00e9 de son parti, la cheffe de file s\u2019alarme de menaces \u00ab existentielles \u00bb pour la soci\u00e9t\u00e9 : celle d\u2019une \u00ab \u00e9cologie qui est tr\u00e8s attaqu\u00e9e \u00bb et le p\u00e9ril \u00ab de l\u2019arriv\u00e9e des fascistes au pouvoir. Il y a un effet domino mondial : c\u2019est arriv\u00e9 aux \u00c9tats-Unis, la France est l\u2019un des dominos possibles, et toute l\u2019Europe \u00bb.<\/p>\n<p>  Le crash-test des municipales<\/p>\n<p>Les Journ\u00e9es d\u2019\u00e9t\u00e9, d\u2019aujourd\u2019hui \u00e0 samedi, seront clairement tourn\u00e9es vers l\u2019\u00e9ch\u00e9ance des \u00e9lections municipales de 2026, sorte de crash-test pour le parti avant l\u2019\u00e9lection pr\u00e9sidentielle l\u2019ann\u00e9e suivante. Depuis Strasbourg, o\u00f9 la maire \u00e9cologiste <a href=\"https:\/\/www.dna.fr\/p\/jeanne-barseghian\" target=\"_blank\" rel=\"noopener\">Jeanne Barseghian<\/a> <a href=\"https:\/\/www.dna.fr\/elections\/2025\/07\/03\/a-strasbourg-l-ecologiste-jeanne-barseghian-candidate-a-sa-reelection\" target=\"_blank\" rel=\"noopener\">est candidate \u00e0 sa succession<\/a> , Marine Tondelier appelle ainsi \u00e0 des \u00ab unions les plus larges possibles \u00bb en vue des municipales, pr\u00e9cisant n\u2019avoir pas \u00ab de lignes rouges \u00bb. \u00ab Le parti placera toute son \u00e9nergie pour mettre de l\u2019huile dans les rouages, mais rien n\u2019est jou\u00e9 d\u2019avance. \u00bb<\/p>\n<p>Le rendez-vous est donc l\u2019occasion de prendre la temp\u00e9rature de l\u2019entente \u00e0 gauche, avec plusieurs invit\u00e9s qui seront scrut\u00e9s de pr\u00e8s : le socialiste <a href=\"https:\/\/www.dna.fr\/p\/olivier-faure\" target=\"_blank\" rel=\"noopener\">Olivier Faure<\/a>, <a href=\"https:\/\/www.dna.fr\/p\/francois-ruffin\" target=\"_blank\" rel=\"noopener\">Fran\u00e7ois Ruffin<\/a> (Debout !), Alma Dufour (LFI), <a href=\"https:\/\/www.dna.fr\/p\/clementine-autain\" target=\"_blank\" rel=\"noopener\">Cl\u00e9mentine Autain<\/a> (L\u2019Apr\u00e8s), <a href=\"https:\/\/www.dna.fr\/p\/lucie-castets\" target=\"_blank\" rel=\"noopener\">Lucie Castets<\/a>, le PCF et G\u00e9n\u00e9ration.s. Seul le parti Place Publique de <a href=\"https:\/\/www.dna.fr\/p\/raphael-glucksmann\" target=\"_blank\" rel=\"noopener\">Rapha\u00ebl Glucksmann<\/a> n\u2019a pas pr\u00e9cis\u00e9 s\u2019il serait repr\u00e9sent\u00e9.<\/p>\n<p>  Tout bloquer, y compris Bayrou<\/p>\n<p>2 500 sympathisants, cadres et \u00e9lus sont attendus \u00e0 Strasbourg. \u00ab Ce n\u2019est pas une vitrine de l\u2019\u00e9cologie politique, mais ce sont des ateliers, du travail, une phase o\u00f9 on recharge les batteries \u00bb, indique le s\u00e9nateur du Bas-Rhin <a href=\"https:\/\/www.dna.fr\/p\/jacques-fernique\" target=\"_blank\" rel=\"noopener\">Jacques Fernique<\/a>. Une occasion de faire le plein d\u2019\u00e9nergie avant une rentr\u00e9e \u00ab \u00e9maill\u00e9e de col\u00e8re \u00bb, comme la d\u00e9crivent encore les \u00e9cologistes, qui confirment leur soutien au mouvement \u00ab Bloquons tout \u00bb du 10 septembre.<\/p>\n<p>Autre sujet br\u00fblant, le vote d\u2019une motion de censure contre le gouvernement de <a href=\"https:\/\/www.dna.fr\/p\/francois-bayrou\" target=\"_blank\" rel=\"noopener\">Fran\u00e7ois Bayrou<\/a> : \u00ab Rien n\u2019a chang\u00e9, \u00e7a empire, \u00e9videmment on va continuer \u00e0 d\u00e9noncer \u00bb, annonce la d\u00e9put\u00e9e \u00e9cologiste strasbourgeoise <a href=\"https:\/\/www.dna.fr\/p\/sandra-regol\" target=\"_blank\" rel=\"noopener\">Sandra Regol<\/a>. Marine Tondelier enfonce le clou : \u00ab Je ne vois rien pour dire non \u00e0 la censure. \u00bb<\/p>\n","protected":false},"excerpt":{"rendered":"Les tenues sont encore estivales sous le ciel pluvieux, mais l\u2019atmosph\u00e8re est au travail. \u00ab \u00c7a me fait&hellip;\n","protected":false},"author":2,"featured_media":333418,"comment_status":"","ping_status":"","sticky":false,"template":"","format":"standard","meta":{"footnotes":""},"categories":[2820],"tags":[1111,11,2389,2649,2880,11984,5949,4188,1777,674,107,1011,27,329,775,3035,3539,12,316,25,640,2879],"class_list":{"0":"post-333417","1":"post","2":"type-post","3":"status-publish","4":"format-standard","5":"has-post-thumbnail","7":"category-strasbourg","8":"tag-actu","9":"tag-actualites","10":"tag-alsace","11":"tag-bas-rhin","12":"tag-edition-strasbourg","13":"tag-election-presidentielle","14":"tag-elections","15":"tag-elections-municipales","16":"tag-eu","17":"tag-europe","18":"tag-fil-info","19":"tag-fr","20":"tag-france","21":"tag-france-monde","22":"tag-grand-est","23":"tag-la-matinale-strasbourg","24":"tag-les-ecologistes","25":"tag-news","26":"tag-politique","27":"tag-republique-francaise","28":"tag-strasbourg","29":"tag-strasbourg-ville"},"share_on_mastodon":{"url":"https:\/\/pubeurope.com\/@fr\/115065634385259098","error":""},"_links":{"self":[{"href":"https:\/\/www.europesays.com\/fr\/wp-json\/wp\/v2\/posts\/333417","targetHints":{"allow":["GET"]}}],"collection":[{"href":"https:\/\/www.europesays.com\/fr\/wp-json\/wp\/v2\/posts"}],"about":[{"href":"https:\/\/www.europesays.com\/fr\/wp-json\/wp\/v2\/types\/post"}],"author":[{"embeddable":true,"href":"https:\/\/www.europesays.com\/fr\/wp-json\/wp\/v2\/users\/2"}],"replies":[{"embeddable":true,"href":"https:\/\/www.europesays.com\/fr\/wp-json\/wp\/v2\/comments?post=333417"}],"version-history":[{"count":0,"href":"https:\/\/www.europesays.com\/fr\/wp-json\/wp\/v2\/posts\/333417\/revisions"}],"wp:featuredmedia":[{"embeddable":true,"href":"https:\/\/www.europesays.com\/fr\/wp-json\/wp\/v2\/media\/333418"}],"wp:attachment":[{"href":"https:\/\/www.europesays.com\/fr\/wp-json\/wp\/v2\/media?parent=333417"}],"wp:term":[{"taxonomy":"category","embeddable":true,"href":"https:\/\/www.europesays.com\/fr\/wp-json\/wp\/v2\/categories?post=333417"},{"taxonomy":"post_tag","embeddable":true,"href":"https:\/\/www.europesays.com\/fr\/wp-json\/wp\/v2\/tags?post=333417"}],"curies":[{"name":"wp","href":"https:\/\/api.w.org\/{rel}","templated":true}]}}