{"id":333419,"date":"2025-08-21T07:43:15","date_gmt":"2025-08-21T07:43:15","guid":{"rendered":"https:\/\/www.europesays.com\/fr\/333419\/"},"modified":"2025-08-21T07:43:15","modified_gmt":"2025-08-21T07:43:15","slug":"agacee-par-le-trafic-elle-se-met-a-danser-sur-lautoroute-et-provoque-des-bouchons","status":"publish","type":"post","link":"https:\/\/www.europesays.com\/fr\/333419\/","title":{"rendered":"\u00ab\u00a0agac\u00e9e par le trafic\u00a0\u00bb, elle se met \u00e0 danser sur l&rsquo;autoroute et provoque\u00a0des\u00a0bouchons"},"content":{"rendered":"<p>            Par<br \/>\n        <strong><br \/>\n            <a href=\"https:\/\/actu.fr\/auteur\/ivan-capecchi\" title=\"Consulter tous les articles de Ivan CAPECCHI\" rel=\"nofollow noopener\" target=\"_blank\">Ivan CAPECCHI<\/a><br \/>\n        <\/strong><\/p>\n<p>        Publi\u00e9 le<\/p>\n<p>            21 ao\u00fbt 2025 \u00e0 9h34        <\/p>\n<p>Mardi soir, une automobiliste de 50 ans a provoqu\u00e9 la stupeur sur l\u2019<strong>A5<\/strong> entre <strong>Appenweier<\/strong> et <strong>Offenburg<\/strong> (<a href=\"https:\/\/actu.fr\/tag\/allemagne\" rel=\"nofollow noopener\" target=\"_blank\">Allemagne<\/a>), non loin de Strasbourg, comme l\u2019ont d\u2019abord rep\u00e9r\u00e9 nos confr\u00e8res de <a href=\"https:\/\/france3-regions.franceinfo.fr\/grand-est\/bas-rhin\/strasbourg-0\/une-conductrice-venue-de-france-se-met-a-danser-sur-l-autoroute-en-allemagne-et-bloque-la-circulation-3204518.html\" rel=\"nofollow noopener\" target=\"_blank\">France 3<\/a>. Vers 18h50, elle a arr\u00eat\u00e9 son v\u00e9hicule <strong>Renault<\/strong> entre deux voies, est sortie et s\u2019est mise \u00e0 <strong>danser sur l\u2019autoroute<\/strong>, selon un communiqu\u00e9 de la police allemande.<\/p>\n<p>Le trafic stopp\u00e9 par la police<\/p>\n<p class=\" wall-content\">Alert\u00e9e par de nombreux appels, cette derni\u00e8re a <strong>stopp\u00e9 le trafic<\/strong> pour \u00e9viter un drame. Retenue par des automobilistes, <strong>la femme a \u00e9t\u00e9 interpell\u00e9e<\/strong>.<\/p>\n<p class=\" wall-content\">Elle a expliqu\u00e9 avoir agi par \u00ab <strong>agacement face au trafic<\/strong> \u00bb.<\/p>\n<p class=\" wall-content\">Une <strong>proc\u00e9dure<\/strong> pour <strong>mise en danger<\/strong> est <strong>ouverte<\/strong>, ses <strong>cl\u00e9s<\/strong> et son permis ont \u00e9t\u00e9 <strong>confisqu\u00e9s<\/strong>.<\/p>\n<p>La quinquag\u00e9naire r\u00e9cidive le lendemain<\/p>\n<p class=\" wall-content\">Mercredi matin, la quinquag\u00e9naire a <strong>r\u00e9cidiv\u00e9<\/strong> en <strong>bloquant une intersection \u00e0 Offenburg<\/strong>, <strong>bras crois\u00e9s au milieu de la route<\/strong>.<\/p>\n<p class=\" wall-content\">La police l\u2019a alors<strong> reconduite jusqu\u2019\u00e0 la fronti\u00e8re fran\u00e7aise<\/strong> pour qu\u2019elle regagne son domicile.<\/p>\n<p class=\" wall-content\">Personnalisez votre actualit\u00e9 en ajoutant vos villes et m\u00e9dias en favori avec <a href=\"https:\/\/moncompte.actu.fr\" title=\"D\u00e9couvez Mon Actu\" rel=\"nofollow noopener\" data-trk=\"{&quot;cta&quot;:{&quot;action&quot;:&quot;https:\\\/\\\/moncompte.actu.fr&quot;,&quot;category&quot;:&quot;mon compte&quot;,&quot;from&quot;:&quot;article footer&quot;,&quot;name&quot;:&quot;Mon actu&quot;,&quot;type&quot;:&quot;cta&quot;}}\" target=\"_blank\">Mon Actu<\/a>.<\/p>\n","protected":false},"excerpt":{"rendered":"Par Ivan CAPECCHI Publi\u00e9 le 21 ao\u00fbt 2025 \u00e0 9h34 Mardi soir, une automobiliste de 50 ans a&hellip;\n","protected":false},"author":2,"featured_media":333420,"comment_status":"","ping_status":"","sticky":false,"template":"","format":"standard","meta":{"footnotes":""},"categories":[2820],"tags":[1111,11,672,1777,674,118,1011,27,775,12,1072,25,640],"class_list":{"0":"post-333419","1":"post","2":"type-post","3":"status-publish","4":"format-standard","5":"has-post-thumbnail","7":"category-strasbourg","8":"tag-actu","9":"tag-actualites","10":"tag-allemagne","11":"tag-eu","12":"tag-europe","13":"tag-faits-divers","14":"tag-fr","15":"tag-france","16":"tag-grand-est","17":"tag-news","18":"tag-police","19":"tag-republique-francaise","20":"tag-strasbourg"},"share_on_mastodon":{"url":"https:\/\/pubeurope.com\/@fr\/115065638307207183","error":""},"_links":{"self":[{"href":"https:\/\/www.europesays.com\/fr\/wp-json\/wp\/v2\/posts\/333419","targetHints":{"allow":["GET"]}}],"collection":[{"href":"https:\/\/www.europesays.com\/fr\/wp-json\/wp\/v2\/posts"}],"about":[{"href":"https:\/\/www.europesays.com\/fr\/wp-json\/wp\/v2\/types\/post"}],"author":[{"embeddable":true,"href":"https:\/\/www.europesays.com\/fr\/wp-json\/wp\/v2\/users\/2"}],"replies":[{"embeddable":true,"href":"https:\/\/www.europesays.com\/fr\/wp-json\/wp\/v2\/comments?post=333419"}],"version-history":[{"count":0,"href":"https:\/\/www.europesays.com\/fr\/wp-json\/wp\/v2\/posts\/333419\/revisions"}],"wp:featuredmedia":[{"embeddable":true,"href":"https:\/\/www.europesays.com\/fr\/wp-json\/wp\/v2\/media\/333420"}],"wp:attachment":[{"href":"https:\/\/www.europesays.com\/fr\/wp-json\/wp\/v2\/media?parent=333419"}],"wp:term":[{"taxonomy":"category","embeddable":true,"href":"https:\/\/www.europesays.com\/fr\/wp-json\/wp\/v2\/categories?post=333419"},{"taxonomy":"post_tag","embeddable":true,"href":"https:\/\/www.europesays.com\/fr\/wp-json\/wp\/v2\/tags?post=333419"}],"curies":[{"name":"wp","href":"https:\/\/api.w.org\/{rel}","templated":true}]}}