{"id":333423,"date":"2025-08-21T07:45:12","date_gmt":"2025-08-21T07:45:12","guid":{"rendered":"https:\/\/www.europesays.com\/fr\/333423\/"},"modified":"2025-08-21T07:45:12","modified_gmt":"2025-08-21T07:45:12","slug":"un-trafic-doiseaux-proteges-decouvert-par-hasard-a-nice-un-homme-place-en-garde-a-vue-2","status":"publish","type":"post","link":"https:\/\/www.europesays.com\/fr\/333423\/","title":{"rendered":"Un trafic d\u2019oiseaux prot\u00e9g\u00e9s d\u00e9couvert par hasard \u00e0 Nice, un homme plac\u00e9 en garde \u00e0 vue"},"content":{"rendered":"<p>En mati\u00e8re animale, St\u00e9phane Lamart a l\u2019\u0153il aiguis\u00e9. Et pour cause, il est le pr\u00e9sident de l\u2019association nationale \u00ab\u00a0St\u00e9phane Lamart\u00a0\u00bb, reconnue d\u2019utilit\u00e9 publique pour la d\u00e9fense des droits des animaux.<\/p>\n<p>Le fondateur de l\u2019association s\u2019accorde actuellement quelques jours de vacances dans la capitale azur\u00e9enne. Mercredi soir, son regard a \u00e9t\u00e9 attir\u00e9 par des <strong>cages \u00e0 oiseaux dans un garage moto<\/strong> situ\u00e9e dans une rue nich\u00e9e dans le quartier de la gare Thiers.<\/p>\n<p>Des oiseaux dans un garage, voil\u00e0 qui est d\u00e9j\u00e0 peu banal. Mais c\u2019est surtout l\u2019esp\u00e8ce qui a attir\u00e9 son attention: des chardonnerets, une esp\u00e8ce prot\u00e9g\u00e9e.<\/p>\n<p>Le <strong>braconnage du chardonneret<\/strong> ne cesse d\u2019augmenter en France alors qu\u2019il est class\u00e9 \u00ab\u00a0vuln\u00e9rable\u00a0\u00bb sur la liste rouge des esp\u00e8ces menac\u00e9es. L\u2019esp\u00e8ce ne peut \u00eatre ni mise en vente, ni m\u00eame d\u00e9tenue.<\/p>\n<p>\u00ab\u00a0Au sol, j\u2019ai vu deux cages contenant des oiseaux. Une autre \u00e9tait suspendue aux murs, une autre \u00e9tait pos\u00e9e sur des deux roues\u00a0\u00bb, t\u00e9moigne St\u00e9phane Lamart.<\/p>\n<p>Un individu et deux enfants se trouvaient dans l\u2019atelier. Interrog\u00e9 par le pr\u00e9sident de l\u2019association, agr\u00e9\u00e9e par le minist\u00e8re de l\u2019Int\u00e9rieur, l\u2019homme a reconnu qu\u2019il s\u2019agissait de chardonnerets mais n\u2019est pas rest\u00e9 sur les lieux.<\/p>\n<p>Pr\u00e9venue, la police s\u2019est pr\u00e9sent\u00e9e vers 21h30, accompagn\u00e9e de sapeurs-pompiers pr\u00eats \u00e0 forcer la grille au besoin. Revenu, l\u2019homme a finalement \u00e9t\u00e9 interpell\u00e9 et les <strong>oiseaux saisis<\/strong>.<\/p>\n<p>L\u2019office fran\u00e7ais de la biodiversit\u00e9 a \u00e9t\u00e9 contact\u00e9 et l\u2019individu plac\u00e9 en garde \u00e0 vue. L\u2019association St\u00e9phane Lamart s\u2019est constitu\u00e9e partie civile.<\/p>\n<p><strong>Une esp\u00e8ce prot\u00e9g\u00e9e<\/strong><\/p>\n<p>Depuis 1981, le chardonneret \u00e9l\u00e9gant est prot\u00e9g\u00e9 sur l\u2019ensemble du territoire national: son enl\u00e8vement, sa capture, sa d\u00e9tention, son transport, son achat et sa vente sont notamment <strong>interdits<\/strong>. La population de chardonneret a diminu\u00e9 d\u2019au moins 30% en 10 ans selon l\u2019Office fran\u00e7ais de la biodiversit\u00e9 (OFB).<\/p>\n<p>En 2023, 353 chardonnerets \u00e9l\u00e9gants ont \u00e9t\u00e9 saisis par l\u2019OFB. Le chardonneret \u00e9l\u00e9gant (Carduelis carduelis) est un petit passereau de la famille des fringillid\u00e9s.<\/p>\n<p>Comme beaucoup d\u2019oiseaux du nord de l\u2019Europe, il pr\u00e9f\u00e8re passer l\u2019hiver dans le sud de la France et au Maghreb. Tr\u00e8s recherch\u00e9 pour son chant et ses couleurs vives, l\u2019oiseau est <strong>utilis\u00e9 \u00e0 l\u2019occasion de concours de chants<\/strong> sur le pourtour m\u00e9diterran\u00e9en.<\/p>\n<p>Les infractions sont passibles de 150.000\u20ac d\u2019amende et de 3 ans d\u2019emprisonnement (article L. 415-3 du Code de l\u2019environnement). \u00ab\u00a0Le trafic d\u2019animaux est devenu le <strong>troisi\u00e8me trafic au monde<\/strong>, apr\u00e8s le trafic d\u2019armes et le trafic de drogue\u00a0\u00bb, se d\u00e9sole St\u00e9phane Lamart.<\/p>\n","protected":false},"excerpt":{"rendered":"En mati\u00e8re animale, St\u00e9phane Lamart a l\u2019\u0153il aiguis\u00e9. Et pour cause, il est le pr\u00e9sident de l\u2019association nationale&hellip;\n","protected":false},"author":2,"featured_media":333422,"comment_status":"","ping_status":"","sticky":false,"template":"","format":"standard","meta":{"footnotes":""},"categories":[2819],"tags":[1111,11,1867,1777,674,118,1011,27,12,2401,882,25],"class_list":{"0":"post-333423","1":"post","2":"type-post","3":"status-publish","4":"format-standard","5":"has-post-thumbnail","7":"category-nice","8":"tag-actu","9":"tag-actualites","10":"tag-animaux","11":"tag-eu","12":"tag-europe","13":"tag-faits-divers","14":"tag-fr","15":"tag-france","16":"tag-news","17":"tag-nice","18":"tag-provence-alpes-cote-dazur","19":"tag-republique-francaise"},"share_on_mastodon":{"url":"https:\/\/pubeurope.com\/@fr\/115065646343855319","error":""},"_links":{"self":[{"href":"https:\/\/www.europesays.com\/fr\/wp-json\/wp\/v2\/posts\/333423","targetHints":{"allow":["GET"]}}],"collection":[{"href":"https:\/\/www.europesays.com\/fr\/wp-json\/wp\/v2\/posts"}],"about":[{"href":"https:\/\/www.europesays.com\/fr\/wp-json\/wp\/v2\/types\/post"}],"author":[{"embeddable":true,"href":"https:\/\/www.europesays.com\/fr\/wp-json\/wp\/v2\/users\/2"}],"replies":[{"embeddable":true,"href":"https:\/\/www.europesays.com\/fr\/wp-json\/wp\/v2\/comments?post=333423"}],"version-history":[{"count":0,"href":"https:\/\/www.europesays.com\/fr\/wp-json\/wp\/v2\/posts\/333423\/revisions"}],"wp:featuredmedia":[{"embeddable":true,"href":"https:\/\/www.europesays.com\/fr\/wp-json\/wp\/v2\/media\/333422"}],"wp:attachment":[{"href":"https:\/\/www.europesays.com\/fr\/wp-json\/wp\/v2\/media?parent=333423"}],"wp:term":[{"taxonomy":"category","embeddable":true,"href":"https:\/\/www.europesays.com\/fr\/wp-json\/wp\/v2\/categories?post=333423"},{"taxonomy":"post_tag","embeddable":true,"href":"https:\/\/www.europesays.com\/fr\/wp-json\/wp\/v2\/tags?post=333423"}],"curies":[{"name":"wp","href":"https:\/\/api.w.org\/{rel}","templated":true}]}}