{"id":333424,"date":"2025-08-21T07:46:13","date_gmt":"2025-08-21T07:46:13","guid":{"rendered":"https:\/\/www.europesays.com\/fr\/333424\/"},"modified":"2025-08-21T07:46:13","modified_gmt":"2025-08-21T07:46:13","slug":"a-sept-mois-des-municipales-johanna-rolland-surfe-sur-les-deboires-de-ses-concurrents","status":"publish","type":"post","link":"https:\/\/www.europesays.com\/fr\/333424\/","title":{"rendered":"\u00c0 sept mois des municipales, Johanna Rolland surfe sur les d\u00e9boires de ses concurrents"},"content":{"rendered":"<p class=\"single__lede\"><b>L\u2019\u00e9t\u00e9 a \u00e9t\u00e9 d\u00e9favorable aux rivaux de la maire socialiste sortante, qui brigue un troisi\u00e8me mandat. Chez LR, la d\u00e9signation tardive d\u2019un candidat se fera finalement par un vote des militants ces 30 et 31 ao\u00fbt. Les \u00e9cologistes h\u00e9sitent toujours \u00e0 pr\u00e9senter une liste autonome, alors que leurs potentiels alli\u00e9s insoumis viennent d\u2019\u00e9carter une de leurs co-leaders. Le RN annoncera lui sa t\u00eate de liste le 1er septembre. <\/b><\/p>\n<p>\t\t<img width=\"2048\" height=\"1365\" src=\"https:\/\/www.europesays.com\/fr\/wp-content\/uploads\/2025\/08\/Guo6wy3XIAMtuuq.jpeg\" class=\"position-center wp-post-image\" alt=\"Johanna Rolland assistant \u00e0 un spectacle de Royal de Luxe, au d\u00e9but de l'\u00e9t\u00e9. Photo : compte X de Johanna Rolland\" decoding=\"async\" fetchpriority=\"high\"  \/>\t\t\t\t\tJohanna Rolland assistant \u00e0 un spectacle de Royal de Luxe, au d\u00e9but de l&rsquo;\u00e9t\u00e9. Photo : compte X de Johanna Rolland<\/p>\n<p>Les dates pr\u00e9cises du premier et second tour des \u00e9lections municipales de 2026 ne sont toujours pas connues. Pour l\u2019heure, on sait seulement que les \u00e9lecteurs fran\u00e7ais seront appel\u00e9s aux urnes en mars prochain, deux dimanches, \u00e0 une semaine d\u2019intervalle. Cependant la pr\u00e9\u2010campagne officielle d\u00e9bute le 1er septembre, encadrant strictement <a href=\"https:\/\/www.amf.asso.fr\/documents-elections-municipales-mars-2026financement-campagnes-electorales\/42566\" rel=\"nofollow noopener\" target=\"_blank\">son financement<\/a> et l\u2019utilisation <a href=\"https:\/\/www.amf.asso.fr\/documents-elections-municipales-mars-2026les-regles-la-communication-en-periode-preelectorale-applicables-aux-communes-aux-epci-aux-elus-candidats\/42567\" target=\"_blank\" rel=\"noopener nofollow\">des moyens institutionnels<\/a> \u00e0 la Ville de Nantes comme \u00e0 Nantes M\u00e9tropole.<\/p>\n<p>Jusqu\u2019\u00e0 cette date, la maire et pr\u00e9sidente (PS) sortante Johanna Rolland use \u00e0 sa guise de ces moyens \u2013 tout \u00e0 fait l\u00e9galement \u2013 pour vanter le bilan de son deuxi\u00e8me mandat. Une campagne d\u2019affichage publicitaire sous le slogan \u00ab\u202fDemain n\u2019attend pas\u202f\u00bb\u202f; une quarantaine de \u00ab\u202frendez\u2010vous de proximit\u00e9\u202f\u00bb des \u00e9lus dans les quartiers\u202f; une mise en sc\u00e8ne de la maire face \u00e0 sept habitants\/\u00e9lecteurs <a href=\"https:\/\/www.mediacites.fr\/veracites\/nantes\/2025\/04\/17\/le-journal-de-la-ville-nantes-passion-au-service-de-la-campagne-de-johanna-rolland\/\" rel=\"nofollow noopener\" target=\"_blank\">dans Nantes Passion<\/a>, des vid\u00e9os sur les r\u00e9seaux sociaux, etc. De quoi \u00e9mouvoir l\u2019opposition LR et macroniste, qui d\u00e9non\u00e7ait dans un courrier mi\u2010juin \u00ab\u202fune suractivit\u00e9 communicationnelle marqu\u00e9e par une multitude de publications valorisant votre action municipale\u202f\u00bb.\u00a0<\/p>\n<p>Nous vous offrons l\u2019acc\u00e8s \u00e0 cet article<\/p>\n<p>Et \u00e0 toutes nos enqu\u00eates pendant deux jours\u00a0\u00a0! <br \/>Oui, on est g\u00e9n\u00e9reux \ud83d\ude09 Mais pensez aussi \u00e0 <a href=\"https:\/\/www.mediacites.fr\/sabonner\/\" target=\"_blank\" style=\"color:#fff\" rel=\"nofollow noopener\">vous abonner<\/a>\u00a0\u00a0!<\/p>\n<p>\t\tEn renseignant votre adresse, vous acceptez nos <a href=\"https:\/\/www.mediacites.fr\/conditions-generales-d-utilisation\/\" target=\"_blank\" rel=\"nofollow noopener\">conditions g\u00e9n\u00e9rales d\u2019utilisation<\/a>. <br \/>Mediacit\u00e9s s\u2019engage \u00e0 ne pas c\u00e9der votre adresse \u00e0 des tiers. En cas d\u2019\u00e9chec, \u00e9crivez \u00e0 <a href=\"https:\/\/www.mediacites.fr\/enquete\/nantes\/2025\/08\/21\/a-sept-mois-des-municipales-johanna-rolland-surfe-sur-les-deboires-de-ses-concurrents\/mailto:contact@mediacites.fr\" rel=\"nofollow noopener\" target=\"_blank\">contact@mediacites.fr<\/a><\/p>\n<ul>\n<li>J\u2019acc\u00e8de aux 4 \u00e9ditions de Mediacit\u00e9s (Lille, Lyon, Nantes et Toulouse)<\/li>\n<li>Je d\u00e9couvre un m\u00e9dia 100 % ind\u00e9pendant, avec 0 % de publicit\u00e9<\/li>\n<\/ul>\n<p>Envie de lire la\u00a0suite\u202f?<\/p>\n<p class=\"price\">1\u20ac le premier mois<\/p>\n<p class=\"description\">Puis 7,90\u20ac par\u00a0mois<\/p>\n<p><a class=\"button button--green\" href=\"https:\/\/www.mediacites.fr\/sabonner\/?sub=55\" style=\"margin-top:22px;font-size:13px;\" rel=\"nofollow noopener\" target=\"_blank\">Je teste\u202f! <\/a><\/p>\n<ul>\n<li>Acc\u00e8s aux 4 \u00e9ditions de Mediacit\u00e9s (Lille, Lyon, Nantes et Toulouse)<\/li>\n<li>100 % ind\u00e9pendant, avec 0 % de publicit\u00e9<\/li>\n<li>R\u00e9siliation facile \u00e0 tout moment<\/li>\n<\/ul>\n<p>Mediacit\u00e9s offre l\u2019acc\u00e8s \u00e0 cet article aux lecteurs de News2Com<\/p>\n<p>Et \u00e0 toutes nos enqu\u00eates pendant deux jours\u00a0\u00a0! <br \/>Oui, on est g\u00e9n\u00e9reux \ud83d\ude09 Mais pensez aussi \u00e0 <a href=\"https:\/\/www.mediacites.fr\/sabonner\/\" target=\"_blank\" style=\"color:#fff\" rel=\"nofollow noopener\">vous abonner<\/a>\u00a0\u00a0!<\/p>\n<p>\t\tEn renseignant votre adresse, vous acceptez nos <a href=\"https:\/\/www.mediacites.fr\/conditions-generales-d-utilisation\/\" target=\"_blank\" rel=\"nofollow noopener\">conditions g\u00e9n\u00e9rales d\u2019utilisation<\/a>. <br \/>Mediacit\u00e9s s\u2019engage \u00e0 ne pas c\u00e9der votre adresse \u00e0 des tiers. En cas d\u2019\u00e9chec, \u00e9crivez \u00e0 <a href=\"https:\/\/www.mediacites.fr\/enquete\/nantes\/2025\/08\/21\/a-sept-mois-des-municipales-johanna-rolland-surfe-sur-les-deboires-de-ses-concurrents\/mailto:contact@mediacites.fr\" rel=\"nofollow noopener\" target=\"_blank\">contact@mediacites.fr<\/a><\/p>\n<ul>\n<li>J\u2019acc\u00e8de aux 4 \u00e9ditions de Mediacit\u00e9s (Lille, Lyon, Nantes et Toulouse)<\/li>\n<li>Je d\u00e9couvre un m\u00e9dia 100 % ind\u00e9pendant, avec 0 % de publicit\u00e9<\/li>\n<\/ul>\n<p>\tD\u00e9couvrez aussi <strong>nos derni\u00e8res enqu\u00eates<\/strong><\/p>\n","protected":false},"excerpt":{"rendered":"L\u2019\u00e9t\u00e9 a \u00e9t\u00e9 d\u00e9favorable aux rivaux de la maire socialiste sortante, qui brigue un troisi\u00e8me mandat. Chez LR,&hellip;\n","protected":false},"author":2,"featured_media":333425,"comment_status":"","ping_status":"","sticky":false,"template":"","format":"standard","meta":{"footnotes":""},"categories":[2818],"tags":[1111,11,1777,674,1011,27,766,12,2636,25],"class_list":{"0":"post-333424","1":"post","2":"type-post","3":"status-publish","4":"format-standard","5":"has-post-thumbnail","7":"category-nantes","8":"tag-actu","9":"tag-actualites","10":"tag-eu","11":"tag-europe","12":"tag-fr","13":"tag-france","14":"tag-nantes","15":"tag-news","16":"tag-pays-de-la-loire","17":"tag-republique-francaise"},"share_on_mastodon":{"url":"https:\/\/pubeurope.com\/@fr\/115065650651688849","error":""},"_links":{"self":[{"href":"https:\/\/www.europesays.com\/fr\/wp-json\/wp\/v2\/posts\/333424","targetHints":{"allow":["GET"]}}],"collection":[{"href":"https:\/\/www.europesays.com\/fr\/wp-json\/wp\/v2\/posts"}],"about":[{"href":"https:\/\/www.europesays.com\/fr\/wp-json\/wp\/v2\/types\/post"}],"author":[{"embeddable":true,"href":"https:\/\/www.europesays.com\/fr\/wp-json\/wp\/v2\/users\/2"}],"replies":[{"embeddable":true,"href":"https:\/\/www.europesays.com\/fr\/wp-json\/wp\/v2\/comments?post=333424"}],"version-history":[{"count":0,"href":"https:\/\/www.europesays.com\/fr\/wp-json\/wp\/v2\/posts\/333424\/revisions"}],"wp:featuredmedia":[{"embeddable":true,"href":"https:\/\/www.europesays.com\/fr\/wp-json\/wp\/v2\/media\/333425"}],"wp:attachment":[{"href":"https:\/\/www.europesays.com\/fr\/wp-json\/wp\/v2\/media?parent=333424"}],"wp:term":[{"taxonomy":"category","embeddable":true,"href":"https:\/\/www.europesays.com\/fr\/wp-json\/wp\/v2\/categories?post=333424"},{"taxonomy":"post_tag","embeddable":true,"href":"https:\/\/www.europesays.com\/fr\/wp-json\/wp\/v2\/tags?post=333424"}],"curies":[{"name":"wp","href":"https:\/\/api.w.org\/{rel}","templated":true}]}}