{"id":333426,"date":"2025-08-21T07:47:17","date_gmt":"2025-08-21T07:47:17","guid":{"rendered":"https:\/\/www.europesays.com\/fr\/333426\/"},"modified":"2025-08-21T07:47:17","modified_gmt":"2025-08-21T07:47:17","slug":"enorme-retournement-de-situation-pour-lavenir-dabline","status":"publish","type":"post","link":"https:\/\/www.europesays.com\/fr\/333426\/","title":{"rendered":"\u00e9norme retournement de situation pour l\u2019avenir d\u2019Abline\u00a0!\u00a0"},"content":{"rendered":"<p><strong><a href=\"https:\/\/www.butfootballclub.fr\/614475-fc-nantes-mercato-abline-au-bras-de-fer-un-club-de-l1-ne-le-lache-pas\/\" rel=\"noopener\" target=\"_blank\">Matthis Abline<\/a>, meilleur buteur du FC Nantes la saison pass\u00e9e (11 r\u00e9alisations toutes comp\u00e9titions confondues), ne rejoindra pas le Paris FC\u00a0!\u00a0<\/strong><\/p>\n<p>\ud83d\udfe5<strong> Rumeur<\/strong><\/p>\n<p>C\u2019est le dossier chaud du mercato nantais, et il conna\u00eet un nouveau rebondissement. Ce jeudi, L\u2019\u00c9quipe annonce que <a href=\"https:\/\/www.butfootballclub.fr\/614486-fc-nantes-mercato-castro-ou-abline-le-vestiaire-des-canaris-a-choisi-son-camp\/\" rel=\"noopener\" target=\"_blank\">Matthis Abline<\/a>, meilleur buteur du FC Nantes la saison pass\u00e9e (11 r\u00e9alisations toutes comp\u00e9titions confondues), ne rejoindra pas le Paris FC\u00a0! Alors que l\u2019attaquant de 22 ans avait donn\u00e9 son accord et qu\u2019une offre XXL de 25 millions d\u2019euros avait \u00e9t\u00e9 transmise, le club de la capitale a d\u00e9cid\u00e9 de se retirer de la course. Un coup de tonnerre qui relance totalement son avenir.<\/p>\n<p>Dans ce feuilleton, les positions ont \u00e9t\u00e9 claires. Le PFC r\u00eavait de b\u00e2tir son projet de mont\u00e9e autour d\u2019Abline, mais l\u2019intransigeance nantaise a refroidi les ardeurs parisiennes. Car malgr\u00e9 l\u2019offre colossale, le <a href=\"https:\/\/www.butfootballclub.fr\/614455-fc-nantes-mercato-abline-humilie-par-castro-et-relance-par-le-stade-rennais\/\" rel=\"noopener\" target=\"_blank\">FCN<\/a> n\u2019a jamais boug\u00e9 de sa ligne : pas de d\u00e9part en dessous de 40 millions d\u2019euros. Une somme jug\u00e9e hors de port\u00e9e pour le club francilien, qui pr\u00e9f\u00e8re d\u00e9sormais se tourner vers d\u2019autres pistes.<\/p>\n<p>Abline n\u2019a pas facilit\u00e9 les choses<\/p>\n<p>De son c\u00f4t\u00e9, Abline n\u2019a pas non plus facilit\u00e9 les choses. Courtis\u00e9 par Wolverhampton, l\u2019attaquant a oppos\u00e9 son veto, refusant de rejoindre la Premier League malgr\u00e9 l\u2019int\u00e9r\u00eat concret des Wolves. Le Stade Rennais, son club formateur, s\u2019est renseign\u00e9, mais l\u00e0 encore, les exigences de la direction nantaise bloquent toute avanc\u00e9e.<\/p>\n<p>Pour le FC Nantes, la strat\u00e9gie est limpide : conserver son atout offensif num\u00e9ro un, sauf offre impossible \u00e0 refuser. Sous contrat jusqu\u2019en 2028, Abline reste une pi\u00e8ce centrale du projet, m\u00eame si son entourage s\u2019impatiente et que le joueur ne cache plus ses ambitions de franchir un cap. \u00c0 deux semaines de la cl\u00f4ture du mercato, la situation reste explosive. Le dossier Abline pourrait bien se d\u00e9nouer dans les derni\u00e8res heures du mercato, au risque d\u2019un nouveau coup de th\u00e9\u00e2tre.<\/p>\n","protected":false},"excerpt":{"rendered":"Matthis Abline, meilleur buteur du FC Nantes la saison pass\u00e9e (11 r\u00e9alisations toutes comp\u00e9titions confondues), ne rejoindra pas&hellip;\n","protected":false},"author":2,"featured_media":331449,"comment_status":"","ping_status":"","sticky":false,"template":"","format":"standard","meta":{"footnotes":""},"categories":[2818],"tags":[1111,11,448,1777,674,63,1011,27,66,3388,766,12,2636,25,10662],"class_list":{"0":"post-333426","1":"post","2":"type-post","3":"status-publish","4":"format-standard","5":"has-post-thumbnail","7":"category-nantes","8":"tag-actu","9":"tag-actualites","10":"tag-champions-league","11":"tag-eu","12":"tag-europe","13":"tag-football","14":"tag-fr","15":"tag-france","16":"tag-ligue-1","17":"tag-matchs","18":"tag-nantes","19":"tag-news","20":"tag-pays-de-la-loire","21":"tag-republique-francaise","22":"tag-transferts"},"share_on_mastodon":{"url":"https:\/\/pubeurope.com\/@fr\/115065654109417892","error":""},"_links":{"self":[{"href":"https:\/\/www.europesays.com\/fr\/wp-json\/wp\/v2\/posts\/333426","targetHints":{"allow":["GET"]}}],"collection":[{"href":"https:\/\/www.europesays.com\/fr\/wp-json\/wp\/v2\/posts"}],"about":[{"href":"https:\/\/www.europesays.com\/fr\/wp-json\/wp\/v2\/types\/post"}],"author":[{"embeddable":true,"href":"https:\/\/www.europesays.com\/fr\/wp-json\/wp\/v2\/users\/2"}],"replies":[{"embeddable":true,"href":"https:\/\/www.europesays.com\/fr\/wp-json\/wp\/v2\/comments?post=333426"}],"version-history":[{"count":0,"href":"https:\/\/www.europesays.com\/fr\/wp-json\/wp\/v2\/posts\/333426\/revisions"}],"wp:featuredmedia":[{"embeddable":true,"href":"https:\/\/www.europesays.com\/fr\/wp-json\/wp\/v2\/media\/331449"}],"wp:attachment":[{"href":"https:\/\/www.europesays.com\/fr\/wp-json\/wp\/v2\/media?parent=333426"}],"wp:term":[{"taxonomy":"category","embeddable":true,"href":"https:\/\/www.europesays.com\/fr\/wp-json\/wp\/v2\/categories?post=333426"},{"taxonomy":"post_tag","embeddable":true,"href":"https:\/\/www.europesays.com\/fr\/wp-json\/wp\/v2\/tags?post=333426"}],"curies":[{"name":"wp","href":"https:\/\/api.w.org\/{rel}","templated":true}]}}