{"id":333431,"date":"2025-08-21T07:50:09","date_gmt":"2025-08-21T07:50:09","guid":{"rendered":"https:\/\/www.europesays.com\/fr\/333431\/"},"modified":"2025-08-21T07:50:09","modified_gmt":"2025-08-21T07:50:09","slug":"pres-de-toulouse-cette-commune-a-negocie-pour-proposer-des-pieges-a-moustiques-a-des-prix-plus-avantageux","status":"publish","type":"post","link":"https:\/\/www.europesays.com\/fr\/333431\/","title":{"rendered":"Pr\u00e8s de Toulouse, cette commune a n\u00e9goci\u00e9 pour proposer des pi\u00e8ges \u00e0 moustiques \u00e0 des prix plus avantageux"},"content":{"rendered":"<p>            Par<br \/>\n        <strong><br \/>\n            <a href=\"https:\/\/actu.fr\/auteur\/david-saint-sernin\" title=\"Consulter tous les articles de David Saint-Sernin\" rel=\"nofollow noopener\" target=\"_blank\">David Saint-Sernin<\/a><br \/>\n        <\/strong><\/p>\n<p>        Publi\u00e9 le<\/p>\n<p>            21 ao\u00fbt 2025 \u00e0 9h28        <\/p>\n<p><a href=\"https:\/\/actu.fr\/occitanie\/toulouse_31555\/une-operation-de-demoustication-dans-un-quartier-de-toulouse-apres-la-detection-d-un-cas-importe-de-dengue_62914818.html\" rel=\"nofollow noopener\" target=\"_blank\">Les moustiques<\/a> restent tr\u00e8s pr\u00e9sents \u00e0 cette saison dans l\u2019agglom\u00e9ration toulousaine. Et certaines communes proposent \u00e0 leurs habitants des pi\u00e8ges anti-moustiques \u00e0 prix r\u00e9duits. <a href=\"https:\/\/actu.fr\/occitanie\/toulouse_31555\/toulouse-face-au-fleau-que-sont-les-moustiques-des-pieges-a-prix-reduits-voici-comment-en-beneficier_62789229.html\" rel=\"nofollow noopener\" target=\"_blank\">C\u2019est le cas \u00e0 Toulouse<\/a> o\u00f9 la mairie a n\u00e9goci\u00e9 aupr\u00e8s de plusieurs vendeurs afin de pouvoir proposer des promotions sur des\u00a0pi\u00e8ges.<\/p>\n<p>\u00c9quiper les habitants \u00e0 tarif r\u00e9duit<\/p>\n<p class=\" wall-content\">La <a href=\"https:\/\/actu.fr\/occitanie\/balma_31044\" rel=\"nofollow noopener\" target=\"_blank\">commune de Balma<\/a> suit ce chemin. Apr\u00e8s avoir lanc\u00e9 un appel \u00e0 Projet de Partenariat avec mise en concurrence comme elle l\u2019avait d\u00e9j\u00e0 fait pour des syst\u00e8mes d\u2019alarme, la mairie a fait de m\u00eame pour les <strong>pi\u00e8ges \u00e0 moustiques.<\/strong><\/p>\n<p class=\" wall-content\">\u00ab\u2009L\u2019objectif, c\u2019est de proposer aux Balmanais une solution avantageuse pour se fournir en pi\u00e8ges \u00e0 moustiques, \u00e0 prix n\u00e9goci\u00e9s, sans profit pour la collectivit\u00e9. En mutualisant les commandes, nous permettons aux habitants de s\u2019\u00e9quiper \u00e0 tarif r\u00e9duit, tout en renfor\u00e7ant notre action collective contre les moustiques\u2009\u00bb, se f\u00e9licite le maire de la commune <strong>Vincent Terrail-Nov\u00e8s.<\/strong><\/p>\n<p>Offre valable jusqu\u2019\u00e0 d\u00e9cembre\u00a02025<\/p>\n<p class=\" wall-content\">L\u2019offre, r\u00e9serv\u00e9e aux habitants de Balma, est valable jusqu\u2019\u00e0 d\u00e9cembre\u00a02025.<a href=\"https:\/\/www.mairie-balma.fr\/actualites\/pieges-a-moustiques-a-prix-negocies-pour-les-balmanais\/?fbclid=IwY2xjawMToSpleHRuA2FlbQIxMABicmlkETEwVFBhcFRSdklPcGc5ZEFuAR6p6RqAepDqW05odppLq5OQOA6nj7V4RcmdKrHwh2XVyAUM1VHGcG8Q2WGQvg_aem_LpN33wEGy0RIH6EJaLp-sQ\" rel=\"nofollow noopener\" target=\"_blank\"> Elle est disponible sur le site internet de la mairie.<\/a><\/p>\n<p class=\" wall-content\">Outre les actions pr\u00e9ventives traditionnelles comme la suppression des eaux stagnantes, la mise en place traitements pr\u00e9ventifs r\u00e9guliers contre les larves, et des traitements compl\u00e9mentaires cibl\u00e9s pour limiter les moustiques adultes, la Ville de Balma exp\u00e9rimente depuis le mois de mai\u00a02025, quartier Vidailhan, cinq bornes anti-moustiques sans insecticide.<\/p>\n<p>Vid\u00e9os : en ce moment sur Actu<\/p>\n<p class=\" wall-content\">Personnalisez votre actualit\u00e9 en ajoutant vos villes et m\u00e9dias en favori avec <a href=\"https:\/\/moncompte.actu.fr\" title=\"D\u00e9couvez Mon Actu\" rel=\"nofollow noopener\" data-trk=\"{&quot;cta&quot;:{&quot;action&quot;:&quot;https:\\\/\\\/moncompte.actu.fr&quot;,&quot;category&quot;:&quot;mon compte&quot;,&quot;from&quot;:&quot;article footer&quot;,&quot;name&quot;:&quot;Mon actu&quot;,&quot;type&quot;:&quot;cta&quot;}}\" target=\"_blank\">Mon Actu<\/a>.<\/p>\n","protected":false},"excerpt":{"rendered":"Par David Saint-Sernin Publi\u00e9 le 21 ao\u00fbt 2025 \u00e0 9h28 Les moustiques restent tr\u00e8s pr\u00e9sents \u00e0 cette saison&hellip;\n","protected":false},"author":2,"featured_media":333432,"comment_status":"","ping_status":"","sticky":false,"template":"","format":"standard","meta":{"footnotes":""},"categories":[2816],"tags":[1111,11,1777,674,1011,27,12,2680,25,104,2312],"class_list":{"0":"post-333431","1":"post","2":"type-post","3":"status-publish","4":"format-standard","5":"has-post-thumbnail","7":"category-toulouse","8":"tag-actu","9":"tag-actualites","10":"tag-eu","11":"tag-europe","12":"tag-fr","13":"tag-france","14":"tag-news","15":"tag-occitanie","16":"tag-republique-francaise","17":"tag-societe","18":"tag-toulouse"},"share_on_mastodon":{"url":"https:\/\/pubeurope.com\/@fr\/115065665892932203","error":""},"_links":{"self":[{"href":"https:\/\/www.europesays.com\/fr\/wp-json\/wp\/v2\/posts\/333431","targetHints":{"allow":["GET"]}}],"collection":[{"href":"https:\/\/www.europesays.com\/fr\/wp-json\/wp\/v2\/posts"}],"about":[{"href":"https:\/\/www.europesays.com\/fr\/wp-json\/wp\/v2\/types\/post"}],"author":[{"embeddable":true,"href":"https:\/\/www.europesays.com\/fr\/wp-json\/wp\/v2\/users\/2"}],"replies":[{"embeddable":true,"href":"https:\/\/www.europesays.com\/fr\/wp-json\/wp\/v2\/comments?post=333431"}],"version-history":[{"count":0,"href":"https:\/\/www.europesays.com\/fr\/wp-json\/wp\/v2\/posts\/333431\/revisions"}],"wp:featuredmedia":[{"embeddable":true,"href":"https:\/\/www.europesays.com\/fr\/wp-json\/wp\/v2\/media\/333432"}],"wp:attachment":[{"href":"https:\/\/www.europesays.com\/fr\/wp-json\/wp\/v2\/media?parent=333431"}],"wp:term":[{"taxonomy":"category","embeddable":true,"href":"https:\/\/www.europesays.com\/fr\/wp-json\/wp\/v2\/categories?post=333431"},{"taxonomy":"post_tag","embeddable":true,"href":"https:\/\/www.europesays.com\/fr\/wp-json\/wp\/v2\/tags?post=333431"}],"curies":[{"name":"wp","href":"https:\/\/api.w.org\/{rel}","templated":true}]}}