{"id":333436,"date":"2025-08-21T07:53:25","date_gmt":"2025-08-21T07:53:25","guid":{"rendered":"https:\/\/www.europesays.com\/fr\/333436\/"},"modified":"2025-08-21T07:53:25","modified_gmt":"2025-08-21T07:53:25","slug":"l1-j5-le-programme-partiellement-devoile-rc-lens-lille-en-attente","status":"publish","type":"post","link":"https:\/\/www.europesays.com\/fr\/333436\/","title":{"rendered":"[L1-J5] Le programme partiellement d\u00e9voil\u00e9, RC Lens &#8211; Lille en attente"},"content":{"rendered":"<p data-start=\"104\" data-end=\"252\"><strong>La Ligue de Football Professionnel (LFP) a d\u00e9voil\u00e9 le programme de la 5\u1d49 journ\u00e9e de Ligue<\/strong> 1, qui aura lieu le week-end des 19, 20 et 21 septembre.<\/p>\n<p data-start=\"254\" data-end=\"515\">Toutefois, <strong>ce programme n\u2019est pas complet<\/strong>, puisque, comme pour la 4\u1d49 journ\u00e9e, la LFP est dans l\u2019attente de la programmation de la phase de groupes de la Ligue des Champions, pr\u00e9vue le lundi 1er septembre. En attendant, seules trois affiches ont \u00e9t\u00e9 d\u00e9voil\u00e9es.<\/p>\n<p data-start=\"517\" data-end=\"635\">Pour rappel, lors de cette 5\u1d49 journ\u00e9e, ce sera le derby du Nord. En effet,<strong> le Racing Club de Lens accueillera Lille<\/strong>.<\/p>\n<p data-start=\"517\" data-end=\"635\"><img loading=\"lazy\" decoding=\"async\" class=\"alignnone size-medium wp-image-261644 lazyload\" alt=\"lens lille 26102024\" width=\"600\" height=\"400\" src=\"https:\/\/www.europesays.com\/fr\/wp-content\/uploads\/2025\/08\/lens-lille-26102024-600x400.jpg\" data-eio-rwidth=\"600\" data-eio-rheight=\"400\"\/><\/p>\n<p>Le programme de la 5e journ\u00e9e de Ligue 1 :<\/p>\n<p><strong>Dimanche 21 septembre 2025 \u00e0 17h15 sur Ligue 1+<\/strong><br \/>Le Havre \u2013 Lorient<br \/>Auxerre \u2013 Toulouse<\/p>\n<p><strong>Dimanche 21 septembre 2025 \u00e0 20h45 sur Ligue 1+<\/strong><br \/>Marseille \u2013 Paris SG<\/p>\n<p><strong>Les matchs en attente :<\/strong><br \/>Lyon \u2013 Angers<br \/>Monaco \u2013 Metz<br \/>Nantes \u2013 Rennes<br \/>Brest \u2013 Nice<br \/>Paris FC \u2013 Strasbourg<br \/>RC Lens \u2013 Lille<\/p>\n","protected":false},"excerpt":{"rendered":"La Ligue de Football Professionnel (LFP) a d\u00e9voil\u00e9 le programme de la 5\u1d49 journ\u00e9e de Ligue 1, qui&hellip;\n","protected":false},"author":2,"featured_media":333437,"comment_status":"","ping_status":"","sticky":false,"template":"","format":"standard","meta":{"footnotes":""},"categories":[2815],"tags":[1111,11,1777,674,1011,27,811,1307,12,25],"class_list":{"0":"post-333436","1":"post","2":"type-post","3":"status-publish","4":"format-standard","5":"has-post-thumbnail","7":"category-lille","8":"tag-actu","9":"tag-actualites","10":"tag-eu","11":"tag-europe","12":"tag-fr","13":"tag-france","14":"tag-hauts-de-france","15":"tag-lille","16":"tag-news","17":"tag-republique-francaise"},"share_on_mastodon":{"url":"https:\/\/pubeurope.com\/@fr\/115065677649217067","error":""},"_links":{"self":[{"href":"https:\/\/www.europesays.com\/fr\/wp-json\/wp\/v2\/posts\/333436","targetHints":{"allow":["GET"]}}],"collection":[{"href":"https:\/\/www.europesays.com\/fr\/wp-json\/wp\/v2\/posts"}],"about":[{"href":"https:\/\/www.europesays.com\/fr\/wp-json\/wp\/v2\/types\/post"}],"author":[{"embeddable":true,"href":"https:\/\/www.europesays.com\/fr\/wp-json\/wp\/v2\/users\/2"}],"replies":[{"embeddable":true,"href":"https:\/\/www.europesays.com\/fr\/wp-json\/wp\/v2\/comments?post=333436"}],"version-history":[{"count":0,"href":"https:\/\/www.europesays.com\/fr\/wp-json\/wp\/v2\/posts\/333436\/revisions"}],"wp:featuredmedia":[{"embeddable":true,"href":"https:\/\/www.europesays.com\/fr\/wp-json\/wp\/v2\/media\/333437"}],"wp:attachment":[{"href":"https:\/\/www.europesays.com\/fr\/wp-json\/wp\/v2\/media?parent=333436"}],"wp:term":[{"taxonomy":"category","embeddable":true,"href":"https:\/\/www.europesays.com\/fr\/wp-json\/wp\/v2\/categories?post=333436"},{"taxonomy":"post_tag","embeddable":true,"href":"https:\/\/www.europesays.com\/fr\/wp-json\/wp\/v2\/tags?post=333436"}],"curies":[{"name":"wp","href":"https:\/\/api.w.org\/{rel}","templated":true}]}}