{"id":333438,"date":"2025-08-21T07:54:08","date_gmt":"2025-08-21T07:54:08","guid":{"rendered":"https:\/\/www.europesays.com\/fr\/333438\/"},"modified":"2025-08-21T07:54:08","modified_gmt":"2025-08-21T07:54:08","slug":"animations-et-ateliers-gratuits-pour-les-enfants-au-musee-borely","status":"publish","type":"post","link":"https:\/\/www.europesays.com\/fr\/333438\/","title":{"rendered":"Animations et ateliers gratuits pour les enfants au Mus\u00e9e Bor\u00e9ly"},"content":{"rendered":"\n<p>Le Mus\u00e9e des arts d\u00e9coratifs, de la fa\u00efence et de la mode, au ch\u00e2teau Bor\u00e9ly (8e), offre tout l\u2019\u00e9t\u00e9 de nombreuses animations et ateliers gratuits pour ravir les plus jeunes. Certaines de ces visites anim\u00e9es sont hebdomadaires et d\u2019autres plus ponctuelles. Toutes sont \u00e0 r\u00e9server \u00e0 l\u2019avance. \u00ab\u00a0On a essay\u00e9 d\u2019\u00e9laborer une programmation pour permettre \u00e0 chacun de s\u2019approprier l\u2019exposition et les collections permanentes\u00a0\u00bb, affirme Caroline Baujard, attach\u00e9e principale de conservation et adjointe \u00e0 la directrice.<\/p>\n<p>Les animations sont con\u00e7ues pour plusieurs cat\u00e9gories d\u2019\u00e2ge, allant de 4\u00a0ans \u00e0 14\u00a0ans et permettent aux familles de partager ensemble un moment ludique au mus\u00e9e. \u00ab\u00a0On a pas mal de grands-parents qui re\u00e7oivent leurs petits-enfants et qui cherchent des activit\u00e9s \u00e0 leur faire faire\u00a0\u00bb, explique-t-elle. En lien avec l\u2019exposition \u00ab\u00a0Infiniment Bleu\u00a0\u00bb, le mus\u00e9e Bourely propose tous les jeudis Azul, un atelier \u00e0 destination des 8-12 ans pour plonger, de mani\u00e8re ludique, dans les techniques des c\u00e9ramistes du XVIIIe\u00a0si\u00e8cle. \u00ab\u00a0\u00c0 l\u2019aide de calques, ils retrouvent le geste des c\u00e9ramistes et composent un d\u00e9cor bleu sur un carreau de c\u00e9ramique et repartent avec \u00e0 la maison\u00a0\u00bb, d\u00e9taille Caroline Baujard. Cette activit\u00e9 manuelle et d\u2019autres ont lieu dans un espace d\u00e9di\u00e9, au sein d\u2019une d\u00e9pendance du ch\u00e2teau.<\/p>\n<p>Jeu de l\u2019oie g\u00e9ant<\/p>\n<p>Deux autres animations, \u00ab\u00a0Les Olympiades d\u2019Apollon\u00a0\u00bb et \u00ab\u00a0Les routes de l\u2019exotisme\u00a0\u00bb permettent aux enfants de se cultiver tout en s\u2019amusant sur un plateau de jeu de l\u2019oie g\u00e9ant. \u00ab\u00a0Chaque case renvoie \u00e0 une salle pr\u00e9cise et les enfants s\u2019y d\u00e9placent, trouvent la r\u00e9ponse et reviennent aupr\u00e8s du m\u00e9diateur pour la lui donner\u00a0\u00bb, raconte la responsable. Les activit\u00e9s propos\u00e9es par le mus\u00e9e Bor\u00e9ly sont encadr\u00e9es par des guides ayant contribu\u00e9 \u00e0 leur conception. \u00ab\u00a0Ils savent bien adapter leurs discours aux diff\u00e9rentes tranches d\u2019\u00e2ge\u00a0\u00bb, assure l\u2019attach\u00e9e. Visites anim\u00e9es et ateliers ludiques sont disponibles toute l\u2019ann\u00e9e au mus\u00e9e, au prix de 4\u20ac, \u00ab\u00a0mais pendant tout l\u2019\u00e9t\u00e9 marseillais, elles sont enti\u00e8rement gratuites\u00a0\u00bb, se r\u00e9jouit Caroline Baujard.<\/p>\n","protected":false},"excerpt":{"rendered":"Le Mus\u00e9e des arts d\u00e9coratifs, de la fa\u00efence et de la mode, au ch\u00e2teau Bor\u00e9ly (8e), offre tout&hellip;\n","protected":false},"author":2,"featured_media":333439,"comment_status":"","ping_status":"","sticky":false,"template":"","format":"standard","meta":{"footnotes":""},"categories":[2814],"tags":[1111,11,1777,674,1011,27,37867,884,12,882,25],"class_list":{"0":"post-333438","1":"post","2":"type-post","3":"status-publish","4":"format-standard","5":"has-post-thumbnail","7":"category-marseille","8":"tag-actu","9":"tag-actualites","10":"tag-eu","11":"tag-europe","12":"tag-fr","13":"tag-france","14":"tag-lilia-fernandez","15":"tag-marseille","16":"tag-news","17":"tag-provence-alpes-cote-dazur","18":"tag-republique-francaise"},"share_on_mastodon":{"url":"https:\/\/pubeurope.com\/@fr\/115065681714226806","error":""},"_links":{"self":[{"href":"https:\/\/www.europesays.com\/fr\/wp-json\/wp\/v2\/posts\/333438","targetHints":{"allow":["GET"]}}],"collection":[{"href":"https:\/\/www.europesays.com\/fr\/wp-json\/wp\/v2\/posts"}],"about":[{"href":"https:\/\/www.europesays.com\/fr\/wp-json\/wp\/v2\/types\/post"}],"author":[{"embeddable":true,"href":"https:\/\/www.europesays.com\/fr\/wp-json\/wp\/v2\/users\/2"}],"replies":[{"embeddable":true,"href":"https:\/\/www.europesays.com\/fr\/wp-json\/wp\/v2\/comments?post=333438"}],"version-history":[{"count":0,"href":"https:\/\/www.europesays.com\/fr\/wp-json\/wp\/v2\/posts\/333438\/revisions"}],"wp:featuredmedia":[{"embeddable":true,"href":"https:\/\/www.europesays.com\/fr\/wp-json\/wp\/v2\/media\/333439"}],"wp:attachment":[{"href":"https:\/\/www.europesays.com\/fr\/wp-json\/wp\/v2\/media?parent=333438"}],"wp:term":[{"taxonomy":"category","embeddable":true,"href":"https:\/\/www.europesays.com\/fr\/wp-json\/wp\/v2\/categories?post=333438"},{"taxonomy":"post_tag","embeddable":true,"href":"https:\/\/www.europesays.com\/fr\/wp-json\/wp\/v2\/tags?post=333438"}],"curies":[{"name":"wp","href":"https:\/\/api.w.org\/{rel}","templated":true}]}}