{"id":333443,"date":"2025-08-21T07:57:09","date_gmt":"2025-08-21T07:57:09","guid":{"rendered":"https:\/\/www.europesays.com\/fr\/333443\/"},"modified":"2025-08-21T07:57:09","modified_gmt":"2025-08-21T07:57:09","slug":"pres-de-lyon-de-violents-orages-provoquent-des-inondations-dans-ces-communes-du-rhone","status":"publish","type":"post","link":"https:\/\/www.europesays.com\/fr\/333443\/","title":{"rendered":"Pr\u00e8s de Lyon. De violents orages provoquent des inondations dans ces communes du Rh\u00f4ne"},"content":{"rendered":"<p>            Par<br \/>\n        <strong><br \/>\n            <a href=\"https:\/\/actu.fr\/auteur\/emma-ressegaire\" title=\"Consulter tous les articles de Emma Ressegaire\" target=\"_blank\" rel=\"noopener\">Emma Ressegaire<\/a><br \/>\n        <\/strong><\/p>\n<p>        Publi\u00e9 le<\/p>\n<p>            21 ao\u00fbt 2025 \u00e0 9h34        <\/p>\n<p>Le ciel noir qui recouvrait<a href=\"https:\/\/actu.fr\/lyon\/\" target=\"_blank\" rel=\"noopener\"> Lyon,<\/a> ce mercredi 20 ao\u00fbt, annon\u00e7ait la couleur.<\/p>\n<p class=\" wall-content\"><strong>Des trombes d\u2019eau<\/strong> sont tomb\u00e9es dans le d\u00e9partement du Rh\u00f4ne. Durant l\u2019apr\u00e8s-midi, comme annonc\u00e9s par les pr\u00e9visions m\u00e9t\u00e9orologiques, de <strong>violents orages accompagn\u00e9s de fortes pluies<\/strong> se sont abattus dans le d\u00e9partement.\u00a0<\/p>\n<p>Inondations dans plusieurs communes<\/p>\n<p class=\" wall-content\">Certaines communes ont \u00e9t\u00e9 touch\u00e9es plus que d\u2019autres. \u00ab\u00a0Les orages ont \u00e9t\u00e9 bien actifs cet apr\u00e8s-midi, notamment sur le sud-est du d\u00e9partement du Rh\u00f4ne et sur le nord-Is\u00e8re o\u00f9 il est tomb\u00e9 <strong>30 \u00e0 50 mm de pluie en moins d\u2019une heure<\/strong>\u00ab\u00a0, indique <a href=\"https:\/\/www.lyonmeteo.com\/\" target=\"_blank\" rel=\"noopener\">Lyon M\u00e9t\u00e9o<\/a> dans une publication post\u00e9e sur Facebook.\u00a0<\/p>\n<p class=\" wall-content\">De nombreuses<strong> inondations et ruissellements<\/strong> ont \u00e9t\u00e9 recens\u00e9s comme \u00e0 Mions, \u00e0 Colombier-Saugnieu, Saint-Bonnet-de-Mure, Saint-Priest ou encore \u00e0 Saint-Pierre-de-Chandieu.<\/p>\n<p class=\" wall-content\">\n<p>    <a href=\"https:\/\/www.facebook.com\/plugins\/video.php?height=476&amp;href=https%3A%2F%2Fwww.facebook.com%2Flyonmeteo%2Fvideos%2F1436994660898675%2F&amp;show_text=false&amp;width=350&amp;t=0\" title=\"Ouvrie le lien\" target=\"_blank\" rel=\"noopener\">Cliquez ici pour visualiser le contenu<\/a><\/p>\n<p class=\" wall-content\">Un tuba a \u00e9galement \u00e9t\u00e9 observ\u00e9 sous une averse orageuse \u00e0 proximit\u00e9 de Marcy-sur-Anse. Une image plut\u00f4t rare dans le Rh\u00f4ne.<\/p>\n<p class=\" wall-content\">\n<p>Une baisse des temp\u00e9ratures<\/p>\n<p class=\" wall-content\">Ces pr\u00e9cipitations orageuses ont fait <strong>baisser fortement les temp\u00e9ratures<\/strong>.\u00a0Alors qu\u2019il faisait pr\u00e8s de 40 \u00b0C dans le d\u00e9partement du Rh\u00f4ne, la semaine derni\u00e8re, il n\u2019est pr\u00e9vu plus que <strong>21 \u00b0C<\/strong> d\u00e9sormais cette apr\u00e8s-midi.\u00a0<\/p>\n<p>Votre r\u00e9gion, votre actu !<\/p>\n<p>Recevez chaque jour les infos qui comptent pour vous.<\/p>\n<p>\t<a href=\"https:\/\/actu.fr\/newsletter\" class=\"ac-btn ac-btn--corner ac-btn--medium ac-btn--blue800\" target=\"_blank\" rel=\"noopener\">S&rsquo;incrire<\/a><\/p>\n<p class=\" wall-content\">Une chute drastique du mercure apr\u00e8s <a href=\"https:\/\/actu.fr\/meteo\/canicule-le-rhone-depasse-un-triste-record-et-bat-tous-les-departements-de-france_63038581.html\" target=\"_blank\" rel=\"noopener\">une canicule<\/a> qui en a fait suffoquer plus d\u2019un.\u00a0<\/p>\n<p class=\" wall-content\">Le <a href=\"https:\/\/actu.fr\/auvergne-rhone-alpes\/lyon_69123\/lyon-un-ciel-noir-des-orages-eclatent-la-meteo-va-radicalement-changer-en-48h_63057807.html\" target=\"_blank\" rel=\"noopener\">retour du soleil<\/a> est annonc\u00e9 pour la journ\u00e9e du vendredi 22 ao\u00fbt par M\u00e9t\u00e9o-France mais cette fois-ci sans une chaleur \u00e9touffante.<\/p>\n<p class=\" wall-content\">Personnalisez votre actualit\u00e9 en ajoutant vos villes et m\u00e9dias en favori avec <a href=\"https:\/\/moncompte.actu.fr\" title=\"D\u00e9couvez Mon Actu\" rel=\"nofollow noopener\" data-trk=\"{&quot;cta&quot;:{&quot;action&quot;:&quot;https:\\\/\\\/moncompte.actu.fr&quot;,&quot;category&quot;:&quot;mon compte&quot;,&quot;from&quot;:&quot;article footer&quot;,&quot;name&quot;:&quot;Mon actu&quot;,&quot;type&quot;:&quot;cta&quot;}}\" target=\"_blank\">Mon Actu<\/a>.<\/p>\n","protected":false},"excerpt":{"rendered":"Par Emma Ressegaire Publi\u00e9 le 21 ao\u00fbt 2025 \u00e0 9h34 Le ciel noir qui recouvrait Lyon, ce mercredi&hellip;\n","protected":false},"author":2,"featured_media":333444,"comment_status":"","ping_status":"","sticky":false,"template":"","format":"standard","meta":{"footnotes":""},"categories":[1889],"tags":[1111,11,2430,1777,674,1011,27,2428,2487,12,4594,4459,25],"class_list":{"0":"post-333443","1":"post","2":"type-post","3":"status-publish","4":"format-standard","5":"has-post-thumbnail","7":"category-lyon","8":"tag-actu","9":"tag-actualites","10":"tag-auvergne-rhone-alpes","11":"tag-eu","12":"tag-europe","13":"tag-fr","14":"tag-france","15":"tag-lyon","16":"tag-meteo","17":"tag-news","18":"tag-orages","19":"tag-pluie","20":"tag-republique-francaise"},"share_on_mastodon":{"url":"https:\/\/pubeurope.com\/@fr\/115065693410831832","error":""},"_links":{"self":[{"href":"https:\/\/www.europesays.com\/fr\/wp-json\/wp\/v2\/posts\/333443","targetHints":{"allow":["GET"]}}],"collection":[{"href":"https:\/\/www.europesays.com\/fr\/wp-json\/wp\/v2\/posts"}],"about":[{"href":"https:\/\/www.europesays.com\/fr\/wp-json\/wp\/v2\/types\/post"}],"author":[{"embeddable":true,"href":"https:\/\/www.europesays.com\/fr\/wp-json\/wp\/v2\/users\/2"}],"replies":[{"embeddable":true,"href":"https:\/\/www.europesays.com\/fr\/wp-json\/wp\/v2\/comments?post=333443"}],"version-history":[{"count":0,"href":"https:\/\/www.europesays.com\/fr\/wp-json\/wp\/v2\/posts\/333443\/revisions"}],"wp:featuredmedia":[{"embeddable":true,"href":"https:\/\/www.europesays.com\/fr\/wp-json\/wp\/v2\/media\/333444"}],"wp:attachment":[{"href":"https:\/\/www.europesays.com\/fr\/wp-json\/wp\/v2\/media?parent=333443"}],"wp:term":[{"taxonomy":"category","embeddable":true,"href":"https:\/\/www.europesays.com\/fr\/wp-json\/wp\/v2\/categories?post=333443"},{"taxonomy":"post_tag","embeddable":true,"href":"https:\/\/www.europesays.com\/fr\/wp-json\/wp\/v2\/tags?post=333443"}],"curies":[{"name":"wp","href":"https:\/\/api.w.org\/{rel}","templated":true}]}}