{"id":333449,"date":"2025-08-21T08:00:13","date_gmt":"2025-08-21T08:00:13","guid":{"rendered":"https:\/\/www.europesays.com\/fr\/333449\/"},"modified":"2025-08-21T08:00:13","modified_gmt":"2025-08-21T08:00:13","slug":"couple-decede-circulation-coupee-gros-dispositif-de-secours-le-point-sur-leboulement-mortel-en-haute-savoie","status":"publish","type":"post","link":"https:\/\/www.europesays.com\/fr\/333449\/","title":{"rendered":"Couple d\u00e9c\u00e9d\u00e9, circulation coup\u00e9e, \u00ab\u00a0gros dispositif\u00a0\u00bb de secours\u2026 Le point sur l&rsquo;\u00e9boulement mortel en Haute-Savoie"},"content":{"rendered":"<p class=\"article__intro\">Un \u00e9boulement s\u2019est produit ce mercredi 20 ao\u00fbt en fin de journ\u00e9e sur la RN 205, \u00e0 hauteur de la descente des \u00c9gratz, pr\u00e8s de Passy (Haute-Savoie). Un bloc de roche a percut\u00e9 une voiture occup\u00e9e par quatre personnes. Deux jeunes adultes sont morts.<\/p>\n<p>\n      L\u2019actu des r\u00e9gions\n    <\/p>\n<p>\n      Chaque jour, un tour d\u2019horizon des principales infos de toutes les r\u00e9gions.\n    <\/p>\n<p>    France T\u00e9l\u00e9visions utilise votre adresse e-mail afin de vous envoyer la newsletter \u00ab\u00a0L\u2019actu des r\u00e9gions\u00a0\u00bb. Vous pouvez vous d\u00e9sinscrire \u00e0 tout moment via le lien en bas de cette newsletter. <a target=\"_blank\" href=\"https:\/\/www.francetelevisions.fr\/groupe\/confidentialite\/politique-de-confidentialite\/politique-de-confidentialite-de-france-televisions-6503\" rel=\"nofollow noopener\">Notre politique de confidentialit\u00e9<\/a><\/p>\n<p data-start=\"506\" data-end=\"807\">L\u2019accident est dramatique. Ce mercredi 20 ao\u00fbt, un bloc de pierre s\u2019est d\u00e9tach\u00e9 sur la descente des \u00c9gratz \u00e0 Passy, en Haute-Savoie.<\/p>\n<p data-start=\"506\" data-end=\"807\">La roche a heurt\u00e9 un v\u00e9hicule dans lequel se trouvaient quatre personnes. Les passagers assis \u00e0 l\u2019arri\u00e8re, deux jeunes adultes, sont morts.<\/p>\n<\/p>\n<p data-start=\"842\" data-end=\"1145\">Les faits se sont d\u00e9roul\u00e9s vers 18 heures, sur la route nationale 205 \u00ab\u00a0dans le sens descendant de Chamonix-Passy\u00a0\u00bb, pr\u00e9cise la pr\u00e9fecture de Haute-Savoie dans un communiqu\u00e9.<\/p>\n<blockquote class=\"twitter-tweet\">\n<p dir=\"ltr\" lang=\"fr\">\u00c9volution de la situation suite \u00e0 l&rsquo;accident caus\u00e9 par la chute de blocs sur la commune de Passy. Consultez le communiqu\u00e9 de presse ci-apr\u00e8s <a href=\"https:\/\/t.co\/sQWjIiBb0N\" rel=\"nofollow\">pic.twitter.com\/sQWjIiBb0N<\/a><\/p>\n<p>\u2014 Pr\u00e9f\u00e8te de la Haute-Savoie (@Prefet74) <a href=\"https:\/\/twitter.com\/Prefet74\/status\/1958251691561926899?ref_src=twsrc%5Etfw\" rel=\"nofollow noopener\" target=\"_blank\">August 20, 2025<\/a><\/p><\/blockquote>\n<p><br data-start=\"1003\" data-end=\"1006\"\/>Face \u00e0 l&rsquo;ampleur de l&rsquo;accident, un centre op\u00e9rationnel d\u00e9partemental (COD) a \u00e9t\u00e9 activ\u00e9 pour coordonner les op\u00e9rations de secours et de s\u00e9curisation. Il s&rsquo;agit d&rsquo;un outil de gestion de crise \u00e0 disposition du pr\u00e9fet qui l&rsquo;active quand un \u00e9v\u00e9nement majeur a lieu dans son d\u00e9partement.<\/p>\n<blockquote class=\"twitter-tweet\">\n<p dir=\"ltr\" lang=\"fr\">Suite \u00e0 une chute de pierres sur la RN205 dans le sens Chamonix-Passy, un centre op\u00e9rationnel d\u00e9partemental a \u00e9t\u00e9 activ\u00e9 en pr\u00e9fecture afin de coordonner les op\u00e9rations de secours et de s\u00e9curisation. <a href=\"https:\/\/t.co\/U7VHRCM4Uh\" rel=\"nofollow\">pic.twitter.com\/U7VHRCM4Uh<\/a><\/p>\n<p>\u2014 Pr\u00e9f\u00e8te de la Haute-Savoie (@Prefet74) <a href=\"https:\/\/twitter.com\/Prefet74\/status\/1958223383562166686?ref_src=twsrc%5Etfw\" rel=\"nofollow noopener\" target=\"_blank\">August 20, 2025<\/a><\/p><\/blockquote>\n<p>Contact\u00e9 par France 3 Alpes, le SDIS 74 indique qu\u2019environ 50 sapeurs-pompiers ont \u00e9t\u00e9 mobilis\u00e9s. \u00ab\u00a0Un gros dispositif\u00a0\u00bb, insiste-t-on.<\/p>\n<p data-start=\"1180\" data-end=\"1567\">Une voiture a \u00e9t\u00e9 tragiquement heurt\u00e9e par le bloc rocheux. Le conducteur et la passag\u00e8re avant du v\u00e9hicule, tous deux \u00e2g\u00e9s de 54 ans, ont \u00e9t\u00e9 bless\u00e9s et transport\u00e9s dans les h\u00f4pitaux d\u2019Annecy et de Sallanches, rapporte le procureur de Bonneville, Boris Duffau, dans un communiqu\u00e9.<\/p>\n<p data-start=\"1180\" data-end=\"1567\">Les deux passagers arri\u00e8re, un homme et une femme n\u00e9s en 2002, sont d\u00e9c\u00e9d\u00e9s. Il s\u2019agissait du fils du couple bless\u00e9 et de sa petite amie.<\/p>\n<p data-start=\"1569\" data-end=\"1872\">La famille, originaire d\u2019Oisemont (Somme), \u00e9tait en vacances \u00e0 Combloux, en Haute-Savoie. Elle revenait d\u2019une visite au parc animalier de Merlet, aux Houches.<\/p>\n<p data-start=\"1569\" data-end=\"1872\">Une enqu\u00eate en recherche des causes de la mort a \u00e9t\u00e9 ouverte par le parquet de Bonneville et confi\u00e9e \u00e0 la brigade de recherches de Chamonix.<\/p>\n<p data-start=\"1907\" data-end=\"2372\">L\u2019\u00e9boulement a entra\u00een\u00e9 une coupure de la RN 205, axe majeur entre l\u2019autoroute A40, Chamonix et le tunnel du Mont-Blanc.<\/p>\n<p>    dur\u00e9e de la vid\u00e9o : 00h00mn17s<\/p>\n<p>        <img decoding=\"async\" width=\"640\" height=\"426\" class=\"article-image not-lazy\" src=\"https:\/\/www.europesays.com\/fr\/wp-content\/uploads\/2025\/08\/4779022e-1a3a-48d2-8ba0-6eec0f438309.jpg\" alt=\"\" fetchpriority=\"high\"\/><\/p>\n<p>\n          Les bouchons ont se sont \u00e9tal\u00e9s pendant pr\u00e8s d&rsquo;une heure et demie.<\/p>\n<p>        \u2022<\/p>\n<p>              \u00a9Donovan\n      <\/p>\n<p data-start=\"1907\" data-end=\"2372\">\u00ab\u00a0Les gendarmes nous ont dit de remonter dans le sens inverse du milieu du bouchon vers 19h20, afin de rejoindre la sortie sur Servoz. On a vu au moins une vingtaine-trentaine v\u00e9hicules d&rsquo;urgence passer dans le milieu et l&rsquo;h\u00e9licopt\u00e8re qui est arriv\u00e9 assez rapidement\u00a0\u00bb, raconte Donovan, un automobiliste contact\u00e9 sur Facebook. Il est rest\u00e9 pendant pr\u00e8s d&rsquo;une heure et demie dans les bouchons.<\/p>\n<p data-start=\"1907\" data-end=\"2372\">Vers 22 h 40, la pr\u00e9fecture a annonc\u00e9 la r\u00e9ouverture de la circulation entre Chamonix et Passy via le viaduc des \u00c9gratz, am\u00e9nag\u00e9 en cons\u00e9quence.<\/p>\n<blockquote class=\"twitter-tweet\">\n<p dir=\"ltr\" lang=\"fr\">Suite \u00e0 l&rsquo;accident sur la commune de Passy, la circulation est rouverte dans les 2 sens sur la RN 205 entre Chamonix et Passy via le viaduc des Egratz. La travers\u00e9e du tunnel du Mont blanc est de nouveau possible depuis 22h30 pour les poids lourds en provenance d&rsquo;Italie.<\/p>\n<p>\u2014 Pr\u00e9f\u00e8te de la Haute-Savoie (@Prefet74) <a href=\"https:\/\/twitter.com\/Prefet74\/status\/1958268106494648597?ref_src=twsrc%5Etfw\" rel=\"nofollow noopener\" target=\"_blank\">August 20, 2025<\/a><\/p><\/blockquote>\n<p data-start=\"1907\" data-end=\"2372\">La travers\u00e9e du tunnel du Mont-Blanc est \u00e9galement redevenue possible d\u00e8s 22 h 30 pour les poids lourds en provenance d\u2019Italie. Les voies restent toutefois ferm\u00e9es sur la zone de l\u2019accident.<\/p>\n<p data-start=\"2394\" data-end=\"2925\">Ce tragique accident a suscit\u00e9 une vive \u00e9motion. Sur X, le ministre des Transports Philippe Tabarot parle ainsi \u00ab\u00a0drame\u00a0\u00bb. Tout comme le pr\u00e9sident du d\u00e9partement de Haute-Savoie, Martial Saddier, qui a \u00e9voqu\u00e9 le caract\u00e8re \u00ab\u00a0dramatique\u00a0\u00bb de l\u2019\u00e9boulement sur France Info, ce jeudi 21 ao\u00fbt.<\/p>\n<blockquote class=\"twitter-tweet\">\n<p dir=\"ltr\" lang=\"fr\">Un terrible drame s\u2019est produit en fin de journ\u00e9e sur la Route Blanche dans la vall\u00e9e de l\u2019Arve, en Haute-Savoie. <br \/>Un bloc rocheux s\u2019est d\u00e9tach\u00e9 de la paroi et a percut\u00e9 un v\u00e9hicule qui circulait dans la descente des Egratz, sur la commune de Passy. <br \/>Deux victimes sont \u00e0\u2026<\/p>\n<p>\u2014 Philippe Tabarot (@PhilippeTabarot) <a href=\"https:\/\/twitter.com\/PhilippeTabarot\/status\/1958259559899771114?ref_src=twsrc%5Etfw\" rel=\"nofollow noopener\" target=\"_blank\">August 20, 2025<\/a><\/p><\/blockquote>\n<p data-start=\"2394\" data-end=\"2925\"><br data-start=\"2674\" data-end=\"2677\"\/>Sur les r\u00e9seaux sociaux, certains expriment aussi leur inqui\u00e9tude face \u00e0 un risque de r\u00e9cidive. \u00ab\u00a0La zone de d\u00e9part de la chute des blocs reste encore instable\u00a0\u00bb, pr\u00e9vient notamment l\u2019association R\u00e9silience Montagne dans un message publi\u00e9 sur Facebook.<\/p>\n<p>  <script async src=\"https:\/\/platform.twitter.com\/widgets.js\" charset=\"utf-8\"><\/script><\/p>\n","protected":false},"excerpt":{"rendered":"Un \u00e9boulement s\u2019est produit ce mercredi 20 ao\u00fbt en fin de journ\u00e9e sur la RN 205, \u00e0 hauteur&hellip;\n","protected":false},"author":2,"featured_media":333450,"comment_status":"","ping_status":"","sticky":false,"template":"","format":"standard","meta":{"footnotes":""},"categories":[1888],"tags":[1111,1928,11,1927,1777,674,1011,27,12,1926,626,1925,25],"class_list":{"0":"post-333449","1":"post","2":"type-post","3":"status-publish","4":"format-standard","5":"has-post-thumbnail","7":"category-paris","8":"tag-actu","9":"tag-actu-paris","10":"tag-actualites","11":"tag-actualites-paris","12":"tag-eu","13":"tag-europe","14":"tag-fr","15":"tag-france","16":"tag-news","17":"tag-news-paris","18":"tag-paris","19":"tag-paris-news","20":"tag-republique-francaise"},"share_on_mastodon":{"url":"https:\/\/pubeurope.com\/@fr\/115065705292429050","error":""},"_links":{"self":[{"href":"https:\/\/www.europesays.com\/fr\/wp-json\/wp\/v2\/posts\/333449","targetHints":{"allow":["GET"]}}],"collection":[{"href":"https:\/\/www.europesays.com\/fr\/wp-json\/wp\/v2\/posts"}],"about":[{"href":"https:\/\/www.europesays.com\/fr\/wp-json\/wp\/v2\/types\/post"}],"author":[{"embeddable":true,"href":"https:\/\/www.europesays.com\/fr\/wp-json\/wp\/v2\/users\/2"}],"replies":[{"embeddable":true,"href":"https:\/\/www.europesays.com\/fr\/wp-json\/wp\/v2\/comments?post=333449"}],"version-history":[{"count":0,"href":"https:\/\/www.europesays.com\/fr\/wp-json\/wp\/v2\/posts\/333449\/revisions"}],"wp:featuredmedia":[{"embeddable":true,"href":"https:\/\/www.europesays.com\/fr\/wp-json\/wp\/v2\/media\/333450"}],"wp:attachment":[{"href":"https:\/\/www.europesays.com\/fr\/wp-json\/wp\/v2\/media?parent=333449"}],"wp:term":[{"taxonomy":"category","embeddable":true,"href":"https:\/\/www.europesays.com\/fr\/wp-json\/wp\/v2\/categories?post=333449"},{"taxonomy":"post_tag","embeddable":true,"href":"https:\/\/www.europesays.com\/fr\/wp-json\/wp\/v2\/tags?post=333449"}],"curies":[{"name":"wp","href":"https:\/\/api.w.org\/{rel}","templated":true}]}}