{"id":333453,"date":"2025-08-21T08:02:09","date_gmt":"2025-08-21T08:02:09","guid":{"rendered":"https:\/\/www.europesays.com\/fr\/333453\/"},"modified":"2025-08-21T08:02:09","modified_gmt":"2025-08-21T08:02:09","slug":"lhopital-de-montreuil-sort-du-silence-et-assure-partager-lemotion-des-familles","status":"publish","type":"post","link":"https:\/\/www.europesays.com\/fr\/333453\/","title":{"rendered":"l&rsquo;h\u00f4pital de Montreuil sort du silence et assure \u00ab\u00a0partager l&rsquo;\u00e9motion des familles\u00a0\u00bb"},"content":{"rendered":"<p>Une infirmi\u00e8re de l&rsquo;h\u00f4pital de Montreuil a \u00e9t\u00e9 mise en examen le 2 ao\u00fbt dernier pour agressions sexuelles sur mineurs et captation d&rsquo;images \u00e0 caract\u00e8re p\u00e9dopornographique. L&rsquo;h\u00f4pital Andr\u00e9 Gr\u00e9goire<\/p>\n<p>Le groupement dont d\u00e9pend l&rsquo;h\u00f4pital de Montreuil a assur\u00e9 ce mercredi 21 ao\u00fbt \u00ab\u00a0partager l&rsquo;\u00e9motion des familles\u00a0\u00bb et en avoir re\u00e7u \u00ab\u00a0onze\u00a0\u00bb, apr\u00e8s les \u00ab\u00a0<a href=\"https:\/\/www.bfmtv.com\/police-justice\/agressions-sexuelles-sur-des-nourrissons-a-montreuil-l-infirmiere-reste-sous-controle-judiciaire_AD-202508140526.html\" title=\"Agressions sexuelles sur des nourrissons \u00e0 Montreuil: l&#039;infirmi\u00e8re reste sous contr\u00f4le judiciaire\" class=\"internal_link\" rel=\"nofollow noopener\" target=\"_blank\">faits d&rsquo;agressions sexuelles exceptionnellement graves<\/a>\u00a0\u00bb commis sur deux b\u00e9b\u00e9s dans cet \u00e9tablissement entre d\u00e9cembre 2024 et janvier 2025.<\/p>\n<p>De nombreuses familles redoutent que leurs enfants aient \u00e9t\u00e9 en contact avec l&rsquo;infirmi\u00e8re soup\u00e7onn\u00e9e d&rsquo;avoir commis des agressions sexuelles film\u00e9es sur deux nourrissons, au sein du service de n\u00e9o-natalit\u00e9 de l&rsquo;h\u00f4pital Andr\u00e9 Gr\u00e9goire, en Seine-Saint-Denis.<\/p>\n<p>La direction du groupement hospitalier de territoire Grand Paris Nord-Est a publi\u00e9 mercredi un communiqu\u00e9, en r\u00e9ponse aux parents se plaignant de son silence ou d&rsquo;un accompagnement jug\u00e9 tr\u00e8s insuffisant.<\/p>\n<blockquote class=\"embed embed_quote\"><p>\u00ab\u00a0Une cellule d&rsquo;\u00e9coute a \u00e9t\u00e9 mise en place depuis le 5 ao\u00fbt et r\u00e9pond \u00e0 toutes les sollicitations des familles\u00a0\u00bb, affirme la direction.<\/p><\/blockquote>\n<p>\u00ab\u00a0Un rendez-vous a \u00e9t\u00e9 propos\u00e9 \u00e0 chaque famille potentiellement concern\u00e9e par les faits, sur la base des \u00e9l\u00e9ments transmis par le parquet (&#8230;) \u00c0 ce jour, onze familles ont \u00e9t\u00e9 rencontr\u00e9es\u00a0\u00bb, pr\u00e9cise-t-elle.<\/p>\n<p>\u00ab\u00a0L&rsquo;h\u00f4pital a cibl\u00e9 des familles dont les enfants ont s\u00e9journ\u00e9 dans le service concern\u00e9 aux mois de d\u00e9cembre 2024 et janvier 2025 et les a re\u00e7ues\u00a0\u00bb, a ensuite comment\u00e9 le parquet de Bobigny, et \u00ab\u00a0onze d&rsquo;entre elles ont \u00e9t\u00e9 orient\u00e9es vers les services de police qui les ont entendues sans qu&rsquo;aucun \u00e9l\u00e9ment ne puisse caract\u00e9riser une infraction\u00a0\u00bb.<\/p>\n<p>Sept familles demandent \u00e0 \u00eatre partie civile<\/p>\n<p>Selon le parquet, \u00ab\u00a0deux mamans ont en l&rsquo;\u00e9tat identifi\u00e9 leur enfant sur les vid\u00e9os\u00a0\u00bb dont la justice dispose.<\/p>\n<p>L&rsquo;infirmi\u00e8re, Juliette S., 25 ans, s&rsquo;\u00e9tait elle-m\u00eame rendue le 30 juillet au commissariat pour se d\u00e9noncer en r\u00e9ponse \u00e0 des mises en cause sur les r\u00e9seaux.<\/p>\n<p>Elle est soup\u00e7onn\u00e9e d&rsquo;avoir agress\u00e9 sexuellement au moins deux b\u00e9b\u00e9s -un noir et un blanc- sous l&#8217;emprise de son amant au moment des faits, Redouane E., aujourd&rsquo;hui \u00e2g\u00e9 de 28 ans, qui aurait avou\u00e9 \u00ab\u00a0fantasmer sur des enfants\u00a0\u00bb.<\/p>\n<p>Cet homme avait \u00e9t\u00e9 interpell\u00e9 le 30 juillet chez lui et son mat\u00e9riel informatique saisi. Tous deux avaient \u00e9t\u00e9 <a href=\"https:\/\/www.bfmtv.com\/police-justice\/une-infirmiere-d-un-hopital-en-seine-saint-denis-presentee-a-un-juge-pour-agressions-sexuelles-sur-des-nourrissons_AD-202508020217.html\" title=\"Seine-Saint-Denis: une infirmi\u00e8re et son compagnon mis en examen pour des faits d&#039;agressions sexuelles sur des nourrissons\" class=\"internal_link\" rel=\"nofollow noopener\" target=\"_blank\">mis en examen le 2 ao\u00fbt<\/a>. Le parquet avait demand\u00e9 leur placement en d\u00e9tention provisoire, mais ils ont \u00e9t\u00e9 maintenus sous contr\u00f4le judiciaire par la chambre de l&rsquo;instruction, \u00e0 Paris, le 14 ao\u00fbt.<\/p>\n<p>Le dossier fait \u00e9tat de deux vid\u00e9os. Sur l&rsquo;une, l&rsquo;infirmi\u00e8re met deux doigts dans la bouche d&rsquo;un enfant. Sur l&rsquo;autre, elle touche le sexe d&rsquo;un enfant, sous forme de caresses et d&rsquo;un pincement, avait-il \u00e9t\u00e9 pr\u00e9cis\u00e9 \u00e0 l&rsquo;audience.<\/p>\n<p>Au moins sept familles demandent \u00e0 \u00eatre partie civile dans ce dossier, a affirm\u00e9 \u00e0 l&rsquo;AFP un de leurs avocats. Cependant, ni le parquet ni le juge d&rsquo;instruction n&rsquo;ont connaissance \u00e0 ce stade de constitutions de partie civile de la part des familles.<\/p>\n<p>\u00ab\u00a0Nos clients sont dans une d\u00e9tresse absolue face \u00e0 l&rsquo;horreur des faits et se sentent compl\u00e8tement abandonn\u00e9s par l&rsquo;h\u00f4pital\u00a0\u00bb, a assur\u00e9 \u00e0 l&rsquo;AFP Me Besma Maghrebi Mansouri, rapportant qu'\u00a0\u00bbils ne comprennent pas non plus que les mis en cause n&rsquo;aient pas \u00e9t\u00e9 plac\u00e9s en d\u00e9tention provisoire\u00a0\u00bb.<\/p>\n","protected":false},"excerpt":{"rendered":"Une infirmi\u00e8re de l&rsquo;h\u00f4pital de Montreuil a \u00e9t\u00e9 mise en examen le 2 ao\u00fbt dernier pour agressions sexuelles&hellip;\n","protected":false},"author":2,"featured_media":333454,"comment_status":"","ping_status":"","sticky":false,"template":"","format":"standard","meta":{"footnotes":""},"categories":[1888],"tags":[11,1777,674,1011,27,12,626,25],"class_list":{"0":"post-333453","1":"post","2":"type-post","3":"status-publish","4":"format-standard","5":"has-post-thumbnail","7":"category-paris","8":"tag-actualites","9":"tag-eu","10":"tag-europe","11":"tag-fr","12":"tag-france","13":"tag-news","14":"tag-paris","15":"tag-republique-francaise"},"share_on_mastodon":{"url":"https:\/\/pubeurope.com\/@fr\/115065713188025445","error":""},"_links":{"self":[{"href":"https:\/\/www.europesays.com\/fr\/wp-json\/wp\/v2\/posts\/333453","targetHints":{"allow":["GET"]}}],"collection":[{"href":"https:\/\/www.europesays.com\/fr\/wp-json\/wp\/v2\/posts"}],"about":[{"href":"https:\/\/www.europesays.com\/fr\/wp-json\/wp\/v2\/types\/post"}],"author":[{"embeddable":true,"href":"https:\/\/www.europesays.com\/fr\/wp-json\/wp\/v2\/users\/2"}],"replies":[{"embeddable":true,"href":"https:\/\/www.europesays.com\/fr\/wp-json\/wp\/v2\/comments?post=333453"}],"version-history":[{"count":0,"href":"https:\/\/www.europesays.com\/fr\/wp-json\/wp\/v2\/posts\/333453\/revisions"}],"wp:featuredmedia":[{"embeddable":true,"href":"https:\/\/www.europesays.com\/fr\/wp-json\/wp\/v2\/media\/333454"}],"wp:attachment":[{"href":"https:\/\/www.europesays.com\/fr\/wp-json\/wp\/v2\/media?parent=333453"}],"wp:term":[{"taxonomy":"category","embeddable":true,"href":"https:\/\/www.europesays.com\/fr\/wp-json\/wp\/v2\/categories?post=333453"},{"taxonomy":"post_tag","embeddable":true,"href":"https:\/\/www.europesays.com\/fr\/wp-json\/wp\/v2\/tags?post=333453"}],"curies":[{"name":"wp","href":"https:\/\/api.w.org\/{rel}","templated":true}]}}