{"id":333455,"date":"2025-08-21T08:03:10","date_gmt":"2025-08-21T08:03:10","guid":{"rendered":"https:\/\/www.europesays.com\/fr\/333455\/"},"modified":"2025-08-21T08:03:10","modified_gmt":"2025-08-21T08:03:10","slug":"cinq-personnes-blessees-a-bord-dun-vol-paris-ajaccio","status":"publish","type":"post","link":"https:\/\/www.europesays.com\/fr\/333455\/","title":{"rendered":"Cinq personnes bless\u00e9es \u00e0 bord d\u2019un vol Paris-Ajaccio"},"content":{"rendered":"<p>Une belle frayeur. Cinq personnes ont \u00e9t\u00e9 bless\u00e9es alors qu\u2019elles voyageaient sur un vol de la compagnie <a href=\"https:\/\/www.20minutes.fr\/economie\/air_france\/\" class=\"c-link c-link--is-underlined\" target=\"_blank\" rel=\"noopener\">Air France<\/a> reliant Paris \u00e0 <a href=\"https:\/\/www.20minutes.fr\/dossier\/ajaccio\" class=\"c-link c-link--is-underlined\" target=\"_blank\" rel=\"noopener\">Ajaccio<\/a>, en <a href=\"https:\/\/www.20minutes.fr\/dossier\/corse-sud\" class=\"c-link c-link--is-underlined\" target=\"_blank\" rel=\"noopener\">Corse-du-Sud<\/a>, mercredi. En cause\u00a0? Une \u00ab\u00a0grosse secousse violente\u00a0\u00bb, rapporte <a href=\"https:\/\/www.corsematin.com\/article\/faits-diversjustice\/1053726088910415\/info-corse-matin-plusieurs-blesses-sur-un-vol-paris-ajaccio\" rel=\"nofollow noopener\" target=\"_blank\" class=\"c-link c-link--is-underlined\">Corse Matin,<\/a> li\u00e9e \u00e0 une cellule orageuse non d\u00e9tect\u00e9e \u00e0 proximit\u00e9 de l\u2019appareil.<\/p>\n<p>\u00ab\u00a0Air France confirme que le vol AF 4236 du 20\u00a0ao\u00fbt 2025 reliant Paris-Orly \u00e0 Ajaccio a rencontr\u00e9 de <a href=\"https:\/\/www.20minutes.fr\/societe\/4092037-20240521-turbulences-aeriennes-altitude-incident-habituel-rarement-mortel\" class=\"c-link c-link--is-underlined\" target=\"_blank\" rel=\"noopener\">fortes turbulences<\/a> lors de la travers\u00e9e d\u2019<a href=\"https:\/\/www.20minutes.fr\/societe\/orage\/\" class=\"c-link c-link--is-underlined\" target=\"_blank\" rel=\"noopener\">orages violents<\/a> pendant la croisi\u00e8re\u00a0\u00bb, a confirm\u00e9 la compagnie a\u00e9rienne au quotidien local. A bord de l\u2019Airbus A320 se trouvaient 143 passagers, quatre personnels de bord et deux pilotes.<\/p>\n<\/p>\n<p>Ceinture de s\u00e9curit\u00e9<\/p>\n<p>Dans le d\u00e9tail, trois membres d\u2019\u00e9quipage qui proc\u00e9daient \u00e0 la v\u00e9rification des ceintures de s\u00e9curit\u00e9, et deux passagers, qui n\u2019\u00e9taient pas attach\u00e9s, ont \u00e9t\u00e9 l\u00e9g\u00e8rement bless\u00e9s. Ils se plaignaient notamment de douleurs au niveau du dos, de la t\u00eate et des jambes.<\/p>\n<p><a href=\"https:\/\/www.20minutes.fr\/dossier\/avion\" class=\"c-link c-btn c-btn--primary\" target=\"_blank\" rel=\"noopener\">Retrouvez ici tous nos articles sur le transport a\u00e9rien<\/a><\/p>\n<p>\u00ab\u00a0Les pilotes ont sollicit\u00e9 l\u2019assistance des \u00e9quipes m\u00e9dicales d\u2019urgence de l\u2019a\u00e9roport de destination, qui \u00e9taient pr\u00e9sentes d\u00e8s l\u2019arriv\u00e9e de l\u2019appareil au point de parking et ont rapidement pris en charge les bless\u00e9s\u00a0\u00bb, a d\u00e9taill\u00e9 Air France aupr\u00e8s du quotidien corse. Lors de l\u2019atterrissage \u00e0 l\u2019a\u00e9roport Ajaccio Napol\u00e9on Bonaparte en d\u00e9but d\u2019apr\u00e8s-midi, les services de secours \u00e9taient pr\u00e9sents sur le tarmac pour une \u00e9vacuation vers l\u2019h\u00f4pital.<\/p>\n","protected":false},"excerpt":{"rendered":"Une belle frayeur. Cinq personnes ont \u00e9t\u00e9 bless\u00e9es alors qu\u2019elles voyageaient sur un vol de la compagnie Air&hellip;\n","protected":false},"author":2,"featured_media":333456,"comment_status":"","ping_status":"","sticky":false,"template":"","format":"standard","meta":{"footnotes":""},"categories":[1888],"tags":[47,11,1816,5622,7182,37,2517,1777,674,1011,27,662,12,626,25,104,2803],"class_list":{"0":"post-333455","1":"post","2":"type-post","3":"status-publish","4":"format-standard","5":"has-post-thumbnail","7":"category-paris","8":"tag-actualite","9":"tag-actualites","10":"tag-air-france","11":"tag-ajaccio","12":"tag-aviation","13":"tag-avion","14":"tag-corse","15":"tag-eu","16":"tag-europe","17":"tag-fr","18":"tag-france","19":"tag-ile-de-france","20":"tag-news","21":"tag-paris","22":"tag-republique-francaise","23":"tag-societe","24":"tag-transport"},"share_on_mastodon":{"url":"https:\/\/pubeurope.com\/@fr\/115065717043593993","error":""},"_links":{"self":[{"href":"https:\/\/www.europesays.com\/fr\/wp-json\/wp\/v2\/posts\/333455","targetHints":{"allow":["GET"]}}],"collection":[{"href":"https:\/\/www.europesays.com\/fr\/wp-json\/wp\/v2\/posts"}],"about":[{"href":"https:\/\/www.europesays.com\/fr\/wp-json\/wp\/v2\/types\/post"}],"author":[{"embeddable":true,"href":"https:\/\/www.europesays.com\/fr\/wp-json\/wp\/v2\/users\/2"}],"replies":[{"embeddable":true,"href":"https:\/\/www.europesays.com\/fr\/wp-json\/wp\/v2\/comments?post=333455"}],"version-history":[{"count":0,"href":"https:\/\/www.europesays.com\/fr\/wp-json\/wp\/v2\/posts\/333455\/revisions"}],"wp:featuredmedia":[{"embeddable":true,"href":"https:\/\/www.europesays.com\/fr\/wp-json\/wp\/v2\/media\/333456"}],"wp:attachment":[{"href":"https:\/\/www.europesays.com\/fr\/wp-json\/wp\/v2\/media?parent=333455"}],"wp:term":[{"taxonomy":"category","embeddable":true,"href":"https:\/\/www.europesays.com\/fr\/wp-json\/wp\/v2\/categories?post=333455"},{"taxonomy":"post_tag","embeddable":true,"href":"https:\/\/www.europesays.com\/fr\/wp-json\/wp\/v2\/tags?post=333455"}],"curies":[{"name":"wp","href":"https:\/\/api.w.org\/{rel}","templated":true}]}}