{"id":333460,"date":"2025-08-21T08:06:13","date_gmt":"2025-08-21T08:06:13","guid":{"rendered":"https:\/\/www.europesays.com\/fr\/333460\/"},"modified":"2025-08-21T08:06:13","modified_gmt":"2025-08-21T08:06:13","slug":"les-volumes-dor-envoyes-vers-les-etats-unis-ont-explose-en-juillet","status":"publish","type":"post","link":"https:\/\/www.europesays.com\/fr\/333460\/","title":{"rendered":"Les volumes d&rsquo;or envoy\u00e9s vers les Etats-Unis ont explos\u00e9 en juillet"},"content":{"rendered":"<p>    <img src=\"https:\/\/www.europesays.com\/fr\/wp-content\/uploads\/2025\/08\/766615ce8d8b40113ee9058d3a91151bf587f500-89870173.jpg\" width=\"1400\" height=\"1050\" alt=\"\" loading=\"eager\" decoding=\"sync\" fetchpriority=\"high\"\/><\/p>\n<p>            Keystone-SDA        <\/p>\n<p>        Les exportations d&rsquo;or de la Suisse vers les Etats-Unis se sont envol\u00e9es en juillet. Pr\u00e8s de cinq fois plus de m\u00e9tal pr\u00e9cieux a \u00e9t\u00e9 envoy\u00e9 vers ce pays par rapport \u00e0 juillet 2024, soit 54 tonnes pour une valeur de quasiment 4,7 milliards de francs.\n<\/p>\n<p>        Ce contenu a \u00e9t\u00e9 publi\u00e9 sur    <\/p>\n<p>        21 ao\u00fbt 2025 &#8211; 09:46\n<\/p>\n<p> (Keystone-ATS) En tout, la Suisse a export\u00e9 le mois dernier 139 tonnes d\u2019or pour une valeur de 12 milliards de francs, soit une hausse de plus de moiti\u00e9, d\u2019apr\u00e8s les chiffres publi\u00e9s jeudi par l\u2019Office f\u00e9d\u00e9ral de la douane et de la s\u00e9curit\u00e9 des fronti\u00e8res (OFDF).<\/p>\n<p>Sur les six premiers mois de l\u2019ann\u00e9e, environ 480 tonnes du m\u00e9tal pr\u00e9cieux ont quitt\u00e9 la Suisse en direction du pays de l\u2019Oncle Sam, pour une valeur de pr\u00e8s de 40 milliards de francs. Un an plus t\u00f4t, les envois s\u2019\u00e9taient limit\u00e9s \u00e0 26 tonnes avant de grimper \u00e0 127 tonnes en seconde partie d\u2019ann\u00e9e. De janvier \u00e0 mars, les volumes ont oscill\u00e9 entre 118 et 219 tonnes.<\/p>\n<p>L\u2019app\u00e9tit pour les lingots transform\u00e9s dans les raffineries suisses a \u00e9t\u00e9 aliment\u00e9 par la constitution de stocks outre-Atlantique, afin de pr\u00e9venir toute surtaxe de la part de l\u2019administration de Donald Trump. Le m\u00e9tal pr\u00e9cieux a aussi jou\u00e9 son r\u00f4le de valeur refuge face \u00e0 la faiblesse du dollar.<\/p>\n<p>D\u00e9but ao\u00fbt, l\u2019Association suisse des fabricants et commer\u00e7ants de m\u00e9taux pr\u00e9cieux (ASFCMP) a eu des sueurs froides en comprenant que les lingots seraient soumis \u00e0 des droits de douane de 39%, comme les autres biens \u00e0 la croix blanche entrant sur le territoire am\u00e9ricain. Peu de temps apr\u00e8s, Donald Trump a communiqu\u00e9 sur sa plateforme Truth Social que \u00abl\u2019or ne sera pas soumis aux droits de douane!\u00bb. La fa\u00eeti\u00e8re, elle, attendait une \u00abd\u00e9cision formelle et contraignante\u00bb quant \u00e0 cette exemption.<\/p>\n","protected":false},"excerpt":{"rendered":"Keystone-SDA Les exportations d&rsquo;or de la Suisse vers les Etats-Unis se sont envol\u00e9es en juillet. Pr\u00e8s de cinq&hellip;\n","protected":false},"author":2,"featured_media":333461,"comment_status":"","ping_status":"","sticky":false,"template":"","format":"standard","meta":{"footnotes":""},"categories":[1589],"tags":[11,73,1866,12,44403,4384,1864,1865,1863,308],"class_list":{"0":"post-333460","1":"post","2":"type-post","3":"status-publish","4":"format-standard","5":"has-post-thumbnail","7":"category-etats-unis","8":"tag-actualites","9":"tag-etats-unis","10":"tag-etats-unis-damerique","11":"tag-news","12":"tag-sda-ready-to-publish","13":"tag-ticker","14":"tag-united-states","15":"tag-united-states-of-america","16":"tag-us","17":"tag-usa"},"share_on_mastodon":{"url":"https:\/\/pubeurope.com\/@fr\/115065728787959954","error":""},"_links":{"self":[{"href":"https:\/\/www.europesays.com\/fr\/wp-json\/wp\/v2\/posts\/333460","targetHints":{"allow":["GET"]}}],"collection":[{"href":"https:\/\/www.europesays.com\/fr\/wp-json\/wp\/v2\/posts"}],"about":[{"href":"https:\/\/www.europesays.com\/fr\/wp-json\/wp\/v2\/types\/post"}],"author":[{"embeddable":true,"href":"https:\/\/www.europesays.com\/fr\/wp-json\/wp\/v2\/users\/2"}],"replies":[{"embeddable":true,"href":"https:\/\/www.europesays.com\/fr\/wp-json\/wp\/v2\/comments?post=333460"}],"version-history":[{"count":0,"href":"https:\/\/www.europesays.com\/fr\/wp-json\/wp\/v2\/posts\/333460\/revisions"}],"wp:featuredmedia":[{"embeddable":true,"href":"https:\/\/www.europesays.com\/fr\/wp-json\/wp\/v2\/media\/333461"}],"wp:attachment":[{"href":"https:\/\/www.europesays.com\/fr\/wp-json\/wp\/v2\/media?parent=333460"}],"wp:term":[{"taxonomy":"category","embeddable":true,"href":"https:\/\/www.europesays.com\/fr\/wp-json\/wp\/v2\/categories?post=333460"},{"taxonomy":"post_tag","embeddable":true,"href":"https:\/\/www.europesays.com\/fr\/wp-json\/wp\/v2\/tags?post=333460"}],"curies":[{"name":"wp","href":"https:\/\/api.w.org\/{rel}","templated":true}]}}