{"id":333462,"date":"2025-08-21T08:07:26","date_gmt":"2025-08-21T08:07:26","guid":{"rendered":"https:\/\/www.europesays.com\/fr\/333462\/"},"modified":"2025-08-21T08:07:26","modified_gmt":"2025-08-21T08:07:26","slug":"royaume-uni-le-pib-progresse-de-03-au-deuxieme-trimestre-3","status":"publish","type":"post","link":"https:\/\/www.europesays.com\/fr\/333462\/","title":{"rendered":"Royaume-Uni: le PIB progresse de 0,3% au deuxi\u00e8me trimestre"},"content":{"rendered":"<p class=\"lede\">Le pr\u00e9sident chinois Xi Jinping a assist\u00e9 jeudi \u00e0 Lhassa aux grandioses c\u00e9l\u00e9brations du 60e anniversaire de la r\u00e9gion autonome du Tibet, lors d&rsquo;une rare visite lors de laquelle il a appel\u00e9 \u00e0 \u00ab\u00a0l&rsquo;unit\u00e9 interethnique\u00a0\u00bb.<\/p>\n<p>Il s&rsquo;agit de sa deuxi\u00e8me visite comme chef de l&rsquo;Etat dans cette r\u00e9gion montagneuse du sud-ouest de la Chine, \u00e0 l&rsquo;histoire marqu\u00e9e par des mouvements d&rsquo;opposition au pouvoir.<\/p>\n<p>Des organisations de d\u00e9fense des droits humains accusent la Chine d&rsquo;y r\u00e9primer la libert\u00e9 religieuse et d&rsquo;y imposer une \u00e9troite surveillance de la population. P\u00e9kin affirme avoir am\u00e9lior\u00e9 de fa\u00e7on drastique les conditions de vie des habitants.<\/p>\n<p>\u00ab\u00a0Gouverner, stabiliser et d\u00e9velopper le Tibet exige avant tout le maintien de la stabilit\u00e9 politique, de la stabilit\u00e9 sociale, de l&rsquo;unit\u00e9 interethnique et de l&rsquo;harmonie religieuse au Tibet\u00a0\u00bb, avait d\u00e9clar\u00e9 M. Xi mercredi lors d&rsquo;une r\u00e9union avec des responsables locaux, selon l&rsquo;agence officielle Chine nouvelle.<\/p>\n<p>Jeudi, environ 20&rsquo;000 responsables politiques, \u00e9coliers ou membres de la soci\u00e9t\u00e9 tib\u00e9taine se sont r\u00e9unis sur l&rsquo;immense place situ\u00e9e au pied du Palais du Potala, l&rsquo;ex-r\u00e9sidence des dala\u00ef lamas, les plus hauts chefs spirituels du bouddhisme tib\u00e9tain, d&rsquo;apr\u00e8s la t\u00e9l\u00e9vision publique CCTV.<\/p>\n<p>Le haut dirigeant chinois Wang Huning a appel\u00e9 devant la foule \u00e0 \u00ab\u00a0approfondir la lutte anti-s\u00e9cession\u00a0\u00bb. \u00ab\u00a0Toute tentative de diviser la patrie et de compromettre la stabilit\u00e9\u00a0\u00bb de la r\u00e9gion \u00ab\u00a0est vou\u00e9e \u00e0 l&rsquo;\u00e9chec\u00a0\u00bb, a-t-il dit.<\/p>\n<p>Succession du Lama<\/p>\n<p>Des rang\u00e9es de militaires, puis des chars festifs et des danseurs en costumes ont ensuite d\u00e9fil\u00e9 sous les yeux de Xi Jinping.<\/p>\n<p>Sa visite intervient sur fond de d\u00e9bat autour de la succession du 14e Dala\u00ef Lama, \u00e2g\u00e9 de 90 ans, qui vit en exil en Inde.<\/p>\n<p>En juillet, le responsable religieux avait d\u00e9clar\u00e9 qu&rsquo;un successeur serait d\u00e9sign\u00e9 \u00e0 sa mort, mais sans que les autorit\u00e9s chinoises n&rsquo;y soient associ\u00e9es, une position fermement rejet\u00e9e par P\u00e9kin.<\/p>\n<p>Sans citer le Dala\u00ef Lama, Xi Jinping a appel\u00e9 mercredi \u00e0 \u00ab\u00a0guider\u00a0\u00bb le bouddhisme tib\u00e9tain vers une \u00ab\u00a0adaptation \u00e0 la soci\u00e9t\u00e9 socialiste\u00a0\u00bb.<\/p>\n<p>La Chine a cr\u00e9\u00e9 la r\u00e9gion autonome du Tibet en 1965.<\/p>\n<p>Le statut de r\u00e9gion autonome autorise la co-officialit\u00e9 de la langue locale (ici le tib\u00e9tain) avec le chinois et accorde en th\u00e9orie davantage d&rsquo;autonomie. Dans la pratique, la r\u00e9gion reste \u00e9troitement encadr\u00e9e par le gouvernement.<\/p>\n<p>Barrage<\/p>\n<p>Le Tibet rev\u00eat pour la Chine une importance strat\u00e9gique.<\/p>\n<p>La r\u00e9gion est situ\u00e9e \u00e0 la fronti\u00e8re avec l&rsquo;Inde, o\u00f9 des heurts meurtriers ont \u00e9clat\u00e9 en 2020 entre les arm\u00e9es des deux pays. Elle est riche en ressources naturelles, avec un grand potentiel hydro\u00e9lectrique.<\/p>\n<p>Xi Jinping a appel\u00e9 mercredi \u00e0 l&rsquo;\u00e9dification \u00ab\u00a0vigoureuse, ordonn\u00e9e et efficace\u00a0\u00bb du gigantesque barrage du fleuve Yarlung Tsangpo, dont la construction a d\u00e9but\u00e9 en juillet au Tibet.<\/p>\n<p>Ce projet aura potentiellement un impact important pour des millions de personnes vivant en aval, en Inde et au Bangladesh, ce qui a suscit\u00e9 les inqui\u00e9tudes de ces deux pays.<\/p>\n<p>Cet article a \u00e9t\u00e9 publi\u00e9 automatiquement. Sources : ats \/ afp<\/p>\n","protected":false},"excerpt":{"rendered":"Le pr\u00e9sident chinois Xi Jinping a assist\u00e9 jeudi \u00e0 Lhassa aux grandioses c\u00e9l\u00e9brations du 60e anniversaire de la&hellip;\n","protected":false},"author":2,"featured_media":333463,"comment_status":"","ping_status":"","sticky":false,"template":"","format":"standard","meta":{"footnotes":""},"categories":[1588],"tags":[11,1777,674,12,473,1853,1851,1850,1852],"class_list":{"0":"post-333462","1":"post","2":"type-post","3":"status-publish","4":"format-standard","5":"has-post-thumbnail","7":"category-royaume-uni","8":"tag-actualites","9":"tag-eu","10":"tag-europe","11":"tag-news","12":"tag-royaume-uni","13":"tag-royaume-uni-de-grande-bretagne-et-dirlande-du-nord","14":"tag-uk","15":"tag-united-kingdom","16":"tag-united-kingdom-of-great-britain-and-northern-ireland"},"share_on_mastodon":{"url":"https:\/\/pubeurope.com\/@fr\/115065732721376846","error":""},"_links":{"self":[{"href":"https:\/\/www.europesays.com\/fr\/wp-json\/wp\/v2\/posts\/333462","targetHints":{"allow":["GET"]}}],"collection":[{"href":"https:\/\/www.europesays.com\/fr\/wp-json\/wp\/v2\/posts"}],"about":[{"href":"https:\/\/www.europesays.com\/fr\/wp-json\/wp\/v2\/types\/post"}],"author":[{"embeddable":true,"href":"https:\/\/www.europesays.com\/fr\/wp-json\/wp\/v2\/users\/2"}],"replies":[{"embeddable":true,"href":"https:\/\/www.europesays.com\/fr\/wp-json\/wp\/v2\/comments?post=333462"}],"version-history":[{"count":0,"href":"https:\/\/www.europesays.com\/fr\/wp-json\/wp\/v2\/posts\/333462\/revisions"}],"wp:featuredmedia":[{"embeddable":true,"href":"https:\/\/www.europesays.com\/fr\/wp-json\/wp\/v2\/media\/333463"}],"wp:attachment":[{"href":"https:\/\/www.europesays.com\/fr\/wp-json\/wp\/v2\/media?parent=333462"}],"wp:term":[{"taxonomy":"category","embeddable":true,"href":"https:\/\/www.europesays.com\/fr\/wp-json\/wp\/v2\/categories?post=333462"},{"taxonomy":"post_tag","embeddable":true,"href":"https:\/\/www.europesays.com\/fr\/wp-json\/wp\/v2\/tags?post=333462"}],"curies":[{"name":"wp","href":"https:\/\/api.w.org\/{rel}","templated":true}]}}