{"id":333466,"date":"2025-08-21T08:09:11","date_gmt":"2025-08-21T08:09:11","guid":{"rendered":"https:\/\/www.europesays.com\/fr\/333466\/"},"modified":"2025-08-21T08:09:11","modified_gmt":"2025-08-21T08:09:11","slug":"pourquoi-kia-mise-tout-sur-la-slovaquie-pour-conquerir-leurope-electrique","status":"publish","type":"post","link":"https:\/\/www.europesays.com\/fr\/333466\/","title":{"rendered":"Pourquoi Kia mise tout sur la Slovaquie pour conqu\u00e9rir l\u2019Europe \u00e9lectrique"},"content":{"rendered":"<p>C&rsquo;est un immense b\u00e2timent gris et moderne qui brille sous le soleil, avec les montagnes verdoyantes des Petites Carpates pour toile de fond. Les employ\u00e9s se prom\u00e8nent dans une cour pav\u00e9e et d\u00e9ambulent dans des all\u00e9es garnies de roses et d&rsquo;arbres taill\u00e9s avec soin. Sans le ballet incessant des caisses en acier de voitures qui filent vers un atelier de peinture, on en oublierait presque que l&rsquo;on se trouve au c\u0153ur d&rsquo;une usine automobile. Pr\u00e9cis\u00e9ment, \u00e0 <a class=\"Link\" href=\"https:\/\/www.google.com\/maps\/place\/%C5%BDilina,+Slovaquie\/@48.8944409,17.0915488,6.98z\/data=!4m6!3m5!1s0x47145ea4e72cf5bd:0xe9a4e40ac6c36a0a!8m2!3d49.2194498!4d18.7408001!16zL20vMDF0N192?entry=ttu&amp;g_ep=EgoyMDI1MDgxOC4wIKXMDSoASAFQAw%3D%3D\" target=\"_blank\" title=\"\" data-gtm=\"click:capsule\" data-capsule=\"Lien\" rel=\"noopener\">Zilina, en Slovaquie<\/a>, o\u00f9 le g\u00e9ant sud-cor\u00e9en a install\u00e9 son seul site de production en Europe, d&rsquo;o\u00f9 sortent les Sportage et les <a class=\"Link\" href=\"https:\/\/www.lepoint.fr\/automobile\/kia-ceed-taillee-pour-l-europe-19-02-2018-2196033_646.php\" title=\"\" data-gtm=\"click:capsule\" data-capsule=\"Lien\" target=\"_blank\" rel=\"noopener\">Ceed<\/a>.<\/p>\n<p>L&rsquo;ann\u00e9e derni\u00e8re, le constructeur a vendu 3,1\u00a0millions de v\u00e9hicules dans le monde. En Europe, il a \u00e9coul\u00e9 avec <a class=\"Link\" href=\"https:\/\/www.lepoint.fr\/automobile\/les-marques\/hyundai\/\" target=\"_blank\" title=\"\" data-gtm=\"click:capsule\" data-capsule=\"Lien\" rel=\"noopener\">sa marque s\u0153ur Hyundai<\/a> plus de 1\u00a0million de v\u00e9hicules pour la quatri\u00e8me ann\u00e9e cons\u00e9cutive. Soit une&#8230;<\/p>\n<p>Toute l\u2019actualit\u00e9 \u00e0 1\u20ac le premier mois<\/p>\n<p><a href=\"https:\/\/abo.lepoint.fr\/?provenance=21EDI020098\" class=\"btn\" title=\"S&#039;abonner\" data-gtm=\"click:abo|display:abo\" data-campaign=\"paywall_maison\" target=\"_blank\" rel=\"noopener\">S&rsquo;abonner<\/a><\/p>\n<p>ou<\/p>\n","protected":false},"excerpt":{"rendered":"C&rsquo;est un immense b\u00e2timent gris et moderne qui brille sous le soleil, avec les montagnes verdoyantes des Petites&hellip;\n","protected":false},"author":2,"featured_media":333467,"comment_status":"","ping_status":"","sticky":false,"template":"","format":"standard","meta":{"footnotes":""},"categories":[1586],"tags":[11,1777,674,1011,27,40132,15341,12,25],"class_list":{"0":"post-333466","1":"post","2":"type-post","3":"status-publish","4":"format-standard","5":"has-post-thumbnail","7":"category-europe","8":"tag-actualites","9":"tag-eu","10":"tag-europe","11":"tag-fr","12":"tag-france","13":"tag-hyundai","14":"tag-kia","15":"tag-news","16":"tag-republique-francaise"},"share_on_mastodon":{"url":"https:\/\/pubeurope.com\/@fr\/115065740583380058","error":""},"_links":{"self":[{"href":"https:\/\/www.europesays.com\/fr\/wp-json\/wp\/v2\/posts\/333466","targetHints":{"allow":["GET"]}}],"collection":[{"href":"https:\/\/www.europesays.com\/fr\/wp-json\/wp\/v2\/posts"}],"about":[{"href":"https:\/\/www.europesays.com\/fr\/wp-json\/wp\/v2\/types\/post"}],"author":[{"embeddable":true,"href":"https:\/\/www.europesays.com\/fr\/wp-json\/wp\/v2\/users\/2"}],"replies":[{"embeddable":true,"href":"https:\/\/www.europesays.com\/fr\/wp-json\/wp\/v2\/comments?post=333466"}],"version-history":[{"count":0,"href":"https:\/\/www.europesays.com\/fr\/wp-json\/wp\/v2\/posts\/333466\/revisions"}],"wp:featuredmedia":[{"embeddable":true,"href":"https:\/\/www.europesays.com\/fr\/wp-json\/wp\/v2\/media\/333467"}],"wp:attachment":[{"href":"https:\/\/www.europesays.com\/fr\/wp-json\/wp\/v2\/media?parent=333466"}],"wp:term":[{"taxonomy":"category","embeddable":true,"href":"https:\/\/www.europesays.com\/fr\/wp-json\/wp\/v2\/categories?post=333466"},{"taxonomy":"post_tag","embeddable":true,"href":"https:\/\/www.europesays.com\/fr\/wp-json\/wp\/v2\/tags?post=333466"}],"curies":[{"name":"wp","href":"https:\/\/api.w.org\/{rel}","templated":true}]}}