{"id":333470,"date":"2025-08-21T08:11:13","date_gmt":"2025-08-21T08:11:13","guid":{"rendered":"https:\/\/www.europesays.com\/fr\/333470\/"},"modified":"2025-08-21T08:11:13","modified_gmt":"2025-08-21T08:11:13","slug":"une-petition-tente-dempecher-le-pret-de-la-tapisserie-de-bayeux-au-british-museum","status":"publish","type":"post","link":"https:\/\/www.europesays.com\/fr\/333470\/","title":{"rendered":"Une p\u00e9tition tente d\u2019emp\u00eacher le pr\u00eat de la tapisserie de Bayeux au British Museum"},"content":{"rendered":"<p>Des voix s\u2019\u00e9l\u00e8vent en France pour garder sur le territoire la tapisserie de Bayeux. Une p\u00e9tition a ainsi \u00e9t\u00e9 mise en ligne le 13\u00a0juillet contre le pr\u00eat de celle-ci au British Museum de <a href=\"https:\/\/www.20minutes.fr\/dossier\/londres\" target=\"_blank\" class=\"c-link c-link--is-underlined\" rel=\"nofollow noopener\">Londres<\/a> pour des raisons de conservation de l\u2019\u0153uvre. Elle comptait pr\u00e8s de 45.000 signatures mercredi.<\/p>\n<p>\u00ab\u00a0Nous demandons solennellement au pr\u00e9sident de la R\u00e9publique de renoncer \u00e0 ce projet. Ce pr\u00eat serait un v\u00e9ritable crime patrimonial\u00a0\u00bb peut-on lire \u00e0 la fin de cette p\u00e9tition cr\u00e9\u00e9e sur le site change.org par Didier Rykner, directeur de la r\u00e9daction du site La Tribune de l\u2019Art.<\/p>\n<p>Une tapisserie \u00ab\u00a0beaucoup trop fragile\u00a0\u00bb<\/p>\n<p>Didier Rykner estime que la tapisserie est \u00ab\u00a0beaucoup trop fragile pour \u00eatre transport\u00e9e sans grand risque\u00a0\u00bb. \u00ab\u00a0Les sp\u00e9cialistes de la tapisserie, les restaurateurs qui travaillent dessus et les conservateurs disent qu\u2019il y a un risque de d\u00e9chirures, de chutes de mati\u00e8re, dues aux manipulations et vibrations lors de son transport\u00a0\u00bb. \u00ab\u00a0C\u2019est inadmissible de prendre le risque que cette \u0153uvre absolument unique soit d\u00e9t\u00e9rior\u00e9e\u00a0\u00bb s\u2019emporte-t-il.<\/p>\n<\/p>\n<p>La tapisserie est un \u00ab\u00a0r\u00e9cit brod\u00e9\u00a0\u00bb datant du XIe\u00a0si\u00e8cle de 70 m\u00e8tres de long qui raconte la conqu\u00eate de l\u2019<a href=\"https:\/\/www.20minutes.fr\/dossier\/angleterre\" target=\"_blank\" class=\"c-link c-link--is-underlined\" rel=\"nofollow noopener\">Angleterre<\/a> en l\u2019an\u00a01066 par Guillaume, duc de <a href=\"https:\/\/www.20minutes.fr\/dossier\/normandie\" target=\"_blank\" class=\"c-link c-link--is-underlined\" rel=\"nofollow noopener\">Normandie<\/a>, qui deviendra par la suite \u00ab\u00a0Guillaume le conqu\u00e9rant\u00a0\u00bb.<\/p>\n<p><a href=\"https:\/\/www.20minutes.fr\/politique\/emmanuel-macron\/\" target=\"_blank\" class=\"c-link c-link--is-underlined\" rel=\"nofollow noopener\">Emmanuel Macron<\/a> a annonc\u00e9 le 8\u00a0juillet le pr\u00eat de l\u2019\u0153uvre au British Museum de Londres de septembre\u00a02026 \u00e0 juin\u00a02027 en \u00e9change de pi\u00e8ces m\u00e9di\u00e9vales issues du tr\u00e9sor arch\u00e9ologique de Sutton Hoo.<\/p>\n<p>Pour le minist\u00e8re de la Culture, l\u2019\u0153uvre est transportable<\/p>\n<p>Dans une vid\u00e9o mise en ligne sur YouTube par la pr\u00e9fecture du Calvados en f\u00e9vrier\u00a02025, C\u00e9cile Binet, conseill\u00e8re mus\u00e9es de la DRAC de Normandie, affirmait elle aussi que la tapisserie est \u00ab\u00a0trop fragile pour \u00eatre d\u00e9plac\u00e9e sur une grande distance\u00a0\u00bb et que \u00ab\u00a0toute manipulation suppl\u00e9mentaire\u00a0\u00bb \u00e9tait \u00ab\u00a0un risque pour sa conservation\u00a0\u00bb. Quelques semaines apr\u00e8s ces d\u00e9clarations, la d\u00e9cision a \u00e9t\u00e9 prise de \u00ab\u00a0l\u2019envoyer \u00e0 Londres. \u00c7a n\u2019a aucun sens, c\u2019est uniquement politique et diplomatique\u00a0\u00bb juge Didier Rykner.<\/p>\n<p><a href=\"https:\/\/www.20minutes.fr\/arts-stars\/culture\/\" target=\"_blank\" class=\"c-link c-btn c-btn--primary\" rel=\"nofollow noopener\">Notre dossier Culture<\/a><\/p>\n<p>Une \u00e9tude de faisabilit\u00e9 du transport de la tapisserie de Bayeux vers Londres a \u00e9t\u00e9 r\u00e9alis\u00e9e par des restauratrices en mars\u00a02022. \u00ab\u00a0Cette \u00e9tude, on refuse de me la communiquer, elle reste confidentielle\u00a0\u00bb s\u2019agace Didier Rykner, \u00ab\u00a0le minist\u00e8re de la Culture dit qu\u2019il y a eu des \u00e9tudes qui ont montr\u00e9 que l\u2019\u0153uvre \u00e9tait transportable, montrez-les nous, je voudrais bien les voir\u00a0!\u00a0\u00bb. La pol\u00e9mique n\u2019est donc pas en voie de s\u2019\u00e9teindre.<\/p>\n","protected":false},"excerpt":{"rendered":"Des voix s\u2019\u00e9l\u00e8vent en France pour garder sur le territoire la tapisserie de Bayeux. Une p\u00e9tition a ainsi&hellip;\n","protected":false},"author":2,"featured_media":333471,"comment_status":"","ping_status":"","sticky":false,"template":"","format":"standard","meta":{"footnotes":""},"categories":[2],"tags":[11,4708,251,58,1011,27,4534,3048,12,2551,2844,25,473,133],"class_list":{"0":"post-333470","1":"post","2":"type-post","3":"status-publish","4":"format-standard","5":"has-post-thumbnail","7":"category-actualites","8":"tag-actualites","9":"tag-angleterre","10":"tag-culture","11":"tag-divertissement","12":"tag-fr","13":"tag-france","14":"tag-londres","15":"tag-musee","16":"tag-news","17":"tag-patrimoine","18":"tag-petition","19":"tag-republique-francaise","20":"tag-royaume-uni","21":"tag-video"},"share_on_mastodon":{"url":"https:\/\/pubeurope.com\/@fr\/115065748419782570","error":""},"_links":{"self":[{"href":"https:\/\/www.europesays.com\/fr\/wp-json\/wp\/v2\/posts\/333470","targetHints":{"allow":["GET"]}}],"collection":[{"href":"https:\/\/www.europesays.com\/fr\/wp-json\/wp\/v2\/posts"}],"about":[{"href":"https:\/\/www.europesays.com\/fr\/wp-json\/wp\/v2\/types\/post"}],"author":[{"embeddable":true,"href":"https:\/\/www.europesays.com\/fr\/wp-json\/wp\/v2\/users\/2"}],"replies":[{"embeddable":true,"href":"https:\/\/www.europesays.com\/fr\/wp-json\/wp\/v2\/comments?post=333470"}],"version-history":[{"count":0,"href":"https:\/\/www.europesays.com\/fr\/wp-json\/wp\/v2\/posts\/333470\/revisions"}],"wp:featuredmedia":[{"embeddable":true,"href":"https:\/\/www.europesays.com\/fr\/wp-json\/wp\/v2\/media\/333471"}],"wp:attachment":[{"href":"https:\/\/www.europesays.com\/fr\/wp-json\/wp\/v2\/media?parent=333470"}],"wp:term":[{"taxonomy":"category","embeddable":true,"href":"https:\/\/www.europesays.com\/fr\/wp-json\/wp\/v2\/categories?post=333470"},{"taxonomy":"post_tag","embeddable":true,"href":"https:\/\/www.europesays.com\/fr\/wp-json\/wp\/v2\/tags?post=333470"}],"curies":[{"name":"wp","href":"https:\/\/api.w.org\/{rel}","templated":true}]}}