{"id":333478,"date":"2025-08-21T08:16:10","date_gmt":"2025-08-21T08:16:10","guid":{"rendered":"https:\/\/www.europesays.com\/fr\/333478\/"},"modified":"2025-08-21T08:16:10","modified_gmt":"2025-08-21T08:16:10","slug":"patrick-tuifua-laisse-la-porte-ouverte-au-super-rugby","status":"publish","type":"post","link":"https:\/\/www.europesays.com\/fr\/333478\/","title":{"rendered":"Patrick Tuifua laisse la porte ouverte au Super Rugby !"},"content":{"rendered":"<p>\u00c0 20 ans, Patrick Tuifua s\u2019appr\u00eate \u00e0 vivre ses premiers pas en Top 14 sous les couleurs du RC Toulon.<\/p>\n<p>N\u00e9 \u00e0 Noum\u00e9a et form\u00e9 en Nouvelle-Z\u00e9lande, le puissant troisi\u00e8me ligne (1,91m, 116 kg) est consid\u00e9r\u00e9 comme l\u2019un des grands espoirs du rugby mondial.<\/p>\n<p>Longtemps partag\u00e9 entre la France et la Nouvelle-Z\u00e9lande, il confie que son p\u00e8re Jean-Philippe a jou\u00e9 un r\u00f4le cl\u00e9 dans ses choix.<\/p>\n<p>Son arriv\u00e9e \u00e0 Toulon doit beaucoup \u00e0 la pr\u00e9sence de sa s\u0153ur Sauhany, install\u00e9e dans la r\u00e9gion.<\/p>\n<p>\u00c9cart\u00e9 par les Hurricanes et diminu\u00e9 par une blessure au genou au printemps, Tuifua a choisi de relever un nouveau d\u00e9fi en France.<\/p>\n<p>Li\u00e9 au RCT pour trois saisons, il est d\u00e9j\u00e0 s\u00e9duit par l\u2019ambiance et la ferveur des supporters toulonnais.<\/p>\n<p><strong>Mais s\u2019il a choisi Toulon, il confie \u00e0 <a href=\"https:\/\/www.varmatin.com\/sport\/les-milles-vies-de-patrick-tuifua-le-nouveau-joyau-du-rct-998756\" rel=\"nofollow noopener\" target=\"_blank\">Var- Matin<\/a> que le Super Rugby reste dans un coin de sa t\u00eate. Extrait : <\/strong><\/p>\n<p>\u00ab\u00a0Je pense y aller plus tard dans ma carri\u00e8re. Ce n\u2019est pas le moment, mais un jour. \u00c7a me tiendrait \u00e0 c\u0153ur de pouvoir y jouer.\u00a0\u00bb<\/p>\n","protected":false},"excerpt":{"rendered":"\u00c0 20 ans, Patrick Tuifua s\u2019appr\u00eate \u00e0 vivre ses premiers pas en Top 14 sous les couleurs du&hellip;\n","protected":false},"author":2,"featured_media":333479,"comment_status":"","ping_status":"","sticky":false,"template":"","format":"standard","meta":{"footnotes":""},"categories":[1416],"tags":[1011,27,479,1468,60],"class_list":{"0":"post-333478","1":"post","2":"type-post","3":"status-publish","4":"format-standard","5":"has-post-thumbnail","7":"category-rugby","8":"tag-fr","9":"tag-france","10":"tag-rugby","11":"tag-rugby-football","12":"tag-sports"},"share_on_mastodon":{"url":"https:\/\/pubeurope.com\/@fr\/115065768085642027","error":""},"_links":{"self":[{"href":"https:\/\/www.europesays.com\/fr\/wp-json\/wp\/v2\/posts\/333478","targetHints":{"allow":["GET"]}}],"collection":[{"href":"https:\/\/www.europesays.com\/fr\/wp-json\/wp\/v2\/posts"}],"about":[{"href":"https:\/\/www.europesays.com\/fr\/wp-json\/wp\/v2\/types\/post"}],"author":[{"embeddable":true,"href":"https:\/\/www.europesays.com\/fr\/wp-json\/wp\/v2\/users\/2"}],"replies":[{"embeddable":true,"href":"https:\/\/www.europesays.com\/fr\/wp-json\/wp\/v2\/comments?post=333478"}],"version-history":[{"count":0,"href":"https:\/\/www.europesays.com\/fr\/wp-json\/wp\/v2\/posts\/333478\/revisions"}],"wp:featuredmedia":[{"embeddable":true,"href":"https:\/\/www.europesays.com\/fr\/wp-json\/wp\/v2\/media\/333479"}],"wp:attachment":[{"href":"https:\/\/www.europesays.com\/fr\/wp-json\/wp\/v2\/media?parent=333478"}],"wp:term":[{"taxonomy":"category","embeddable":true,"href":"https:\/\/www.europesays.com\/fr\/wp-json\/wp\/v2\/categories?post=333478"},{"taxonomy":"post_tag","embeddable":true,"href":"https:\/\/www.europesays.com\/fr\/wp-json\/wp\/v2\/tags?post=333478"}],"curies":[{"name":"wp","href":"https:\/\/api.w.org\/{rel}","templated":true}]}}