{"id":333484,"date":"2025-08-21T08:20:10","date_gmt":"2025-08-21T08:20:10","guid":{"rendered":"https:\/\/www.europesays.com\/fr\/333484\/"},"modified":"2025-08-21T08:20:10","modified_gmt":"2025-08-21T08:20:10","slug":"sailgp-tout-le-monde-peut-participer-le-casque-de-vettel-a-sassnitz-sera-mis-aux-encheres","status":"publish","type":"post","link":"https:\/\/www.europesays.com\/fr\/333484\/","title":{"rendered":"SailGP : Tout le monde peut participer &#8211; Le casque de Vettel \u00e0 Sassnitz sera mis aux ench\u00e8res"},"content":{"rendered":"<p>Annonc\u00e9 lors du SailGP \u00e0 Sassnitz, maintenant directement mis en \u0153uvre : Le casque que portait le quadruple champion du monde de Formule 1 Sebastian Vettel \u00e0 la barre du foiler allemand F50 sur la mer Baltique sera mis aux ench\u00e8res. La comp\u00e9tition entre les ench\u00e9risseurs a d\u00e9j\u00e0 commenc\u00e9 et se terminera le 31 ao\u00fbt \u00e0 21 heures.<\/p>\n<p class=\"\">Pour Sebastian Vettel, le soutien de projets de voile inclusifs est devenu un projet qui lui tient \u00e0 c\u0153ur. Le quadruple champion du monde de Formule 1 avait apport\u00e9 un soutien intensif \u00e0 la premi\u00e8re r\u00e9gate inclusive lors d&rsquo;un SailGP international \u00e0 Sassnitz. Aujourd&rsquo;hui, le casque qu&rsquo;il avait port\u00e9 en tant que barreur invit\u00e9 sur le foiler allemand F50 est mis aux ench\u00e8res au profit de projets de l&rsquo;association Wir sind Wir &#8211; Inclusion in Sailing.<\/p>\n<blockquote><p>La voile est l&rsquo;un des rares sports o\u00f9 les personnes avec et sans handicap peuvent vraiment concourir ensemble sur un pied d&rsquo;\u00e9galit\u00e9\u00a0\u00bb. Sebastian Vettel<\/p><\/blockquote>\n<p class=\"\">Le casque de Vettel doit \u00eatre le symbole d&rsquo;une inclusion v\u00e9cue. Le pilote de 38 ans, originaire d&rsquo;Heppenheim, le portait lorsqu&rsquo;il a pris bri\u00e8vement le volant du F50 du pilote Erik Kosegarten-Heil le dimanche de la finale du SailGP et que les quelque 6000 spectateurs pr\u00e9sents dans les tribunes de Sassnitz ont \u00e9t\u00e9 les t\u00e9moins d&rsquo;une intervention \u00e0 la barre devenue rare depuis son d\u00e9part de la Formule 1.<\/p>\n<p>SailGP : casque de Vettel sign\u00e9 \u00e0 la main<\/p>\n<p class=\"\">Auparavant, Sebastian Vettel avait fait de la voile avec des athl\u00e8tes handicap\u00e9s \u00e0 Sassnitz, avec l&rsquo;\u00e9quipe Germany SailGP. Vettel est copropri\u00e9taire de l&rsquo;\u00e9curie allemande de Formule 1 de voile. Lors de la c\u00e9r\u00e9monie de remise des prix \u00e0 tous les participants du championnat international allemand de voile inclusive, il a pris le temps de s&rsquo;entretenir avec eux.<\/p>\n<p class=\"\">Le casque de course port\u00e9 le lendemain, avec son motif abstrait d&rsquo;inclusion, est sign\u00e9 par Sebastian Vettel. Les recettes de la vente aux ench\u00e8res doivent servir \u00e0 financer des projets de voile inclusive. \u00ab\u00a0Avec cette vente aux ench\u00e8res, nous voulons aider \u00e0 offrir cette exp\u00e9rience \u00e0 encore plus de personnes handicap\u00e9es\u00a0\u00bb, d\u00e9clare <a href=\"https:\/\/www.youtube.com\/shorts\/x_tgNRw0_VA\" class=\"\" rel=\"noopener noreferrer nofollow\" target=\"_blank\">Sebastian Vettel, devenu depuis longtemps un fan de voile<\/a>.<\/p>\n<p class=\"\">Les recettes de l&rsquo;action commune avec les \u00e9quipes Germany SailGP presented by Deutsche Bank, d\u00e9duction faite des frais de la plateforme, seront revers\u00e9es \u00e0 des projets de voile inclusive. L&rsquo;association Wir sind Wir &#8211; Inclusion in Sailing et ses membres en sont les initiateurs, les promoteurs et les organisateurs. Le fondateur Clemens Kraus fait partie des cr\u00e9ateurs et des moteurs de l&rsquo;association, <a href=\"https:\/\/www.yacht.de\/special\/menschen\/portrat-marathonlaufer-sven-jurgensen-hat-sich-der-inklusion-im-segelsport-verschrieben\/\" class=\"\" rel=\"noopener noreferrer nofollow\" target=\"_blank\">le premier pr\u00e9sident Sven J\u00fcrgensen<\/a>L&rsquo;\u00e9quipe de direction et tous les membres engag\u00e9s.<\/p>\n<p>SailGP inclusif : tout le monde \u00e0 bord<\/p>\n<p class=\"\">L&rsquo;association Wir sind Wir &#8211; Inclusion in Sailing s&rsquo;engage \u00e0 permettre aux enfants et aux jeunes handicap\u00e9s d&rsquo;acc\u00e9der au sport de la voile &#8211; et ce sur un pied d&rsquo;\u00e9galit\u00e9. En \u00e9troite collaboration avec le Hamburger Segel-Club et le Norddeutscher Regatta Verein, l&rsquo;association organise par exemple des entra\u00eenements de voile inclusifs sur l&rsquo;Alster &#8211; souvent avec un encadrement individuel 1:1. <\/p>\n<p class=\"\">La demande ne cesse de cro\u00eetre, mais les moyens financiers pour des bateaux sp\u00e9ciaux et des entra\u00eeneurs form\u00e9s ne sont pas toujours suffisants. Des projets comme celui-ci devraient permettre \u00e0 davantage d&rsquo;enfants et de jeunes d&rsquo;apprendre \u00e0 naviguer, de d\u00e9velopper un esprit d&rsquo;\u00e9quipe et peut-\u00eatre m\u00eame de trouver leur voie dans la voile et la r\u00e9gate. Les recettes de la vente aux ench\u00e8res permettront d&rsquo;organiser des entra\u00eenements de voile suppl\u00e9mentaires sur l&rsquo;Alster de Hambourg et d&rsquo;acheter un nouveau bateau sp\u00e9cial (RS Venture Connect) &#8211; afin que davantage d&rsquo;enfants handicap\u00e9s puissent d\u00e9couvrir la libert\u00e9 sur l&rsquo;eau.<\/p>\n<p class=\"\">Le casque port\u00e9 lors du Sail Grand Prix de Sassnitz est une pi\u00e8ce unique et porte l&rsquo;inscription \u00ab\u00a0Alle an Bord\u00a0\u00bb. 100 % des b\u00e9n\u00e9fices de la vente aux ench\u00e8res sont destin\u00e9s \u00e0 la bonne cause. La seule exception concerne les frais de transaction de la plateforme.<\/p>\n<p>Symbole pour naviguer ensemble<\/p>\n<p class=\"\">La vente aux ench\u00e8res est ouverte d\u00e8s maintenant. Les premi\u00e8res offres ont d\u00e9j\u00e0 \u00e9t\u00e9 faites. Chaque contribution fait bouger les choses, qu&rsquo;il s&rsquo;agisse d&rsquo;une ench\u00e8re maximale ou d&rsquo;un don. L&rsquo;enjeu est de faire avancer le d\u00e9veloppement de projets de voile inclusive en Allemagne, afin que les enfants handicap\u00e9s aient de nouvelles chances de prendre eux-m\u00eames les commandes. <a href=\"https:\/\/alle-an-bord-niv82b5.gamma.site\" class=\"\" rel=\"noopener noreferrer nofollow\" target=\"_blank\">Cliquez ici pour acc\u00e9der \u00e0 la vente aux ench\u00e8res \u00ab\u00a0Tous \u00e0 bord\u00a0\u00bb.<\/a><\/p>\n<p class=\"\"><strong>Souvenirs du week-end SailGP \u00e0 Sassnitz avec le Germany SailGP Team by Deutsche Bank et Sebstian Vettel :<\/strong><\/p>\n","protected":false},"excerpt":{"rendered":"Annonc\u00e9 lors du SailGP \u00e0 Sassnitz, maintenant directement mis en \u0153uvre : Le casque que portait le quadruple&hellip;\n","protected":false},"author":2,"featured_media":333485,"comment_status":"","ping_status":"","sticky":false,"template":"","format":"standard","meta":{"footnotes":""},"categories":[1412],"tags":[1451,1452,1453,1454,1455,1011,27,60],"class_list":{"0":"post-333484","1":"post","2":"type-post","3":"status-publish","4":"format-standard","5":"has-post-thumbnail","7":"category-f1","8":"tag-f1","9":"tag-formula-1","10":"tag-formula1","11":"tag-formule-1","12":"tag-formule1","13":"tag-fr","14":"tag-france","15":"tag-sports"},"share_on_mastodon":{"url":"https:\/\/pubeurope.com\/@fr\/115065783827532675","error":""},"_links":{"self":[{"href":"https:\/\/www.europesays.com\/fr\/wp-json\/wp\/v2\/posts\/333484","targetHints":{"allow":["GET"]}}],"collection":[{"href":"https:\/\/www.europesays.com\/fr\/wp-json\/wp\/v2\/posts"}],"about":[{"href":"https:\/\/www.europesays.com\/fr\/wp-json\/wp\/v2\/types\/post"}],"author":[{"embeddable":true,"href":"https:\/\/www.europesays.com\/fr\/wp-json\/wp\/v2\/users\/2"}],"replies":[{"embeddable":true,"href":"https:\/\/www.europesays.com\/fr\/wp-json\/wp\/v2\/comments?post=333484"}],"version-history":[{"count":0,"href":"https:\/\/www.europesays.com\/fr\/wp-json\/wp\/v2\/posts\/333484\/revisions"}],"wp:featuredmedia":[{"embeddable":true,"href":"https:\/\/www.europesays.com\/fr\/wp-json\/wp\/v2\/media\/333485"}],"wp:attachment":[{"href":"https:\/\/www.europesays.com\/fr\/wp-json\/wp\/v2\/media?parent=333484"}],"wp:term":[{"taxonomy":"category","embeddable":true,"href":"https:\/\/www.europesays.com\/fr\/wp-json\/wp\/v2\/categories?post=333484"},{"taxonomy":"post_tag","embeddable":true,"href":"https:\/\/www.europesays.com\/fr\/wp-json\/wp\/v2\/tags?post=333484"}],"curies":[{"name":"wp","href":"https:\/\/api.w.org\/{rel}","templated":true}]}}