{"id":333488,"date":"2025-08-21T08:22:11","date_gmt":"2025-08-21T08:22:11","guid":{"rendered":"https:\/\/www.europesays.com\/fr\/333488\/"},"modified":"2025-08-21T08:22:11","modified_gmt":"2025-08-21T08:22:11","slug":"julio-enciso-pourrait-rejoindre-le-racing-club-de-strasbourg-alsasports","status":"publish","type":"post","link":"https:\/\/www.europesays.com\/fr\/333488\/","title":{"rendered":"Julio Enciso pourrait rejoindre le Racing Club de Strasbourg \u2014 Alsa&rsquo;Sports"},"content":{"rendered":"<p>Selon les informations de l\u2019incontournable Fabrizio Romano,\u00a0<strong>Julio Enciso devrait rejoindre le groupe BlueCo<\/strong>. L\u2019attaquant paraguayen passerait ainsi la saison 2025\/26 sous les couleurs du\u00a0<strong>Racing Club de Strasbourg<\/strong>, avant de rallier\u00a0<strong>Chelsea<\/strong>\u00a0\u00e0 partir de l\u2019\u00e9t\u00e9 prochain.<\/p>\n<p>\u00c2g\u00e9 de 21 ans, Enciso serait consid\u00e9r\u00e9 comme l\u2019un des grands talents offensifs sud-am\u00e9ricains. Sa vitesse, sa qualit\u00e9 de percussion et sa capacit\u00e9 \u00e0 cr\u00e9er le danger pourraient rapidement s\u00e9duire les supporters du Racing, qui auraient l\u2019occasion de le voir \u00e9voluer en Ligue 1 avant son d\u00e9part vers Londres.<\/p>\n<p>Le joueur se serait engag\u00e9 sur un contrat longue dur\u00e9e,\u00a0<strong>jusqu\u2019en 2031 avec une option suppl\u00e9mentaire jusqu\u2019en 2032<\/strong>.<\/p>\n<blockquote class=\"twitter-tweet\">\n<p lang=\"en\" dir=\"ltr\">\ud83d\udea8\ud83d\udd35 Julio Enciso will join BlueCo group spending this season at Strasbourg then joining Chelsea, here we go! \ud83c\uddf5\ud83c\uddfe<\/p>\n<p>Season 2025\/26 in France\u2026 and then future at Chelsea, contract until 2031 plus option until 2032.<\/p>\n<p>\u20ac20m package to Brighton, add-ons included. Medical on Thursday. <a href=\"https:\/\/t.co\/wvMrlhrVjR\" rel=\"nofollow\">pic.twitter.com\/wvMrlhrVjR<\/a><\/p>\n<p>\u2014 Fabrizio Romano (@FabrizioRomano) <a href=\"https:\/\/twitter.com\/FabrizioRomano\/status\/1958290338386186472?ref_src=twsrc%5Etfw\" rel=\"nofollow noopener\" target=\"_blank\">August 20, 2025<\/a><\/p><\/blockquote>\n<p>                    <script async src=\"https:\/\/platform.twitter.com\/widgets.js\" charset=\"utf-8\"><\/script><\/p>\n","protected":false},"excerpt":{"rendered":"Selon les informations de l\u2019incontournable Fabrizio Romano,\u00a0Julio Enciso devrait rejoindre le groupe BlueCo. L\u2019attaquant paraguayen passerait ainsi la&hellip;\n","protected":false},"author":2,"featured_media":227763,"comment_status":"","ping_status":"","sticky":false,"template":"","format":"standard","meta":{"footnotes":""},"categories":[1410],"tags":[63,1011,27,60],"class_list":{"0":"post-333488","1":"post","2":"type-post","3":"status-publish","4":"format-standard","5":"has-post-thumbnail","7":"category-football","8":"tag-football","9":"tag-fr","10":"tag-france","11":"tag-sports"},"share_on_mastodon":{"url":"https:\/\/pubeurope.com\/@fr\/115065791671673083","error":""},"_links":{"self":[{"href":"https:\/\/www.europesays.com\/fr\/wp-json\/wp\/v2\/posts\/333488","targetHints":{"allow":["GET"]}}],"collection":[{"href":"https:\/\/www.europesays.com\/fr\/wp-json\/wp\/v2\/posts"}],"about":[{"href":"https:\/\/www.europesays.com\/fr\/wp-json\/wp\/v2\/types\/post"}],"author":[{"embeddable":true,"href":"https:\/\/www.europesays.com\/fr\/wp-json\/wp\/v2\/users\/2"}],"replies":[{"embeddable":true,"href":"https:\/\/www.europesays.com\/fr\/wp-json\/wp\/v2\/comments?post=333488"}],"version-history":[{"count":0,"href":"https:\/\/www.europesays.com\/fr\/wp-json\/wp\/v2\/posts\/333488\/revisions"}],"wp:featuredmedia":[{"embeddable":true,"href":"https:\/\/www.europesays.com\/fr\/wp-json\/wp\/v2\/media\/227763"}],"wp:attachment":[{"href":"https:\/\/www.europesays.com\/fr\/wp-json\/wp\/v2\/media?parent=333488"}],"wp:term":[{"taxonomy":"category","embeddable":true,"href":"https:\/\/www.europesays.com\/fr\/wp-json\/wp\/v2\/categories?post=333488"},{"taxonomy":"post_tag","embeddable":true,"href":"https:\/\/www.europesays.com\/fr\/wp-json\/wp\/v2\/tags?post=333488"}],"curies":[{"name":"wp","href":"https:\/\/api.w.org\/{rel}","templated":true}]}}