{"id":333491,"date":"2025-08-21T08:25:20","date_gmt":"2025-08-21T08:25:20","guid":{"rendered":"https:\/\/www.europesays.com\/fr\/333491\/"},"modified":"2025-08-21T08:25:20","modified_gmt":"2025-08-21T08:25:20","slug":"serie-speciale-de-livres-celebrant-la-80e-journee-nationale-des-enfants","status":"publish","type":"post","link":"https:\/\/www.europesays.com\/fr\/333491\/","title":{"rendered":"S\u00e9rie sp\u00e9ciale de livres c\u00e9l\u00e9brant la 80e Journ\u00e9e nationale des enfants"},"content":{"rendered":"<p><img decoding=\"async\" class=\"cms-photo\" src=\"https:\/\/www.europesays.com\/fr\/wp-content\/uploads\/2025\/08\/73c0bef7960b41679f913dcc8257a796.webp\" alt=\"S\u00e9rie sp\u00e9ciale de livres c\u00e9l\u00e9brant la 80e Journ\u00e9e nationale des enfants\" cms-photo-caption=\"B\u1ed9 s\u00e1ch \u0111\u1eb7c bi\u1ec7t k\u1ef7 ni\u1ec7m 80 n\u0103m Qu\u1ed1c kh\u00e1nh d\u00e0nh cho thi\u1ebfu nhi\"\/><\/p>\n<p style=\"text-align: justify;\">Le point culminant de la s\u00e9rie est la D\u00e9claration d&rsquo;ind\u00e9pendance r\u00e9dig\u00e9e par l&rsquo;Oncle Ho par Kieu Mai Son, accompagn\u00e9e de nombreux documents pr\u00e9cieux sur des moments historiques importants. Pour la premi\u00e8re fois, les \u00e9ditions Kim Dong ont publi\u00e9 une \u00e9dition illustr\u00e9e en couleur de \u00ab\u00a0L&rsquo;Histoire de notre pays\u00a0\u00bb, un recueil de six \u00e0 huit po\u00e8mes compos\u00e9s par le pr\u00e9sident <a class=\"data-link\" data-org-href=\"https:\/\/www.vietnam.vn\/destination\/ho-chi-minh\" href=\"https:\/\/www.vietnam.vn\/destination\/ho-chi-minh\" title=\"H\u00f4 Chi Minh\" target=\"_blank\" rel=\"noopener\">Ho Chi Minh<\/a> , retra\u00e7ant le processus historique de la p\u00e9riode Hung King \u00e0 1941. <\/p>\n<p><img loading=\"lazy\" decoding=\"async\" id=\"1532007\" alt=\"Oncle Ho a \u00e9crit Tuyen ngon Doc lap.jpg\" data-width=\"2000\" data-height=\"1333\" data-image-id=\"1532007\" class=\"lazyload  cms-photo\" src=\"https:\/\/www.europesays.com\/fr\/wp-content\/uploads\/2025\/08\/bac-ho-viet-tuyen-ngon-doc-lap-3789-1841.jpg.webp.webp\" width=\"1000\" height=\"666\"\/><\/p>\n<p style=\"text-align: justify;\"> La s\u00e9rie de livres pr\u00e9sente \u00e9galement des portraits de dirigeants r\u00e9volutionnaires \u00e0 travers de nombreuses \u0153uvres : Portraits de 15 ministres du <a class=\"data-link\" data-org-href=\"https:\/\/www.vietnam.vn\/tag\/chinh-phu\" href=\"https:\/\/www.vietnam.vn\/tag\/chinh-phu\" title=\"Gouvernement\" target=\"_blank\" rel=\"noopener\">gouvernement provisoire de<\/a> la R\u00e9publique d\u00e9mocratique du Vietnam ; Le m\u00e9canicien Ton Duc Thang ; Nguyen Thi Minh Khai &#8211; Le chant du jardin de b\u00e9tel ; Nguyen Huu Tien &#8211; le peintre du drapeau national &#8230; Parall\u00e8lement \u00e0 cela, des \u0153uvres famili\u00e8res telles que Forever Twenty , Living in the Heart of Resistance sont \u00e9galement r\u00e9imprim\u00e9es, aidant la jeune g\u00e9n\u00e9ration \u00e0 mieux comprendre les deux guerres de r\u00e9sistance \u00e0 long terme.<\/p>\n<p style=\"text-align: justify;\"> En particulier, la publication Chung mot ngoi nha \u2013 Atlas des 54 groupes ethniques vietnamiens honore la diversit\u00e9 culturelle et la solidarit\u00e9, en mettant l\u2019accent sur l\u2019identit\u00e9 nationale comme un point d\u2019appui pour que les jeunes s\u2019int\u00e8grent en toute confiance. <\/p>\n<p><img loading=\"lazy\" decoding=\"async\" id=\"1532005\" alt=\"80 ans de collection culinaire de Quoc Khanh, Kim Dong Publishing House.jpg\" data-width=\"1700\" data-height=\"1133\" data-image-id=\"1532005\" class=\"lazyload  cms-photo\" src=\"https:\/\/www.europesays.com\/fr\/wp-content\/uploads\/2025\/08\/bo-an-pham-80-nam-quoc-khanh-nxb-kim-dong-3534-1529.jpg.webp.webp\" width=\"1000\" height=\"666\"\/><\/p>\n<p style=\"text-align: justify;\"> Mme Vu Thi Quynh Lien, directrice adjointe et r\u00e9dactrice en chef de la maison d&rsquo;\u00e9dition Kim Dong, a d\u00e9clar\u00e9 : \u00ab Nous esp\u00e9rons que gr\u00e2ce \u00e0 cette publication, la jeune g\u00e9n\u00e9ration aimera davantage l\u2019histoire, appr\u00e9ciera les contributions de l\u2019Oncle Ho et de nos pr\u00e9d\u00e9cesseurs, et avancera ainsi r\u00e9solument dans la construction du pays. \u00bb<\/p>\n<p style=\"text-align: justify;\"> Parall\u00e8lement \u00e0 la sortie du livre, la maison d&rsquo;\u00e9dition Kim Dong a organis\u00e9 une discussion sur \u00ab Oncle Ho &#8211; Un mod\u00e8le d&rsquo;apprentissage tout au long de la vie \u00bb le 28 ao\u00fbt au Centre des expositions du Vietnam (Dong Anh, <a class=\"data-link\" data-org-href=\"https:\/\/www.vietnam.vn\/destination\/ha-noi\" href=\"https:\/\/www.vietnam.vn\/destination\/ha-noi\" title=\"Hano\u00ef\" target=\"_blank\" rel=\"noopener\">Hanoi<\/a> ) avec la participation de nombreux experts et chercheurs.<\/p>\n<p style=\"text-align: justify;\"> La s\u00e9rie de publications comm\u00e9moratives n\u2019est pas seulement un hommage \u00e0 l\u2019histoire, mais aussi un pont pour rapprocher les valeurs culturelles et spirituelles de la nation des lecteurs d\u2019aujourd\u2019hui. <\/p>\n<p>MAI AN <\/p>\n<p class=\"mb-0\">Source : https:\/\/www.sggp.org.vn\/bo-sach-dac-biet-ky-niem-80-nam-quoc-khanh-danh-cho-thieu-nhi-post809445.html<\/p>\n","protected":false},"excerpt":{"rendered":"Le point culminant de la s\u00e9rie est la D\u00e9claration d&rsquo;ind\u00e9pendance r\u00e9dig\u00e9e par l&rsquo;Oncle Ho par Kieu Mai Son,&hellip;\n","protected":false},"author":2,"featured_media":333492,"comment_status":"","ping_status":"","sticky":false,"template":"","format":"standard","meta":{"footnotes":""},"categories":[1357],"tags":[47083,1379,4413,47084,58,59,47081,1011,27,47082,1380],"class_list":{"0":"post-333491","1":"post","2":"type-post","3":"status-publish","4":"format-standard","5":"has-post-thumbnail","7":"category-livres","8":"tag-80e-journee-nationale","9":"tag-books","10":"tag-celebrer","11":"tag-declaration-dindependance","12":"tag-divertissement","13":"tag-entertainment","14":"tag-fierte-nationale","15":"tag-fr","16":"tag-france","17":"tag-kim-dong","18":"tag-livres"},"share_on_mastodon":{"url":"https:\/\/pubeurope.com\/@fr\/115065803569613677","error":""},"_links":{"self":[{"href":"https:\/\/www.europesays.com\/fr\/wp-json\/wp\/v2\/posts\/333491","targetHints":{"allow":["GET"]}}],"collection":[{"href":"https:\/\/www.europesays.com\/fr\/wp-json\/wp\/v2\/posts"}],"about":[{"href":"https:\/\/www.europesays.com\/fr\/wp-json\/wp\/v2\/types\/post"}],"author":[{"embeddable":true,"href":"https:\/\/www.europesays.com\/fr\/wp-json\/wp\/v2\/users\/2"}],"replies":[{"embeddable":true,"href":"https:\/\/www.europesays.com\/fr\/wp-json\/wp\/v2\/comments?post=333491"}],"version-history":[{"count":0,"href":"https:\/\/www.europesays.com\/fr\/wp-json\/wp\/v2\/posts\/333491\/revisions"}],"wp:featuredmedia":[{"embeddable":true,"href":"https:\/\/www.europesays.com\/fr\/wp-json\/wp\/v2\/media\/333492"}],"wp:attachment":[{"href":"https:\/\/www.europesays.com\/fr\/wp-json\/wp\/v2\/media?parent=333491"}],"wp:term":[{"taxonomy":"category","embeddable":true,"href":"https:\/\/www.europesays.com\/fr\/wp-json\/wp\/v2\/categories?post=333491"},{"taxonomy":"post_tag","embeddable":true,"href":"https:\/\/www.europesays.com\/fr\/wp-json\/wp\/v2\/tags?post=333491"}],"curies":[{"name":"wp","href":"https:\/\/api.w.org\/{rel}","templated":true}]}}