{"id":333493,"date":"2025-08-21T08:26:11","date_gmt":"2025-08-21T08:26:11","guid":{"rendered":"https:\/\/www.europesays.com\/fr\/333493\/"},"modified":"2025-08-21T08:26:11","modified_gmt":"2025-08-21T08:26:11","slug":"la-nouvelle-serie-de-laveyronnais-olivier-norek-fait-surface-en-streaming-ce-jeudi-21-aout","status":"publish","type":"post","link":"https:\/\/www.europesays.com\/fr\/333493\/","title":{"rendered":"La nouvelle s\u00e9rie de l&rsquo;Aveyronnais Olivier Norek fait \u00ab\u00a0Surface\u00a0\u00bb en streaming ce jeudi 21 ao\u00fbt"},"content":{"rendered":"<p>\n                                                                Ce jeudi 21 ao\u00fbt voit deux \u00e9v\u00e9nements autour de \u00ab\u00a0Surface\u00a0\u00bb : la diffusion en streaming sur France TV, de l\u2019adaptation du roman d\u2019Olivier Norek, lui-m\u00eame r\u00e9\u00e9dit\u00e9 avec en couverture Laura Smet et Tomer Sisley, qui campent les personnages principaux de la s\u00e9rie.\n                            <\/p>\n<p>La diffusion grand public des deux premiers \u00e9pisodes de la nouvelle s\u00e9rie \u00ab\u00a0Surface\u00a0\u00bb, sur France 2, est programm\u00e9e le soir de la rentr\u00e9e scolaire, le 1er septembre. Une transition id\u00e9ale pour prolonger encore un peu le souvenir des vacances avant de reprendre le quotidien professionnel\u2026 Les autres \u00e9pisodes seront diffus\u00e9s, toujours par deux, les 8 et 15 septembre.<\/p>\n<p>Mais pour les spectateurs les plus impatients, \u00ab\u00a0Surface\u00a0\u00bb sera d\u00e9j\u00e0 disponible sur la plateforme de <a href=\"http:\/\/france.tv\" rel=\"nofollow noopener\" target=\"_blank\">france.tv<\/a>, d\u00e8s demain jeudi 21 ao\u00fbt. Nul doute que bon nombre d\u2019Aveyronnais, a fortiori dans le bassin decazevillois, visionneront au plus t\u00f4t la s\u00e9rie, adapt\u00e9e du c\u00e9l\u00e8bre roman \u00ab\u00a0Surface\u00a0\u00bb paru en 2019, de l\u2019Aubinois Olivier Norek.<\/p>\n<p>Dans le roman, l\u2019intrigue se passe \u00e0 Decazeville et dans une commune limitrophe imagin\u00e9e, appel\u00e9e Avalone o\u00f9 un cadavre d\u2019adolescent disparu 20 ans auparavant remonte \u00e0 la surface d\u2019un lac artificiel tout aussi invent\u00e9. La s\u00e9rie, produite par Quad Drama pour France 2, qui a \u00e9t\u00e9 tourn\u00e9e en 2024 dans le Tarn, pr\u00e8s de Mazamet, place l\u2019intrigue \u00e0 Avalone-le-Haut et Avalone-le-Bas. D\u00e9j\u00e0 diffus\u00e9e en Belgique et en Suisse, \u00e0 raison de trois \u00e9pisodes par soir\u00e9e contre deux en France, \u00ab\u00a0Surface\u00a0\u00bb a obtenu de belles audiences, se pla\u00e7ant en deuxi\u00e8me position.<\/p>\n<p>\u00ab\u00a0Laura Smet offre aussi un peu d\u2019elle-m\u00eame, plus qu\u2019un travail d\u2019actrice\u00a0\u00bb<\/p>\n<p>La s\u00e9rie a par ailleurs re\u00e7u d\u2019excellentes critiques. Sur les r\u00e9seaux sociaux, Olivier Norek lui-m\u00eame souligne qu\u2019elle va \u00ab\u00a0au-del\u00e0 de mes espoirs\u00a0\u00bb. La prestation de Laura Smet est tout particuli\u00e8rement salu\u00e9e tant par la critique (\u00ab\u00a0bluffante\u00a0\u00bb selon Cin\u00e9-T\u00e9l\u00e9 Revue) que par l\u2019auteur aubinois : \u00ab\u00a0J\u2019ai retrouv\u00e9 mon livre. Quand elle a lu le sc\u00e9nario, Laura Smet s\u2019est sentie tr\u00e8s proche de No\u00e9mie Chastain et de ses blessures ext\u00e9rieures. Elle s\u2019est compl\u00e8tement cam\u00e9l\u00e9onis\u00e9e avec ce personnage. Ce qu\u2019elle offre est plus qu\u2019un travail d\u2019actrice, elle offre aussi un peu d\u2019elle-m\u00eame, de son intimit\u00e9, un peu de ses blessures, un peu de ses col\u00e8res, un peu de ses peines. On voit tr\u00e8s bien quand un r\u00f4le a \u00e9t\u00e9 pris et jou\u00e9 pas juste comme un simple acteur mais presque comme un \u00e9pisode de sa propre vie. Elle l\u2019incarne compl\u00e8tement\u00a0\u00bb.<\/p>\n<p>Tomer Sisley est \u00ab\u00a0\u00e9l\u00e9gant et g\u00e9n\u00e9reux\u00a0\u00bb<\/p>\n<p>Olivier Norek salue \u00e9galement le jeu et l\u2019attitude de Tomer Sisley : \u00a0\u00bb Un excellent acteur et qui a su de mani\u00e8re tr\u00e8s \u00e9l\u00e9gante laisser toute la place au personnage principal. J\u2019ai trouv\u00e9 chez lui une grande g\u00e9n\u00e9rosit\u00e9 : jouer tr\u00e8s bien, \u00eatre pr\u00e9sent, bouffer l\u2019espace et la cam\u00e9ra. Mais pourtant, r\u00e9ussir \u00e0 faire toujours un pas en arri\u00e8re parce qu\u2019il se souvenait que le personnage principal, c\u2019est No\u00e9mie Chastain, c\u2019est Laura Smet. Pour ne pas prendre toute la lumi\u00e8re alors qu\u2019il aurait tr\u00e8s bien pu le faire. Comme dans mes livres, il n\u2019y a pas de deuxi\u00e8me, troisi\u00e8me, quatri\u00e8me ou cinqui\u00e8me r\u00f4le. On pourrait faire une s\u00e9rie avec chacun des personnages. Ils jouent tous comme s\u2019ils \u00e9taient aussi un acteur principal. Tout le monde s\u2019est vraiment \u00e9norm\u00e9ment investi dans cette s\u00e9rie. Le r\u00e9alisateur Slimane-Baptiste Berhoun (qui avait r\u00e9alis\u00e9 \u00ab\u00a0Vortex\u00a0\u00bb, d\u00e9j\u00e0 avec Tomer Sisley NDLR) a fait un travail formidable. Il y a des passages o\u00f9 on se demande si on est en train de regarder la t\u00e9l\u00e9, ou si on est en train de regarder un film de cin\u00e9ma \u00e0 la t\u00e9l\u00e9\u00a0\u00bb, conclut Olivier Norek, qui va bient\u00f4t passer quelques jours en Aveyron avant de se lancer dans un p\u00e9riple international.<\/p>\n","protected":false},"excerpt":{"rendered":"Ce jeudi 21 ao\u00fbt voit deux \u00e9v\u00e9nements autour de \u00ab\u00a0Surface\u00a0\u00bb : la diffusion en streaming sur France TV,&hellip;\n","protected":false},"author":2,"featured_media":333494,"comment_status":"","ping_status":"","sticky":false,"template":"","format":"standard","meta":{"footnotes":""},"categories":[1356],"tags":[58,59,1011,27,252,1364],"class_list":{"0":"post-333493","1":"post","2":"type-post","3":"status-publish","4":"format-standard","5":"has-post-thumbnail","7":"category-television","8":"tag-divertissement","9":"tag-entertainment","10":"tag-fr","11":"tag-france","12":"tag-television","13":"tag-tv"},"share_on_mastodon":{"url":"https:\/\/pubeurope.com\/@fr\/115065807446218869","error":""},"_links":{"self":[{"href":"https:\/\/www.europesays.com\/fr\/wp-json\/wp\/v2\/posts\/333493","targetHints":{"allow":["GET"]}}],"collection":[{"href":"https:\/\/www.europesays.com\/fr\/wp-json\/wp\/v2\/posts"}],"about":[{"href":"https:\/\/www.europesays.com\/fr\/wp-json\/wp\/v2\/types\/post"}],"author":[{"embeddable":true,"href":"https:\/\/www.europesays.com\/fr\/wp-json\/wp\/v2\/users\/2"}],"replies":[{"embeddable":true,"href":"https:\/\/www.europesays.com\/fr\/wp-json\/wp\/v2\/comments?post=333493"}],"version-history":[{"count":0,"href":"https:\/\/www.europesays.com\/fr\/wp-json\/wp\/v2\/posts\/333493\/revisions"}],"wp:featuredmedia":[{"embeddable":true,"href":"https:\/\/www.europesays.com\/fr\/wp-json\/wp\/v2\/media\/333494"}],"wp:attachment":[{"href":"https:\/\/www.europesays.com\/fr\/wp-json\/wp\/v2\/media?parent=333493"}],"wp:term":[{"taxonomy":"category","embeddable":true,"href":"https:\/\/www.europesays.com\/fr\/wp-json\/wp\/v2\/categories?post=333493"},{"taxonomy":"post_tag","embeddable":true,"href":"https:\/\/www.europesays.com\/fr\/wp-json\/wp\/v2\/tags?post=333493"}],"curies":[{"name":"wp","href":"https:\/\/api.w.org\/{rel}","templated":true}]}}