{"id":333503,"date":"2025-08-21T08:31:07","date_gmt":"2025-08-21T08:31:07","guid":{"rendered":"https:\/\/www.europesays.com\/fr\/333503\/"},"modified":"2025-08-21T08:31:07","modified_gmt":"2025-08-21T08:31:07","slug":"audiences-le-film-la-petite-sirene-diffuse-pour-la-premiere-fois-en-clair-sur-m6-a-t-il-pu-rivaliser-avec-astrid-et-raphaelle-sur-france-2-puremedias","status":"publish","type":"post","link":"https:\/\/www.europesays.com\/fr\/333503\/","title":{"rendered":"Audiences : Le film &quot;La petite sir\u00e8ne&quot;, diffus\u00e9 pour la premi\u00e8re fois en clair sur M6, a-t-il pu rivaliser avec &quot;Astrid et Rapha\u00eblle&quot; sur France 2 ? &#8211; puremedias"},"content":{"rendered":"<ol>\n<li><a href=\"https:\/\/news.google.com\/rss\/articles\/CBMi-AFBVV95cUxQU2U0VERKZ3RfOEpneVo2ZVBWZF9ienIyM2I5eU9KN2xOeDFFb3luTjJXSGFyT2tjRGJWanZvNGdpdk9lRERSNGZSMzFXT0xuaHNwYThZYWZjZkxPN1U0Vzg1Z1RrZUF5Z3JyNTJDMTFoVFV0WUNCUDUzWmFFQTZCbm1aSmhLa2ZMX2xXcTh4S1gtVnZwb0RxcHlWdkRzN29xVHA0VUtPMURmSDVxeE0wM19WOE9wT0lfUTF0WlltNzYyem1zWWRBaExqSFlNbzJqTDZYSmt6U2hEUG5CcEpPaHNzUkVqSV9ObEttYm5kU2p1NXVVQm9NLQ?oc=5\" target=\"_blank\" rel=\"nofollow noopener\">Audiences : Le film \u00ab\u00a0La petite sir\u00e8ne\u00a0\u00bb, diffus\u00e9 pour la premi\u00e8re fois en clair sur M6, a-t-il pu rivaliser avec \u00ab\u00a0Astrid et Rapha\u00eblle\u00a0\u00bb sur France 2 ?<\/a>&nbsp;&nbsp;puremedias<\/li>\n<li><a href=\"https:\/\/news.google.com\/rss\/articles\/CBMifkFVX3lxTE0taFdGZTFGdlI1dy1pQi1mN2FFNy1OekhFU2xRd0N6Z3pPSDBHQTVzMDNoMlprSVRJc2M3d2tSRzVfUmx5NWZNQkJTY0M1aVc5QWhQZG4yUThJRmxsX19RUXJNdWhhalc2YkszODBNZTJGMGJuaXZHMlZPczFndw?oc=5\" target=\"_blank\" rel=\"nofollow noopener\">Astrid et Rapha\u00eblle : saviez-vous que le fils de Sara Mortensen jouait dans l&rsquo;\u00e9pisode de ce soir ?<\/a>&nbsp;&nbsp;AlloCin\u00e9<\/li>\n<li><a href=\"https:\/\/news.google.com\/rss\/articles\/CBMi3AFBVV95cUxPeXhqeXZxbHdidWpHcm5qZ3RWd2wwdVZPSHR6eTVZSFl3MEVXTGJ2QXVnVmNWUXc4VjR5UEU1aWpwMVF5OWhBbGpTX21acXlYNWRTUmlqNjZyc05fYmhQci03N213OWJTcTVRdHMwZTNnQUhfRktJVjJ5a1U5anF5dGMxYTFlNnFfZUpzWUhtY1EwVnBzcFdYVmJkY1R0MjAxWkdjSHdteS1HcXNLMWN1VGlUWkNtRG80SHJLeDFHM3hMYU9lSU9CMmlTNmhSenVYSnB2V09VNkl5YmlB?oc=5\" target=\"_blank\" rel=\"nofollow noopener\">Audiences TV : \u00ab Astrid et Rapha\u00eblle \u00bb sur France 2, loin devant<\/a>&nbsp;&nbsp;Le Parisien<\/li>\n<li><a href=\"https:\/\/news.google.com\/rss\/articles\/CBMiiAJBVV95cUxQQ0k4WThuNWNvaDdzb0tPYjNGUnJWTEhYWXk3ZzUxYnhuZHMzN1BBV3ZZazlQaVp3WjBVNWdPYnZGdHhhVS1SYVYzNmxwWjlVTzVnandqLS12QjEtX2E4b3JjUzBSeDl3d080YkF0QU9YdXdOaVZweFpuRk9XYk9ObWh6MmNVdG4wT1RFMnNVM091UlN1V3V0cTBfVktjeG9LbWNzeTdTUXJMSlFuT3JKMklFOVFSR29NaWJSTjhfSzFKaUxMYVVVVjhIUndtbWhPM2JWNWFXZklwLVE5N2ZnN1hwRlFZSmxEclNVMUMzLVUxWEJtUXZZQV8wYV9TUFpfVlZiTkVRdHM?oc=5\" target=\"_blank\" rel=\"nofollow noopener\">\u201cPersonne n\u2019a vu qu\u2019il a jou\u00e9\u201d : Aksel, le fils de Sara Mortensen, au casting de l\u2019\u00e9pisode d&rsquo;Astrid et Rapha\u00eblle rediffus\u00e9 ce soir sur France 2<\/a>&nbsp;&nbsp;CesoirTV<\/li>\n<li><a href=\"https:\/\/news.google.com\/rss\/articles\/CBMirgJBVV95cUxPejhkR3hiVTNCTndjbnZIcmFtTjRubW5ZSzdYbEJuU3dBdm9PZ0xnaXNtUm1DMVRRVDJQeFdSaUtCOEd0ZlpWWFlWWnhfN3d2WEJxVUZTVzUxOHA5UjNaM1YxdzVFSkEtTnBEaUVBSXJRdFc2Y1RaU2hsRXNlbmcyR2pMQ0xscW1BZU5YVWpUelI1ZXppbFA3UHRQVEw3d2F6N1MxYnc0WTdMdUhMRmRaNGFseE9yZy11UHA0QVNqMVFpVzl3dTBSR0ZGOVRRRElKSDNHUzZidnBHZ0txYkdycEdHMDlZcmNXWXpJZ0JkOXZvR1Zna0tjYUMxMWU1MHItdXhrVVZvRWpnWE5lajRCUklzRlVEaHRmWDRFTWJRajBtVTVuM1RTUFpiRjBwQQ?oc=5\" target=\"_blank\" rel=\"nofollow noopener\">\u00ab\u00a0Ils ne l&rsquo;ont pas choisi parce que c&rsquo;\u00e9tait mon fils !\u00a0\u00bb : Le fils de Sara Mortensen joue dans l&rsquo;\u00e9pisode d&rsquo;Astrid et Rapha\u00eblle diffus\u00e9 ce mercredi 20 ao\u00fbt (PHOTOS)<\/a>&nbsp;&nbsp;programme-tv.net<\/li>\n<\/ol>\n","protected":false},"excerpt":{"rendered":"Audiences : Le film \u00ab\u00a0La petite sir\u00e8ne\u00a0\u00bb, diffus\u00e9 pour la premi\u00e8re fois en clair sur M6, a-t-il pu&hellip;\n","protected":false},"author":2,"featured_media":1445,"comment_status":"","ping_status":"","sticky":false,"template":"","format":"standard","meta":{"footnotes":""},"categories":[8],"tags":[58,59,1011,27],"class_list":{"0":"post-333503","1":"post","2":"type-post","3":"status-publish","4":"format-standard","5":"has-post-thumbnail","7":"category-divertissement","8":"tag-divertissement","9":"tag-entertainment","10":"tag-fr","11":"tag-france"},"share_on_mastodon":{"url":"https:\/\/pubeurope.com\/@fr\/115065827272459262","error":""},"_links":{"self":[{"href":"https:\/\/www.europesays.com\/fr\/wp-json\/wp\/v2\/posts\/333503","targetHints":{"allow":["GET"]}}],"collection":[{"href":"https:\/\/www.europesays.com\/fr\/wp-json\/wp\/v2\/posts"}],"about":[{"href":"https:\/\/www.europesays.com\/fr\/wp-json\/wp\/v2\/types\/post"}],"author":[{"embeddable":true,"href":"https:\/\/www.europesays.com\/fr\/wp-json\/wp\/v2\/users\/2"}],"replies":[{"embeddable":true,"href":"https:\/\/www.europesays.com\/fr\/wp-json\/wp\/v2\/comments?post=333503"}],"version-history":[{"count":0,"href":"https:\/\/www.europesays.com\/fr\/wp-json\/wp\/v2\/posts\/333503\/revisions"}],"wp:featuredmedia":[{"embeddable":true,"href":"https:\/\/www.europesays.com\/fr\/wp-json\/wp\/v2\/media\/1445"}],"wp:attachment":[{"href":"https:\/\/www.europesays.com\/fr\/wp-json\/wp\/v2\/media?parent=333503"}],"wp:term":[{"taxonomy":"category","embeddable":true,"href":"https:\/\/www.europesays.com\/fr\/wp-json\/wp\/v2\/categories?post=333503"},{"taxonomy":"post_tag","embeddable":true,"href":"https:\/\/www.europesays.com\/fr\/wp-json\/wp\/v2\/tags?post=333503"}],"curies":[{"name":"wp","href":"https:\/\/api.w.org\/{rel}","templated":true}]}}