{"id":333508,"date":"2025-08-21T08:34:10","date_gmt":"2025-08-21T08:34:10","guid":{"rendered":"https:\/\/www.europesays.com\/fr\/333508\/"},"modified":"2025-08-21T08:34:10","modified_gmt":"2025-08-21T08:34:10","slug":"volodymyr-zelensky-juge-possible-une-rencontre-avec-vladimir-poutine-et-propose-trois-lieux","status":"publish","type":"post","link":"https:\/\/www.europesays.com\/fr\/333508\/","title":{"rendered":"Volodymyr Zelensky juge possible une rencontre avec Vladimir Poutine et propose trois lieux"},"content":{"rendered":"<p>Le pr\u00e9sident ukrainien a multipli\u00e9 les d\u00e9clarations autour de diff\u00e9rents sujets comme la possible rencontre avec Vladimir Poutine, l\u2019avanc\u00e9e de la Russie sur le terrain ou encore la position de la Chine dans le conflit.<\/p>\n<p class=\"fig-paragraph\">Rencontre avec\u00a0<a href=\"http:\/\/www.lefigaro.fr\/international\/vladimir-poutine-est-un-ogre-qui-a-besoin-de-continuer-a-manger-pour-survivre-avertit-emmanuel-macron-20250819\" data-fig-type=\"NewsFlash\" data-gtm-custom-categorie=\"navigation\" data-gtm-custom-action=\"crossclick\" data-gtm-custom-label=\"Contextuel\" data-gtm-event=\"customEventSPE\" data-fig-domain=\"LEFIGARO\" target=\"_blank\" rel=\"noopener\">Vladimir Poutine<\/a>, troupes russes dans le sud de l\u2019Ukraine,\u00a0<a href=\"http:\/\/www.lefigaro.fr\/vox\/monde\/viktor-orban-gouverne-dans-l-interet-du-peuple-hongrois-pas-pour-plaire-aux-eurocrates-20250808\" data-fig-type=\"Article\" data-gtm-custom-categorie=\"navigation\" data-gtm-custom-action=\"crossclick\" data-gtm-custom-label=\"Contextuel\" data-gtm-event=\"customEventSPE\" data-fig-domain=\"LEFIGARO\" target=\"_blank\" rel=\"noopener\">Viktor Orban<\/a>\u00a0et le blocage de l\u2019adh\u00e9sion de l\u2019Ukraine \u00e0 l\u2019UE, position de la Chine dans le conflit, nouveau missile&#8230;<\/p>\n<p class=\"fig-paragraph\">Volodymyr Zelensky a multipli\u00e9 les d\u00e9clarations &#8211; faites mercredi mais qui \u00e9taient sous embargo jusqu\u2019\u00e0 jeudi matin &#8211; \u00e0 un groupe de m\u00e9dias, dont l\u2019AFP. Le Figaro fait le point sur la situation.<\/p>\n<p>                                    <a class=\"fig-a11y-skip a11y-hidden\" href=\"#fig-a11y-skip-main-inarticle\"><br \/>\n        Passer la publicit\u00e9<br \/>\n    <\/a><\/p>\n<p>La Suisse, l\u2019Autriche et la Turquie pour accueillir une rencontre avec Poutine<\/p>\n<p class=\"fig-paragraph\">Volodymyr Zelensky a assur\u00e9\u00a0<a href=\"http:\/\/www.lefigaro.fr\/international\/guerre-en-ukraine-une-rencontre-entre-vladimir-poutine-et-volodymyr-zelensky-devrait-avoir-lieu-d-ici-deux-semaines-selon-friedrich-merz-20250819\" data-fig-type=\"NewsFlash\" data-gtm-custom-categorie=\"navigation\" data-gtm-custom-action=\"crossclick\" data-gtm-custom-label=\"Contextuel\" data-gtm-event=\"customEventSPE\" data-fig-domain=\"LEFIGARO\" target=\"_blank\" rel=\"noopener\">qu\u2019une rencontre<\/a>\u00a0avec Vladimir Poutine sera possible apr\u00e8s avoir d\u00e9termin\u00e9 les grandes lignes d\u2019un accord avec les Occidentaux sur les garanties de s\u00e9curit\u00e9 pour l\u2019Ukraine, mentionnant\u00a0<a href=\"http:\/\/www.lefigaro.fr\/international\/guerre-en-ukraine-la-suisse-et-l-autriche-pretes-a-accueillir-vladimir-poutine-malgre-le-mandat-d-arret-de-la-cpi-20250820\" data-fig-type=\"NewsFlash\" data-gtm-custom-categorie=\"navigation\" data-gtm-custom-action=\"crossclick\" data-gtm-custom-label=\"Contextuel\" data-gtm-event=\"customEventSPE\" data-fig-domain=\"LEFIGARO\" target=\"_blank\" rel=\"noopener\">la Suisse, l\u2019Autriche<\/a>\u00a0et la Turquie comme pays pouvant accueillir cette r\u00e9union.<\/p>\n<p class=\"fig-paragraph\">\u00abNous voulons parvenir \u00e0 une compr\u00e9hension de l\u2019architecture des garanties de s\u00e9curit\u00e9 d\u2019ici sept \u00e0 dix jours. Et sur la base de cette compr\u00e9hension, nous avons l\u2019intention d\u2019organiser une r\u00e9union trilat\u00e9rale\u00bb incluant le pr\u00e9sident am\u00e9ricain\u00a0<a href=\"http:\/\/www.lefigaro.fr\/international\/empecher-les-drogues-d-inonder-notre-pays-donald-trump-deploie-trois-navires-de-guerre-pres-des-cotes-du-venezuela-20250821\" data-fig-type=\"NewsFlash\" data-gtm-custom-categorie=\"navigation\" data-gtm-custom-action=\"crossclick\" data-gtm-custom-label=\"Contextuel\" data-gtm-event=\"customEventSPE\" data-fig-domain=\"LEFIGARO\" target=\"_blank\" rel=\"noopener\">Donald Trump<\/a>, a pr\u00e9cis\u00e9 le dirigeant ukrainien.<\/p>\n<p class=\"fig-paragraph\">\u00abNous estimons qu\u2019il est juste (&#8230;) que la rencontre ait lieu dans une Europe neutre\u00bb, a ajout\u00e9 M. Zelensky. Tenir cette r\u00e9union \u00e0\u00a0<a href=\"http:\/\/www.lefigaro.fr\/international\/hongrie-le-maire-de-budapest-convoque-par-la-police-pour-avoir-maintenu-la-marche-des-fiertes-20250724\" data-fig-type=\"NewsFlash\" data-gtm-custom-categorie=\"navigation\" data-gtm-custom-action=\"crossclick\" data-gtm-custom-label=\"Contextuel\" data-gtm-event=\"customEventSPE\" data-fig-domain=\"LEFIGARO\" target=\"_blank\" rel=\"noopener\">Budapest<\/a>\u00a0\u00abn\u2019est pas facile\u00bb vu le rapprochement entre la Hongrie et la Russie, a soulign\u00e9 M. Zelensky, qui a aussi exclu le choix de Moscou.<\/p>\n<p class=\"fig-body-link\">\n            \u00c0 lire aussi<br \/>\n        <a class=\"fig-body-link__link fig-premium-mark\" href=\"http:\/\/www.lefigaro.fr\/international\/guerre-en-ukraine-vladimir-poutine-va-t-il-vraiment-accepter-une-rencontre-avec-volodymyr-zelensky-20250819\" data-fig-type=\"Article\" data-gtm-custom-categorie=\"navigation\" data-gtm-custom-action=\"crossclick\" data-gtm-custom-label=\"Contextuel\" data-gtm-event=\"customEventSPE\" data-fig-domain=\"LEFIGARO\" target=\"_blank\" rel=\"noopener\">Guerre en Ukraine\u00a0: Vladimir Poutine va-t-il vraiment accepter une rencontre avec Volodymyr Zelensky?<br \/>\n    <\/a>\n<\/p>\n<p>\u00ab<strong>La Russie masse des troupes dans le sud occup\u00e9 de l\u2019Ukraine\u00bb<\/strong><\/p>\n<p class=\"fig-paragraph\">Volodymyr Zelensky a \u00e9galement indiqu\u00e9 que \u00abla Russie est en train de masser des troupes dans la partie occup\u00e9e de la r\u00e9gion de\u00a0<a href=\"http:\/\/www.lefigaro.fr\/flash-actu\/guerre-en-ukraine-pres-de-30-blesses-dans-une-frappe-russe-contre-zaporijjia-20250502\" data-fig-type=\"NewsFlash\" data-gtm-custom-categorie=\"navigation\" data-gtm-custom-action=\"crossclick\" data-gtm-custom-label=\"Contextuel\" data-gtm-event=\"customEventSPE\" data-fig-domain=\"LEFIGARO\" target=\"_blank\" rel=\"noopener\">Zaporijjia<\/a> , dans le sud de l\u2019Ukraine, en vue d\u2019une potentielle offensive\u00bb.<\/p>\n<p class=\"fig-paragraph\">Selon le dirigeant ukrainien, Moscou transf\u00e8re vers cette zone ses forces depuis la r\u00e9gion russe de\u00a0<a href=\"http:\/\/www.lefigaro.fr\/international\/guerre-en-ukraine-au-moins-trois-morts-dans-une-attaque-de-drone-menee-par-kiev-a-koursk-en-russie-20250709\" data-fig-type=\"NewsFlash\" data-gtm-custom-categorie=\"navigation\" data-gtm-custom-action=\"crossclick\" data-gtm-custom-label=\"Contextuel\" data-gtm-event=\"customEventSPE\" data-fig-domain=\"LEFIGARO\" target=\"_blank\" rel=\"noopener\">Koursk<\/a>.<\/p>\n<p>                                    <a class=\"fig-a11y-skip a11y-hidden\" href=\"#fig-a11y-skip-main-inarticle_mtf\"><br \/>\n        Passer la publicit\u00e9<br \/>\n    <\/a><\/p>\n<p>\u00ab<strong>La Chine ne peut pas \u00eatre un garant de s\u00e9curit\u00e9 pour l\u2019Ukraine\u00bb<\/strong><\/p>\n<p class=\"fig-paragraph\">La Chine ne peut pas \u00eatre un garant de s\u00e9curit\u00e9 pour l\u2019Ukraine face \u00e0 la Russie, a jug\u00e9 Volodymyr Zelensky, en \u00e9voquant le soutien de P\u00e9kin \u00e0 Moscou.<\/p>\n<p class=\"fig-paragraph\">\u00abPremi\u00e8rement, la Chine ne nous a pas aid\u00e9s \u00e0 mettre fin \u00e0 cette guerre d\u00e8s le d\u00e9but. Deuxi\u00e8mement, la Chine a aid\u00e9 la Russie en ouvrant le march\u00e9 des drones\u00bb. \u00abNous n\u2019avons pas besoin de garants qui n\u2019aident pas l\u2019Ukraine\u00bb, a-t-il ajout\u00e9.<\/p>\n<p>\u00abJ\u2019ai demand\u00e9 au pr\u00e9sident Trump que Budapest ne bloque pas notre adh\u00e9sion \u00e0 l\u2019UE\u00bb<\/p>\n<p class=\"fig-paragraph\">Volodymyr Zelensky a aussi dit avoir demand\u00e9 \u00e0 Donald Trump de convaincre le chef d\u2019\u00c9tat hongrois Viktor Orban de cesser de bloquer l\u2019ouverture de n\u00e9gociations sur\u00a0<a href=\"http:\/\/www.lefigaro.fr\/international\/accelerer-l-adhesion-de-l-ukraine-a-l-ue-une-alternative-bancale-a-son-entree-dans-l-otan-20250217\" data-fig-type=\"Article\" data-gtm-custom-categorie=\"navigation\" data-gtm-custom-action=\"crossclick\" data-gtm-custom-label=\"Contextuel\" data-gtm-event=\"customEventSPE\" data-fig-domain=\"LEFIGARO\" target=\"_blank\" rel=\"noopener\">l\u2019adh\u00e9sion de l\u2019Ukraine \u00e0 l\u2019Union europ\u00e9enne<\/a>.<\/p>\n<p class=\"fig-paragraph\">\u00abJ\u2019ai demand\u00e9 au pr\u00e9sident Trump que Budapest ne bloque pas notre adh\u00e9sion \u00e0 l\u2019Union europ\u00e9enne. Le pr\u00e9sident Trump a promis que son \u00e9quipe y travaillerait\u00bb.<\/p>\n<p class=\"fig-body-link\">\n            \u00c0 lire aussi<br \/>\n        <a class=\"fig-body-link__link fig-premium-mark\" href=\"http:\/\/www.lefigaro.fr\/international\/le-casse-tete-bureaucratique-et-institutionnel-de-l-adhesion-de-l-ukraine-a-l-union-europeenne-20250326\" data-fig-type=\"Article\" data-gtm-custom-categorie=\"navigation\" data-gtm-custom-action=\"crossclick\" data-gtm-custom-label=\"Contextuel\" data-gtm-event=\"customEventSPE\" data-fig-domain=\"LEFIGARO\" target=\"_blank\" rel=\"noopener\">Le casse-t\u00eate bureaucratique et institutionnel de l\u2019adh\u00e9sion de l\u2019Ukraine \u00e0 l\u2019Union europ\u00e9enne<br \/>\n    <\/a>\n<\/p>\n<p><strong>L\u2019Ukraine a test\u00e9 avec succ\u00e8s un nouveau missile d\u2019une port\u00e9e de 3000 km<\/strong><\/p>\n<p class=\"fig-paragraph\">Enfin, Volodymyr Zelensky a expliqu\u00e9 que son pays avait test\u00e9 avec succ\u00e8s un nouveau missile d\u2019une port\u00e9e de 3000 kilom\u00e8tres\u00a0<a href=\"http:\/\/www.lefigaro.fr\/international\/guerre-en-ukraine-kiev-lance-la-production-en-serie-de-son-missile-de-croisiere-flamingo-d-une-portee-de-3000-kilometres-20250818\" data-fig-type=\"NewsFlash\" data-gtm-custom-categorie=\"navigation\" data-gtm-custom-action=\"crossclick\" data-gtm-custom-label=\"Contextuel\" data-gtm-event=\"customEventSPE\" data-fig-domain=\"LEFIGARO\" target=\"_blank\" rel=\"noopener\">appel\u00e9 Flamingo<\/a>, et dont la production de masse pourrait d\u00e9buter au d\u00e9but de l\u2019ann\u00e9e prochaine.<\/p>\n<p>                                    <a class=\"fig-a11y-skip a11y-hidden\" href=\"#fig-a11y-skip-main-inarticle_btf\"><br \/>\n        Passer la publicit\u00e9<br \/>\n    <\/a><\/p>\n<p class=\"fig-paragraph\">\u00abLe missile a \u00e9t\u00e9 soumis \u00e0 des essais concluants. Il s\u2019agit actuellement de notre missile le plus performant\u00a0: il peut parcourir 3000 kilom\u00e8tres\u00bb, a-t-il dit. \u00abD\u2019ici la fin d\u00e9cembre ou en janvier-f\u00e9vrier, sa production de masse devrait \u00eatre lanc\u00e9e\u00bb, a-t-il poursuivi.<\/p>\n","protected":false},"excerpt":{"rendered":"Le pr\u00e9sident ukrainien a multipli\u00e9 les d\u00e9clarations autour de diff\u00e9rents sujets comme la possible rencontre avec Vladimir Poutine,&hellip;\n","protected":false},"author":2,"featured_media":333509,"comment_status":"","ping_status":"","sticky":false,"template":"","format":"standard","meta":{"footnotes":""},"categories":[5],"tags":[11,1011,27,131,14,12,5486,135,134,28],"class_list":{"0":"post-333508","1":"post","2":"type-post","3":"status-publish","4":"format-standard","5":"has-post-thumbnail","7":"category-international","8":"tag-actualites","9":"tag-fr","10":"tag-france","11":"tag-guerre-en-ukraine","12":"tag-international","13":"tag-news","14":"tag-rencontre","15":"tag-vladimir-poutine","16":"tag-volodymyr-zelensky","17":"tag-world"},"share_on_mastodon":{"url":"https:\/\/pubeurope.com\/@fr\/115065839090353080","error":""},"_links":{"self":[{"href":"https:\/\/www.europesays.com\/fr\/wp-json\/wp\/v2\/posts\/333508","targetHints":{"allow":["GET"]}}],"collection":[{"href":"https:\/\/www.europesays.com\/fr\/wp-json\/wp\/v2\/posts"}],"about":[{"href":"https:\/\/www.europesays.com\/fr\/wp-json\/wp\/v2\/types\/post"}],"author":[{"embeddable":true,"href":"https:\/\/www.europesays.com\/fr\/wp-json\/wp\/v2\/users\/2"}],"replies":[{"embeddable":true,"href":"https:\/\/www.europesays.com\/fr\/wp-json\/wp\/v2\/comments?post=333508"}],"version-history":[{"count":0,"href":"https:\/\/www.europesays.com\/fr\/wp-json\/wp\/v2\/posts\/333508\/revisions"}],"wp:featuredmedia":[{"embeddable":true,"href":"https:\/\/www.europesays.com\/fr\/wp-json\/wp\/v2\/media\/333509"}],"wp:attachment":[{"href":"https:\/\/www.europesays.com\/fr\/wp-json\/wp\/v2\/media?parent=333508"}],"wp:term":[{"taxonomy":"category","embeddable":true,"href":"https:\/\/www.europesays.com\/fr\/wp-json\/wp\/v2\/categories?post=333508"},{"taxonomy":"post_tag","embeddable":true,"href":"https:\/\/www.europesays.com\/fr\/wp-json\/wp\/v2\/tags?post=333508"}],"curies":[{"name":"wp","href":"https:\/\/api.w.org\/{rel}","templated":true}]}}