{"id":333512,"date":"2025-08-21T08:36:11","date_gmt":"2025-08-21T08:36:11","guid":{"rendered":"https:\/\/www.europesays.com\/fr\/333512\/"},"modified":"2025-08-21T08:36:11","modified_gmt":"2025-08-21T08:36:11","slug":"des-footballeurs-accuses-davoir-soutenu-les-streams-violents-du-lokal-ayant-diffuse-la-mort-de-jean-pormanove-liberation","status":"publish","type":"post","link":"https:\/\/www.europesays.com\/fr\/333512\/","title":{"rendered":"des footballeurs accus\u00e9s d\u2019avoir soutenu les streams violents du \u00abLokal\u00bb, ayant diffus\u00e9 la mort de Jean Pormanove \u2013 Lib\u00e9ration"},"content":{"rendered":"<p class=\"sc-ksZaOG ehjQrN text-element\">Deux jours apr\u00e8s <a href=\"https:\/\/www.liberation.fr\/checknews\/que-sait-on-de-la-mort-en-direct-du-streamer-jean-pormanove-victime-de-violences-et-dhumiliations-en-ligne-20250819_AW775T65LFHGPDVR54F4IBCY44\/\" target=\"_blank\" rel=\"nofollow noopener\" title=\"https:\/\/www.liberation.fr\/checknews\/que-sait-on-de-la-mort-en-direct-du-streamer-jean-pormanove-victime-de-violences-et-dhumiliations-en-ligne-20250819_AW775T65LFHGPDVR54F4IBCY44\/\">le d\u00e9c\u00e8s en direct du streamer Jean Pormanove<\/a> (surnomm\u00e9 JP, mais dont le vrai nom est Rapha\u00ebl Graven), le drame continue de susciter l\u2019indignation et l\u2019incompr\u00e9hension. Devenu c\u00e9l\u00e8bre au fil de nombreuses vid\u00e9os d\u2019humiliations et de s\u00e9vices physiques en direct, le quadrag\u00e9naire est d\u00e9c\u00e9d\u00e9 dans le cadre d\u2019un live de plus de 12 jours. Le parquet de Nice a annonc\u00e9 avoir ouvert une enqu\u00eate \u00aben recherche des causes de la mort\u00bb, et une autopsie devrait \u00eatre r\u00e9alis\u00e9e ce jeudi 21 ao\u00fbt.<\/p>\n<p class=\"sc-ksZaOG ehjQrN text-element\">Alors que le grand public d\u00e9couvre ces contenus, tourn\u00e9s avec ses associ\u00e9s \u00abNaruto\u00bb et \u00abSafine\u00bb, et un autre homme, \u00abCoudoux\u00bb, handicap\u00e9 sous curatelle, les accusations se multiplient, visant l\u2019inaction des autorit\u00e9s, le voyeurisme macabre des internautes, mais aussi la \u00abcomplicit\u00e9\u00bb de certaines c\u00e9l\u00e9brit\u00e9s, au rang desquelles plusieurs sportifs.<\/p>\n<p class=\"sc-ksZaOG ehjQrN text-element\">Quelques grands noms du football sont ainsi intervenus dans le dernier live, de plus de 298 heures, o\u00f9 Pormanove, avant son d\u00e9c\u00e8s, appara\u00eet d\u00e9guis\u00e9 de mani\u00e8re humiliante ou est frapp\u00e9 \u00e0 plusieurs reprises. Bradley Barcola (PSG) ou Pierre-Eme<\/p>\n","protected":false},"excerpt":{"rendered":"Deux jours apr\u00e8s le d\u00e9c\u00e8s en direct du streamer Jean Pormanove (surnomm\u00e9 JP, mais dont le vrai nom&hellip;\n","protected":false},"author":2,"featured_media":333513,"comment_status":"","ping_status":"","sticky":false,"template":"","format":"standard","meta":{"footnotes":""},"categories":[2],"tags":[11,118,1011,27,12,938,1749],"class_list":{"0":"post-333512","1":"post","2":"type-post","3":"status-publish","4":"format-standard","5":"has-post-thumbnail","7":"category-actualites","8":"tag-actualites","9":"tag-faits-divers","10":"tag-fr","11":"tag-france","12":"tag-news","13":"tag-reseaux-sociaux","14":"tag-twitch"},"share_on_mastodon":{"url":"https:\/\/pubeurope.com\/@fr\/115065846717745697","error":""},"_links":{"self":[{"href":"https:\/\/www.europesays.com\/fr\/wp-json\/wp\/v2\/posts\/333512","targetHints":{"allow":["GET"]}}],"collection":[{"href":"https:\/\/www.europesays.com\/fr\/wp-json\/wp\/v2\/posts"}],"about":[{"href":"https:\/\/www.europesays.com\/fr\/wp-json\/wp\/v2\/types\/post"}],"author":[{"embeddable":true,"href":"https:\/\/www.europesays.com\/fr\/wp-json\/wp\/v2\/users\/2"}],"replies":[{"embeddable":true,"href":"https:\/\/www.europesays.com\/fr\/wp-json\/wp\/v2\/comments?post=333512"}],"version-history":[{"count":0,"href":"https:\/\/www.europesays.com\/fr\/wp-json\/wp\/v2\/posts\/333512\/revisions"}],"wp:featuredmedia":[{"embeddable":true,"href":"https:\/\/www.europesays.com\/fr\/wp-json\/wp\/v2\/media\/333513"}],"wp:attachment":[{"href":"https:\/\/www.europesays.com\/fr\/wp-json\/wp\/v2\/media?parent=333512"}],"wp:term":[{"taxonomy":"category","embeddable":true,"href":"https:\/\/www.europesays.com\/fr\/wp-json\/wp\/v2\/categories?post=333512"},{"taxonomy":"post_tag","embeddable":true,"href":"https:\/\/www.europesays.com\/fr\/wp-json\/wp\/v2\/tags?post=333512"}],"curies":[{"name":"wp","href":"https:\/\/api.w.org\/{rel}","templated":true}]}}