{"id":333514,"date":"2025-08-21T08:37:13","date_gmt":"2025-08-21T08:37:13","guid":{"rendered":"https:\/\/www.europesays.com\/fr\/333514\/"},"modified":"2025-08-21T08:37:13","modified_gmt":"2025-08-21T08:37:13","slug":"un-homme-de-60-ans-en-urgence-absolue","status":"publish","type":"post","link":"https:\/\/www.europesays.com\/fr\/333514\/","title":{"rendered":"un homme de 60 ans en urgence absolue"},"content":{"rendered":"<p>L&rsquo;accident s&rsquo;est produit ce jeudi matin, peu apr\u00e8s 7h30, \u00e0 Saint-Romain-les-Atheux.<\/p>\n<p>Le conducteur, un homme de 60 ans visiblement seul en cause, a percut\u00e9 un arbre et un coffret \u00e9lectrique sur une route de la commune.<\/p>\n<p>Ce contenu est bloqu\u00e9 car vous n&rsquo;avez pas accept\u00e9 les cookies et autres traceurs.<\/p>\n<p>En cliquant sur \u00ab J\u2019accepte \u00bb, les cookies et autres traceurs seront d\u00e9pos\u00e9s et vous pourrez visualiser les contenus  (<a href=\"\" class=\"consentModule_policy\" target=\"_blank\" title=\"Consulter la politique de protection des donn\u00e9es du fournisseur\">plus d&rsquo;informations<\/a>).<\/p>\n<p>En cliquant sur \u00ab J\u2019accepte tous les cookies \u00bb, vous autorisez des d\u00e9p\u00f4ts de cookies et autres traceurs pour le stockage de vos donn\u00e9es sur nos sites et applications \u00e0 des fins de personnalisation et de ciblage publicitaire.<\/p>\n<p class=\"consentModule_secondaryText\">Vous gardez la possibilit\u00e9 de retirer votre consentement \u00e0 tout moment en consultant notre <a href=\"https:\/\/www.leprogres.fr\/protection-des-donnees\" target=\"_blank\" title=\"Consulter notre politique de protection des donn\u00e9es\" rel=\"noopener\">politique de protection des donn\u00e9es<\/a>. <br \/>&#13;<br \/>\n            <a href=\"https:\/\/www.leprogres.fr\/faits-divers-justice\/2025\/08\/21\/javascript:Didomi.notice.show()\" class=\"consentModule_cmp\" target=\"_blank\" rel=\"noopener\">G\u00e9rer mes choix<\/a>&#13;\n        <\/p>\n<p>&#13;<br \/>\n                        J&rsquo;accepte&#13;<br \/>\n            J&rsquo;accepte tous les cookies&#13;\n        <\/p>\n<p>  La victime h\u00e9liport\u00e9e vers l&rsquo;h\u00f4pital Nord<\/p>\n<p>\u00c0 l&rsquo;arriv\u00e9e des secours, la victime n&rsquo;\u00e9tait pas incarc\u00e9r\u00e9e mais souffrait de plusieurs traumatismes. Ce sont les sapeurs-pompiers qui ont d\u00fb l&rsquo;extraire de son v\u00e9hicule.<\/p>\n<p>Le sexag\u00e9naire a ensuite \u00e9t\u00e9 pris en charge par l&rsquo;h\u00e9licopt\u00e8re du Samu Helisa 42, puis transport\u00e9 vers l&rsquo;h\u00f4pital Nord, \u00e0 Saint-Priest-en-Jarez, en urgence absolue.<\/p>\n<p>Au total, quatorze sapeurs-pompiers sont intervenus sur les lieux de l&rsquo;accident.<\/p>\n","protected":false},"excerpt":{"rendered":"L&rsquo;accident s&rsquo;est produit ce jeudi matin, peu apr\u00e8s 7h30, \u00e0 Saint-Romain-les-Atheux. Le conducteur, un homme de 60 ans&hellip;\n","protected":false},"author":2,"featured_media":333515,"comment_status":"","ping_status":"","sticky":false,"template":"","format":"standard","meta":{"footnotes":""},"categories":[9653],"tags":[119,1111,11,2430,7539,1777,674,274,107,1011,27,3367,12,25,4001,47086],"class_list":{"0":"post-333514","1":"post","2":"type-post","3":"status-publish","4":"format-standard","5":"has-post-thumbnail","7":"category-saint-etienne","8":"tag-accident","9":"tag-actu","10":"tag-actualites","11":"tag-auvergne-rhone-alpes","12":"tag-edition-loire-sud","13":"tag-eu","14":"tag-europe","15":"tag-faits-divers-justice","16":"tag-fil-info","17":"tag-fr","18":"tag-france","19":"tag-loire","20":"tag-news","21":"tag-republique-francaise","22":"tag-saint-etienne","23":"tag-saint-romain-les-atheux"},"share_on_mastodon":{"url":"https:\/\/pubeurope.com\/@fr\/115065850659993354","error":""},"_links":{"self":[{"href":"https:\/\/www.europesays.com\/fr\/wp-json\/wp\/v2\/posts\/333514","targetHints":{"allow":["GET"]}}],"collection":[{"href":"https:\/\/www.europesays.com\/fr\/wp-json\/wp\/v2\/posts"}],"about":[{"href":"https:\/\/www.europesays.com\/fr\/wp-json\/wp\/v2\/types\/post"}],"author":[{"embeddable":true,"href":"https:\/\/www.europesays.com\/fr\/wp-json\/wp\/v2\/users\/2"}],"replies":[{"embeddable":true,"href":"https:\/\/www.europesays.com\/fr\/wp-json\/wp\/v2\/comments?post=333514"}],"version-history":[{"count":0,"href":"https:\/\/www.europesays.com\/fr\/wp-json\/wp\/v2\/posts\/333514\/revisions"}],"wp:featuredmedia":[{"embeddable":true,"href":"https:\/\/www.europesays.com\/fr\/wp-json\/wp\/v2\/media\/333515"}],"wp:attachment":[{"href":"https:\/\/www.europesays.com\/fr\/wp-json\/wp\/v2\/media?parent=333514"}],"wp:term":[{"taxonomy":"category","embeddable":true,"href":"https:\/\/www.europesays.com\/fr\/wp-json\/wp\/v2\/categories?post=333514"},{"taxonomy":"post_tag","embeddable":true,"href":"https:\/\/www.europesays.com\/fr\/wp-json\/wp\/v2\/tags?post=333514"}],"curies":[{"name":"wp","href":"https:\/\/api.w.org\/{rel}","templated":true}]}}