{"id":333520,"date":"2025-08-21T08:41:10","date_gmt":"2025-08-21T08:41:10","guid":{"rendered":"https:\/\/www.europesays.com\/fr\/333520\/"},"modified":"2025-08-21T08:41:10","modified_gmt":"2025-08-21T08:41:10","slug":"victimes-de-leur-succes-les-robins-des-bancs-se-font-taxer-des-chaises","status":"publish","type":"post","link":"https:\/\/www.europesays.com\/fr\/333520\/","title":{"rendered":"Victimes de leur succ\u00e8s les Robins des bancs se font taxer des chaises"},"content":{"rendered":"\n<p>Les Robins des bancs, qui militent activement pour le d\u00e9veloppement du mobilier de repos en ville afin de permettre \u00e0 chacun de pouvoir profiter de l\u2019espace public, n\u2019en reviennent toujours pas. Constern\u00e9s, ils veulent faire part du \u00ab\u00a0myst\u00e8re des 10\u00a0chaises vol\u00e9es au centre de Toulon\u00a0\u00bb.<\/p>\n<p>Une m\u00e9prise, certainement. \u00ab\u00a0Des chaises avec des d\u00e9corations si belles que les gens pensent plut\u00f4t \u00e0 une d\u00e9coration du magasin qu\u2019une assise offerte \u00e0 tous\u00a0?\u00a0\u00bb, s\u2019interroge le toujours philosophe Philippe Leroy. Il y a peu de chance, puisqu\u2019il est bien pr\u00e9cis\u00e9\u00a0: \u00ab\u00a0Asseyez-vous, Pause Minute\u00a0\u00bb.<\/p>\n<p>Une invitation que des malotrus ont peut-\u00eatre mal interpr\u00e9t\u00e9e. Peut-\u00eatre faut-il ajouter \u00ab\u00a0Ici\u00a0!\u00a0\u00bb, ou encore \u00ab\u00a0Ne pas emporter\u00a0!\u00a0\u00bb. Le fait est c\u2019est que \u00ab\u00a0ces belles chaises de toutes les couleurs que vous avez certainement vues au centre-ville de Toulon sont offertes gratuitement aux commer\u00e7ants par l\u2019association Robin des Bancs\u00a0\u00bb se sont fait la malle.<\/p>\n<p>Depuis que l\u2019action des Robin des Bancs aupr\u00e8s des commer\u00e7ants \u00ab\u00a0Sortez vos chaises, soyez \u00e0 l\u2019aise\u00a0\u00bb a commenc\u00e9 en 2022, dix chaises ont ainsi d\u00e9j\u00e0 \u00e9t\u00e9 vol\u00e9es en plein jour, pendant l\u2019ouverture des magasins. Tremp\u00e9s dur, les gus\u00a0! Il faut donc rappeler qu\u2019elles ont \u00e9t\u00e9 donn\u00e9es ou r\u00e9cup\u00e9r\u00e9es dans la rue, puis remises en \u00e9tat et peintes avec amour et talent par les b\u00e9n\u00e9voles de l\u2019association, pour le confort de tous. Pas pour \u00eatre accapar\u00e9es. Qu\u2019on se le dise, en \u00e9tant vigilant.<\/p>\n","protected":false},"excerpt":{"rendered":"Les Robins des bancs, qui militent activement pour le d\u00e9veloppement du mobilier de repos en ville afin de&hellip;\n","protected":false},"author":2,"featured_media":333521,"comment_status":"","ping_status":"","sticky":false,"template":"","format":"standard","meta":{"footnotes":""},"categories":[9619],"tags":[1111,11,4077,1777,674,1011,27,12,882,25,2310],"class_list":{"0":"post-333520","1":"post","2":"type-post","3":"status-publish","4":"format-standard","5":"has-post-thumbnail","7":"category-toulon","8":"tag-actu","9":"tag-actualites","10":"tag-association","11":"tag-eu","12":"tag-europe","13":"tag-fr","14":"tag-france","15":"tag-news","16":"tag-provence-alpes-cote-dazur","17":"tag-republique-francaise","18":"tag-toulon"},"share_on_mastodon":{"url":"https:\/\/pubeurope.com\/@fr\/115065866419959487","error":""},"_links":{"self":[{"href":"https:\/\/www.europesays.com\/fr\/wp-json\/wp\/v2\/posts\/333520","targetHints":{"allow":["GET"]}}],"collection":[{"href":"https:\/\/www.europesays.com\/fr\/wp-json\/wp\/v2\/posts"}],"about":[{"href":"https:\/\/www.europesays.com\/fr\/wp-json\/wp\/v2\/types\/post"}],"author":[{"embeddable":true,"href":"https:\/\/www.europesays.com\/fr\/wp-json\/wp\/v2\/users\/2"}],"replies":[{"embeddable":true,"href":"https:\/\/www.europesays.com\/fr\/wp-json\/wp\/v2\/comments?post=333520"}],"version-history":[{"count":0,"href":"https:\/\/www.europesays.com\/fr\/wp-json\/wp\/v2\/posts\/333520\/revisions"}],"wp:featuredmedia":[{"embeddable":true,"href":"https:\/\/www.europesays.com\/fr\/wp-json\/wp\/v2\/media\/333521"}],"wp:attachment":[{"href":"https:\/\/www.europesays.com\/fr\/wp-json\/wp\/v2\/media?parent=333520"}],"wp:term":[{"taxonomy":"category","embeddable":true,"href":"https:\/\/www.europesays.com\/fr\/wp-json\/wp\/v2\/categories?post=333520"},{"taxonomy":"post_tag","embeddable":true,"href":"https:\/\/www.europesays.com\/fr\/wp-json\/wp\/v2\/tags?post=333520"}],"curies":[{"name":"wp","href":"https:\/\/api.w.org\/{rel}","templated":true}]}}