{"id":333522,"date":"2025-08-21T08:42:14","date_gmt":"2025-08-21T08:42:14","guid":{"rendered":"https:\/\/www.europesays.com\/fr\/333522\/"},"modified":"2025-08-21T08:42:14","modified_gmt":"2025-08-21T08:42:14","slug":"toulon-exposition-bansky-au-musee-dart-de-toulon","status":"publish","type":"post","link":"https:\/\/www.europesays.com\/fr\/333522\/","title":{"rendered":"TOULON : Exposition Bansky au mus\u00e9e d\u2019Art de Toulon"},"content":{"rendered":"<p><strong>Apr\u00e8s l\u2019exposition Picasso et le paysage m\u00e9diterran\u00e9en r\u00e9alis\u00e9e en 2019 qui a inaugur\u00e9 la salle d\u2019exposition temporaire, cr\u00e9\u00e9e suite \u00e0 la premi\u00e8re phase de travaux de r\u00e9habilitation, le Mus\u00e9e d\u2019Art de Toulon (MAT), compl\u00e8tement r\u00e9nov\u00e9, a rouvert ses portes en juin 2021 avec l\u2019exposition sur Le Paysage moderne collection du MAM de Troyes.<\/strong> <\/p>\n<p>En repla\u00e7ant le Street-Art dans son contexte historique social et culturel plus large, dont Banksy est le repr\u00e9sentant embl\u00e9matique aujourd\u2019hui, l\u2019exposition retrace les \u00e9tapes de l\u2019\u00e9volution de l\u2019art urbain en commen\u00e7ant par les pionniers de l\u2019\u00e8re des graffitis comme Crash ou Seen, en passant par les repr\u00e9sentants majeurs qui ont port\u00e9 ce mouvement \u00e0 une renomm\u00e9e internationale tels que Keith Haring ou Jean-Michel Basquiat, sans oublier la tr\u00e8s riche sc\u00e8ne fran\u00e7aise avec Blek le Rat, Miss.Tic, G\u00e9rard Zlotykamien, pour arriver \u00e0 une large s\u00e9lection de certains des artistes les plus pertinents de la sc\u00e8ne contemporaine dont JR, Invader, Madame\u2026 Une attention particuli\u00e8re est accord\u00e9e \u00e0 la figure de Banksy, jouant un r\u00f4le important tant dans la sph\u00e8re artistique contemporaine que sociale, devenu un v\u00e9ritable ph\u00e9nom\u00e8ne capable d\u2019affecter et d\u2019impliquer l\u2019opinion publique mondiale. Ses \u0153uvres ont profond\u00e9ment impr\u00e9gn\u00e9 la conscience collective, de telle sorte qu\u2019elles deviennent imm\u00e9diatement identifiables.<\/p>\n<p style=\"font-weight: 400\"><strong>Exposition r\u00e9alis\u00e9e en coproduction avec 24 Ore Cultura (Milan).<\/strong><\/p>\n<p style=\"font-weight: 400\">Commissariat\u00a0: Patrizia Cattaneo, historienne de l\u2019art sp\u00e9cialiste du Street-Art \u2013 Brigitte Gaillard, conservatrice en chef des mus\u00e9es de Toulon.<\/p>\n<p style=\"font-weight: 400\"><strong>Exposition jusqu\u2019au 5 octobre 2025<\/strong><\/p>\n<p style=\"font-weight: 400\"><strong>\u00a0<\/strong><strong>Mus\u00e9e d\u2019Art de Toulon<\/strong><\/p>\n<p style=\"font-weight: 400\">113 bd G\u00e9n\u00e9ral Leclerc \u2013\u00a0<a href=\"https:\/\/www.google.com\/search?q=t%C3%A9l+mus%C3%A9e+d%27art+toulon&amp;rlz=1C1GCEU_frFR1113FR1113&amp;oq=t%C3%A9l+mus%C3%A9e+d%27art+toulon&amp;gs_lcrp=EgZjaHJvbWUyBggAEEUYOTIICAEQABgWGB4yCggCEAAYChgWGB4yCggDEAAYChgWGB4yCggEEAAYogQYiQUyCggFEAAYogQYiQXSAQgzNTY1ajBqNKgCALACAQ&amp;sourceid=chrome&amp;ie=UTF-8\" data-saferedirecturl=\"https:\/\/www.google.com\/url?q=https:\/\/www.google.com\/search?q%3Dt%25C3%25A9l%2Bmus%25C3%25A9e%2Bd%2527art%2Btoulon%26rlz%3D1C1GCEU_frFR1113FR1113%26oq%3Dt%25C3%25A9l%2Bmus%25C3%25A9e%2Bd%2527art%2Btoulon%26gs_lcrp%3DEgZjaHJvbWUyBggAEEUYOTIICAEQABgWGB4yCggCEAAYChgWGB4yCggDEAAYChgWGB4yCggEEAAYogQYiQUyCggFEAAYogQYiQXSAQgzNTY1ajBqNKgCALACAQ%26sourceid%3Dchrome%26ie%3DUTF-8&amp;source=gmail&amp;ust=1755599000688000&amp;usg=AOvVaw1qAyh68_NVKNk7WGWuB_j0\" rel=\"nofollow noopener\" target=\"_blank\">04 94 36 81 15<\/a><\/p>\n<p style=\"font-weight: 400\">Du mardi au dimanche de 12h \u00e0 18h<\/p>\n<p style=\"font-weight: 400\">Ferm\u00e9 le lundi, les 14 juillet et 15 ao\u00fbt<\/p>\n<p style=\"font-weight: 400\"><strong>Plein tarif :<\/strong> 7 \u20ac, Tarif r\u00e9duit : 4 \u20ac (groupes adultes \u00e0 partir de 10 personnes, \u00e9tudiants de plus de 26 ans, membres d\u2019associations d\u2019amis de mus\u00e9es, plus de 65 ans et familles nombreuses).<\/p>\n<p>S\u2019en est suivie en juin 2022 une exposition consacr\u00e9e \u00e0 L\u2019autre rive de la M\u00e9diterran\u00e9e. L\u2019Alg\u00e9rie des peintres, dans laquelle figuraient trente dessins du Mus\u00e9e d\u2019Orsay et du Louvre. \u00c0 l\u2019\u00e9t\u00e9 2024, cette fructueuse collaboration se poursuit dans l\u2019exposition De Delacroix \u00e0 Signac, l\u2019aquarelle dans tous ses \u00e9clats.<\/p>\n<p><strong>Historique :<\/strong>\u00a0La construction d\u2019un Mus\u00e9e-Biblioth\u00e8que fut d\u00e9cid\u00e9e par la municipalit\u00e9 en 1880. Le b\u00e2timent, \u00e0 l\u2019\u00e9clectisme assum\u00e9, s\u2019\u00e9l\u00e8ve alors dans les nouveaux quartiers de la ville agrandie par d\u00e9cision de Napol\u00e9on III. Durant toute la seconde moiti\u00e9 du XIXe si\u00e8cle, la \u00ab Haute Ville \u00bb se construit entre le boulevard qui remplace les remparts d\u00e9truits (les actuels boulevards de Strasbourg et Mar\u00e9chal Leclerc) et la voie ferr\u00e9e. Cet essor de la ville s\u2019accompagne d\u2019un embellissement et d\u2019un effort pour la doter de nouveaux \u00e9quipements : l\u2019h\u00f4pital (Chalucet), la gare, l\u2019Op\u00e9ra, l\u2019\u00e9cole Rouvi\u00e8re, le lyc\u00e9e imp\u00e9rial (coll\u00e8ge Peiresc)\u2026 La construction du Mus\u00e9e Biblioth\u00e8que participe de ce m\u00eame \u00e9lan. C\u2019est \u00e0 l\u2019architecte Gaudensi Allar qu\u2019est confi\u00e9 le projet. Le style donn\u00e9 au b\u00e2timent est inspir\u00e9 de la Renaissance italienne et du mani\u00e9risme international. L\u2019\u00e9difice est inaugur\u00e9 en 1888. Ancien Mus\u00e9e contr\u00f4l\u00e9, le Mus\u00e9e d\u2019Art de Toulon est depuis 2002 Mus\u00e9e de France.<\/p>\n<p>Soucieuse de son patrimoine culturel, la ville de Toulon a souhait\u00e9 engager des travaux de r\u00e9habilitation de son Mus\u00e9e, afin de red\u00e9ployer les collections du mus\u00e9e et proposer des expositions temporaires d\u2019envergure nationale. Pour ce faire, le projet scientifique, culturel et p\u00e9dagogique a \u00e9t\u00e9 r\u00e9dig\u00e9 par la conservation du Mus\u00e9e d\u2019Art et valid\u00e9 par le Service des Mus\u00e9es de France. Une \u00e9tude de programmation mus\u00e9ographique, architecturale et technique a \u00e9t\u00e9 conduite par le cabinet Aubry &amp; Guiguet. Le chantier de r\u00e9habilitation a pu donc \u00eatre confi\u00e9 par appel d\u2019offre au cabinet d\u2019architectes Duchier et associ\u00e9s en collaboration avec Philippe Maffre, sc\u00e9nographe et architecte du patrimoine, familier des r\u00e9alisations mus\u00e9ales de prestige.<\/p>\n<p>Ce projet s\u2019inscrit naturellement dans une d\u00e9marche globale en lien avec l\u2019op\u00e9ration du nouveau Quartier de la Connaissance et de la Cr\u00e9ativit\u00e9.<\/p>\n<p><strong>Les collections :<\/strong>\u00a0Le Mus\u00e9e d\u2019Art de Toulon (M.A.T) comprend : une section d\u2019art ancien (paysage, orientalisme, chefs-d\u2019\u0153uvre de la collection\u2026), une section art contemporain (les grands mouvements de la seconde moiti\u00e9 du XXe si\u00e8cle), un espace d\u00e9di\u00e9 \u00e0 la photographie et aux arts graphiques, un cabinet de curiosit\u00e9s (ethnographie), un espace modulable pour les expositions temporaires, des espaces pour la m\u00e9diation culturelle, une boutique.<\/p>\n<p><strong>Source : Au mus\u00e9e d\u2019Art, exposition Banksy.<\/strong><\/p>\n","protected":false},"excerpt":{"rendered":"Apr\u00e8s l\u2019exposition Picasso et le paysage m\u00e9diterran\u00e9en r\u00e9alis\u00e9e en 2019 qui a inaugur\u00e9 la salle d\u2019exposition temporaire, cr\u00e9\u00e9e&hellip;\n","protected":false},"author":2,"featured_media":331423,"comment_status":"","ping_status":"","sticky":false,"template":"","format":"standard","meta":{"footnotes":""},"categories":[9619],"tags":[1111,11,1777,674,1011,27,12,882,25,2310],"class_list":{"0":"post-333522","1":"post","2":"type-post","3":"status-publish","4":"format-standard","5":"has-post-thumbnail","7":"category-toulon","8":"tag-actu","9":"tag-actualites","10":"tag-eu","11":"tag-europe","12":"tag-fr","13":"tag-france","14":"tag-news","15":"tag-provence-alpes-cote-dazur","16":"tag-republique-francaise","17":"tag-toulon"},"share_on_mastodon":{"url":"https:\/\/pubeurope.com\/@fr\/115065870328193180","error":""},"_links":{"self":[{"href":"https:\/\/www.europesays.com\/fr\/wp-json\/wp\/v2\/posts\/333522","targetHints":{"allow":["GET"]}}],"collection":[{"href":"https:\/\/www.europesays.com\/fr\/wp-json\/wp\/v2\/posts"}],"about":[{"href":"https:\/\/www.europesays.com\/fr\/wp-json\/wp\/v2\/types\/post"}],"author":[{"embeddable":true,"href":"https:\/\/www.europesays.com\/fr\/wp-json\/wp\/v2\/users\/2"}],"replies":[{"embeddable":true,"href":"https:\/\/www.europesays.com\/fr\/wp-json\/wp\/v2\/comments?post=333522"}],"version-history":[{"count":0,"href":"https:\/\/www.europesays.com\/fr\/wp-json\/wp\/v2\/posts\/333522\/revisions"}],"wp:featuredmedia":[{"embeddable":true,"href":"https:\/\/www.europesays.com\/fr\/wp-json\/wp\/v2\/media\/331423"}],"wp:attachment":[{"href":"https:\/\/www.europesays.com\/fr\/wp-json\/wp\/v2\/media?parent=333522"}],"wp:term":[{"taxonomy":"category","embeddable":true,"href":"https:\/\/www.europesays.com\/fr\/wp-json\/wp\/v2\/categories?post=333522"},{"taxonomy":"post_tag","embeddable":true,"href":"https:\/\/www.europesays.com\/fr\/wp-json\/wp\/v2\/tags?post=333522"}],"curies":[{"name":"wp","href":"https:\/\/api.w.org\/{rel}","templated":true}]}}