{"id":333525,"date":"2025-08-21T08:44:12","date_gmt":"2025-08-21T08:44:12","guid":{"rendered":"https:\/\/www.europesays.com\/fr\/333525\/"},"modified":"2025-08-21T08:44:12","modified_gmt":"2025-08-21T08:44:12","slug":"ligue-2-le-match-montpellier","status":"publish","type":"post","link":"https:\/\/www.europesays.com\/fr\/333525\/","title":{"rendered":"Ligue 2 : Le match Montpellier"},"content":{"rendered":"<p>Pour le compte de la neuvi\u00e8me journ\u00e9e du championnat de France de Ligue 2, l&rsquo;AS Saint-\u00c9tienne se d\u00e9placera au stade de la Mosson pour affronter le Montpellier HSC. Cette rencontre aura encore lieu le samedi soir. \u00a0<\/p>\n<p>Le match entre deux des trois rel\u00e9gu\u00e9s de Ligue 1 la saison pass\u00e9e a \u00e9t\u00e9 fix\u00e9. Les Verts se rendront \u00e0 Montpellier le samedi 4 octobre \u00e0 20 heures. Ce match sera donc encore sur le cr\u00e9neau fort du diffuseur, beIN Sports. Vous pourrez suivre cette rencontre sur beIN Sports 1. Le multiplex aura lieu le vendredi tandis que deux autres rencontres se tiendront le samedi, \u00e0 14 heures. La premi\u00e8re opposera le Stade de Reims \u00e0 Grenoble, la seconde le Red Star \u00e0 Rodez.\u00a0<\/p>\n<p><strong>La programmation compl\u00e8te de la neuvi\u00e8me journ\u00e9e de Ligue 2 :<\/strong>\u00a0<\/p>\n<p>Vendredi 3 octobre 2025 \u00e0 20h00 : le Multiplex sur beIN SPORTS 1 et les matchs en int\u00e9gralit\u00e9 sur beIN SPORTS MAX 4 \u00e0 9<\/p>\n<ul>\n<li>FC Annecy \u2013 Stade Lavallois MFC<\/li>\n<li>Pau FC \u2013 Clermont Foot 63<\/li>\n<li>SC Bastia \u2013 USL Dunkerque<\/li>\n<li>Amiens SC \u2013 US Boulogne CO<\/li>\n<li>Le Mans FC \u2013 ESTAC Troyes<\/li>\n<li>EA Guingamp \u2013 AS Nancy-Lorraine<\/li>\n<\/ul>\n<p>Samedi 4 octobre 2025 \u00e0 14h00 sur beIN SPORTS 1<\/p>\n<ul>\n<li>Stade de Reims \u2013 Grenoble Foot 38<\/li>\n<\/ul>\n<p>Samedi 4 octobre 2025 \u00e0 14h00 sur beIN SPORTS 2<\/p>\n<p>Samedi 4 octobre 2025 \u00e0 20h00 sur beIN SPORTS 1<\/p>\n<ul>\n<li><strong>Montpellier H\u00e9rault SC \u2013 AS Saint-\u00c9tienne<\/strong><\/li>\n<\/ul>\n<blockquote class=\"twitter-tweet\">\n<p dir=\"ltr\" lang=\"fr\">\ud83d\udcc6 Dans l&rsquo;H\u00e9rault le samedi soir !<\/p>\n<p>Rendez-vous \u00e0 la Mosson le 4 octobre pour <a href=\"https:\/\/twitter.com\/hashtag\/MHSCASSE?src=hash&amp;ref_src=twsrc%5Etfw\" rel=\"nofollow noopener\" target=\"_blank\">#MHSCASSE<\/a> \ud83d\udc47<\/p>\n<p>\u2014 AS Saint-\u00c9tienne (@ASSEofficiel) <a href=\"https:\/\/twitter.com\/ASSEofficiel\/status\/1958162515008860228?ref_src=twsrc%5Etfw\" rel=\"nofollow noopener\" target=\"_blank\">August 20, 2025<\/a><\/p><\/blockquote>\n<blockquote class=\"twitter-tweet\">\n<p dir=\"ltr\" lang=\"fr\"><a href=\"https:\/\/twitter.com\/hashtag\/Ligue2?src=hash&amp;ref_src=twsrc%5Etfw\" rel=\"nofollow noopener\" target=\"_blank\">#Ligue2<\/a> &#8211; L&rsquo;ASSE fait exploser l&rsquo;affluence de la journ\u00e9e <a href=\"https:\/\/twitter.com\/hashtag\/ASSE?src=hash&amp;ref_src=twsrc%5Etfw\" rel=\"nofollow noopener\" target=\"_blank\">#ASSE<\/a> <a href=\"https:\/\/t.co\/tjS1bDfKes\" rel=\"nofollow\">https:\/\/t.co\/tjS1bDfKes<\/a><\/p>\n<p>\u2014 Envertetcontretous (@Site_Evect) <a href=\"https:\/\/twitter.com\/Site_Evect\/status\/1958091710694576578?ref_src=twsrc%5Etfw\" rel=\"nofollow noopener\" target=\"_blank\">August 20, 2025<\/a><\/p><\/blockquote>\n<p>                  <a href=\"https:\/\/media.unibet.fr\/redirect.aspx?pid=274690&amp;bid=4442\" rel=\"nofollow noopener\" target=\"_blank\"><img decoding=\"async\" src=\"https:\/\/www.europesays.com\/fr\/wp-content\/uploads\/2025\/06\/EVECT10_560x100_V2.gif\" class=\"img-fluid\" alt=\"Pariez sur l'ASSE avec Unibet\" style=\"max-width: auto !important;margin-left: 0 !important;width: 100%;\"\/><\/a><\/p>\n<p>                         <script async src=\"https:\/\/platform.twitter.com\/widgets.js\" charset=\"utf-8\"><\/script><\/p>\n","protected":false},"excerpt":{"rendered":"Pour le compte de la neuvi\u00e8me journ\u00e9e du championnat de France de Ligue 2, l&rsquo;AS Saint-\u00c9tienne se d\u00e9placera&hellip;\n","protected":false},"author":2,"featured_media":213884,"comment_status":"","ping_status":"","sticky":false,"template":"","format":"standard","meta":{"footnotes":""},"categories":[9599],"tags":[1111,11,1777,674,1011,27,2208,12,2680,25],"class_list":{"0":"post-333525","1":"post","2":"type-post","3":"status-publish","4":"format-standard","5":"has-post-thumbnail","7":"category-montpellier","8":"tag-actu","9":"tag-actualites","10":"tag-eu","11":"tag-europe","12":"tag-fr","13":"tag-france","14":"tag-montpellier","15":"tag-news","16":"tag-occitanie","17":"tag-republique-francaise"},"share_on_mastodon":{"url":"https:\/\/pubeurope.com\/@fr\/115065878246652814","error":""},"_links":{"self":[{"href":"https:\/\/www.europesays.com\/fr\/wp-json\/wp\/v2\/posts\/333525","targetHints":{"allow":["GET"]}}],"collection":[{"href":"https:\/\/www.europesays.com\/fr\/wp-json\/wp\/v2\/posts"}],"about":[{"href":"https:\/\/www.europesays.com\/fr\/wp-json\/wp\/v2\/types\/post"}],"author":[{"embeddable":true,"href":"https:\/\/www.europesays.com\/fr\/wp-json\/wp\/v2\/users\/2"}],"replies":[{"embeddable":true,"href":"https:\/\/www.europesays.com\/fr\/wp-json\/wp\/v2\/comments?post=333525"}],"version-history":[{"count":0,"href":"https:\/\/www.europesays.com\/fr\/wp-json\/wp\/v2\/posts\/333525\/revisions"}],"wp:featuredmedia":[{"embeddable":true,"href":"https:\/\/www.europesays.com\/fr\/wp-json\/wp\/v2\/media\/213884"}],"wp:attachment":[{"href":"https:\/\/www.europesays.com\/fr\/wp-json\/wp\/v2\/media?parent=333525"}],"wp:term":[{"taxonomy":"category","embeddable":true,"href":"https:\/\/www.europesays.com\/fr\/wp-json\/wp\/v2\/categories?post=333525"},{"taxonomy":"post_tag","embeddable":true,"href":"https:\/\/www.europesays.com\/fr\/wp-json\/wp\/v2\/tags?post=333525"}],"curies":[{"name":"wp","href":"https:\/\/api.w.org\/{rel}","templated":true}]}}