{"id":333535,"date":"2025-08-21T08:52:12","date_gmt":"2025-08-21T08:52:12","guid":{"rendered":"https:\/\/www.europesays.com\/fr\/333535\/"},"modified":"2025-08-21T08:52:12","modified_gmt":"2025-08-21T08:52:12","slug":"strasbourg-en-passe-de-recuperer-un-joueur-de-brighton-grace-a-chelsea-france-rc-strasbourg","status":"publish","type":"post","link":"https:\/\/www.europesays.com\/fr\/333535\/","title":{"rendered":"Strasbourg en passe de r\u00e9cup\u00e9rer un joueur de Brighton&#8230; gr\u00e2ce \u00e0 Chelsea &#8211; France &#8211; RC Strasbourg"},"content":{"rendered":"<p>Another one.<\/p>\n<p>Le RC Strasbourg continue de profiter <a target=\"_blank\" href=\"https:\/\/www.sofoot.com\/breves\/mercato-incroyable-mais-vrai-le-rc-strasbourg-signe-un-joueur-de-chelsea-en-pret\" rel=\"nofollow noopener\">des b\u00e9n\u00e9fices de la multipropri\u00e9t\u00e9<\/a> : <strong>Julio Enciso<\/strong><strong>\u00a0<\/strong>va passer sous la houle de BlueCo\u00a0et devrait <strong>s\u2019engager avec le club alsacien<\/strong> dans les prochains jours, selon les informations de <a target=\"_blank\" href=\"https:\/\/www.nytimes.com\/athletic\/6565713\/2025\/08\/20\/chelsea-julio-enciso-brighton-blueco\/\" rel=\"nofollow noopener\">The Athletic<\/a>\u00a0confirm\u00e9es par <a target=\"_blank\" href=\"https:\/\/www.lequipe.fr\/Football\/Actualites\/Mercato-accord-de-principe-entre-brighton-et-strasbourg-pour-julio-enciso\/1586405\" rel=\"nofollow noopener\">L\u2019\u00c9quipe<\/a>. Le joueur serait n\u00e9anmoins vu par les propri\u00e9taires du Racing et de Chelsea comme un joueur des Blues \u00ab\u00a0au long terme\u202f\u00bb,\u00a0indique The Athletic.<\/p>\n<p>Bless\u00e9 au genou<\/p>\n<p>Apr\u00e8s un pr\u00eat de six mois \u00e0 Ipswich Town, le Paraguayen de 21 ans quitterait Brighton pour un transfert estim\u00e9 \u00e0 <strong>15 millions d\u2019euros<\/strong>. Il a conclu la saison derni\u00e8re par trois buts et quatre passes d\u00e9cisives en 29 apparitions toutes comp\u00e9titions confondues.<\/p>\n<p>S\u2019il reprend tout juste l\u2019entra\u00eenement apr\u00e8s une blessure au genou, Julio Enciso devra faire ses preuves en Ligue 1 la saison prochaine pour esp\u00e9rer \u00eatre rappel\u00e9 en Premier League par Enzo Maresca.<\/p>\n<p>Bient\u00f4t 16 recrues pour ce mercato : la r\u00e9serve de Chelsea peut-elle viser le top 3 du championnat fran\u00e7ais ?<\/p>\n<p>\t\t\t\t\t\t\t\t\t\t<a class=\"lien-connexe\" href=\"https:\/\/www.sofoot.com\/breves\/personne-en-france-naccorde-autant-de-confiance-aux-jeunes-que-le-rc-strasbourg\" rel=\"nofollow noopener\" target=\"_blank\">Personne en France n\u2019accorde autant de confiance aux jeunes que le RC Strasbourg<\/a>\t\t\t\t\t<\/p>\n","protected":false},"excerpt":{"rendered":"Another one. Le RC Strasbourg continue de profiter des b\u00e9n\u00e9fices de la multipropri\u00e9t\u00e9 : Julio Enciso\u00a0va passer sous&hellip;\n","protected":false},"author":2,"featured_media":333536,"comment_status":"","ping_status":"","sticky":false,"template":"","format":"standard","meta":{"footnotes":""},"categories":[2820],"tags":[1111,47,11,61,69,65,64,1777,674,63,1011,27,775,68,66,12,62,70,25,67,640],"class_list":{"0":"post-333535","1":"post","2":"type-post","3":"status-publish","4":"format-standard","5":"has-post-thumbnail","7":"category-strasbourg","8":"tag-actu","9":"tag-actualite","10":"tag-actualites","11":"tag-actus-football","12":"tag-bundesliga","13":"tag-championnats-europeens","14":"tag-equipe-de-france","15":"tag-eu","16":"tag-europe","17":"tag-football","18":"tag-fr","19":"tag-france","20":"tag-grand-est","21":"tag-ligua","22":"tag-ligue-1","23":"tag-news","24":"tag-news-foot","25":"tag-premier-league","26":"tag-republique-francaise","27":"tag-serie-a","28":"tag-strasbourg"},"share_on_mastodon":{"url":"https:\/\/pubeurope.com\/@fr\/115065909635670215","error":""},"_links":{"self":[{"href":"https:\/\/www.europesays.com\/fr\/wp-json\/wp\/v2\/posts\/333535","targetHints":{"allow":["GET"]}}],"collection":[{"href":"https:\/\/www.europesays.com\/fr\/wp-json\/wp\/v2\/posts"}],"about":[{"href":"https:\/\/www.europesays.com\/fr\/wp-json\/wp\/v2\/types\/post"}],"author":[{"embeddable":true,"href":"https:\/\/www.europesays.com\/fr\/wp-json\/wp\/v2\/users\/2"}],"replies":[{"embeddable":true,"href":"https:\/\/www.europesays.com\/fr\/wp-json\/wp\/v2\/comments?post=333535"}],"version-history":[{"count":0,"href":"https:\/\/www.europesays.com\/fr\/wp-json\/wp\/v2\/posts\/333535\/revisions"}],"wp:featuredmedia":[{"embeddable":true,"href":"https:\/\/www.europesays.com\/fr\/wp-json\/wp\/v2\/media\/333536"}],"wp:attachment":[{"href":"https:\/\/www.europesays.com\/fr\/wp-json\/wp\/v2\/media?parent=333535"}],"wp:term":[{"taxonomy":"category","embeddable":true,"href":"https:\/\/www.europesays.com\/fr\/wp-json\/wp\/v2\/categories?post=333535"},{"taxonomy":"post_tag","embeddable":true,"href":"https:\/\/www.europesays.com\/fr\/wp-json\/wp\/v2\/tags?post=333535"}],"curies":[{"name":"wp","href":"https:\/\/api.w.org\/{rel}","templated":true}]}}