{"id":333539,"date":"2025-08-21T08:54:10","date_gmt":"2025-08-21T08:54:10","guid":{"rendered":"https:\/\/www.europesays.com\/fr\/333539\/"},"modified":"2025-08-21T08:54:10","modified_gmt":"2025-08-21T08:54:10","slug":"meteo-a-nice-les-orages-vont-de-nouveau-frapper-les-alpes-maritimes-voici-ou","status":"publish","type":"post","link":"https:\/\/www.europesays.com\/fr\/333539\/","title":{"rendered":"M\u00e9t\u00e9o \u00e0 Nice. Les orages vont de nouveau frapper les Alpes-Maritimes, voici o\u00f9"},"content":{"rendered":"<p>            Par<br \/>\n        <strong><br \/>\n            <a href=\"https:\/\/actu.fr\/auteur\/ugo-maillard\" title=\"Consulter tous les articles de Ugo Maillard\" rel=\"nofollow noopener\" target=\"_blank\">Ugo Maillard<\/a><br \/>\n        <\/strong><\/p>\n<p>        Publi\u00e9 le<\/p>\n<p>            21 ao\u00fbt 2025 \u00e0 10h42        <\/p>\n<p>Nouvelle journ\u00e9e agit\u00e9e dans le ciel de la C\u00f4te d\u2019Azur. <a href=\"https:\/\/actu.fr\/tag\/meteo-france\" rel=\"nofollow noopener\" target=\"_blank\">M\u00e9t\u00e9o France<\/a> a plac\u00e9 le d\u00e9partement des <a href=\"https:\/\/actu.fr\/provence-alpes-cote-d-azur\/alpes-maritimes_06\" rel=\"nofollow noopener\" target=\"_blank\">Alpes-Maritimes<\/a> en <strong>vigilance jaune aux orages<\/strong> ce jeudi 21\u00a0ao\u00fbt 2025. L\u2019alerte est en vigueur de 14h \u00e0 18h.<\/p>\n<p class=\" wall-content\">Voici les secteurs touch\u00e9s.<\/p>\n<p>Des orages accompagn\u00e9s de pluie<\/p>\n<p class=\" wall-content\">Contrairement \u00e0 la <a href=\"https:\/\/actu.fr\/provence-alpes-cote-d-azur\/nice_06088\/les-orages-forts-arrivent-a-nice-et-dans-les-alpes-maritimes-la-vigilance-activee_63055528.html\" rel=\"nofollow noopener\" target=\"_blank\">journ\u00e9e de mercredi<\/a>, les orages ne devraient pas \u00eatre violents \u00e0 <a href=\"https:\/\/actu.fr\/nice\/\" rel=\"nofollow noopener\" target=\"_blank\">Nice<\/a> et dans les Alpes-Maritimes, selon Keraunos, l\u2019observatoire fran\u00e7ais des orages et des tornades.<\/p>\n<blockquote class=\"ac-article-quote wall-content\">\n<p>Des averses circuleront toute la journ\u00e9e sur les r\u00e9gions cibl\u00e9es. Elles seront plus actives et parfois orageuses en cours d&rsquo;apr\u00e8s-midi, notamment entre le sud des Alpes et la Corse, o\u00f9 des orages parfois mod\u00e9r\u00e9s seront possibles.<\/p>\n<p>    <strong>Keraunos<\/strong>\n            <\/p><\/blockquote>\n<p class=\" wall-content\">Les pr\u00e9visions de M\u00e9t\u00e9o France indiquent que hormis la partie frontali\u00e8re du Var, <strong>l\u2019int\u00e9gralit\u00e9 du d\u00e9partement va \u00eatre touch\u00e9e<\/strong> par les orages.<\/p>\n<p class=\" wall-content\">\u00c0 <a href=\"https:\/\/actu.fr\/nice\/\" rel=\"nofollow noopener\" target=\"_blank\">Nice<\/a>, les \u00e9clairs feront leur apparition dans l\u2019apr\u00e8s-midi et seront <strong>accompagn\u00e9s d\u2019averses<\/strong>. C\u00f4t\u00e9 temp\u00e9rature, la maximale du jour sera de 28\u00b0C.<\/p>\n<p class=\" wall-content\">Personnalisez votre actualit\u00e9 en ajoutant vos villes et m\u00e9dias en favori avec <a href=\"https:\/\/moncompte.actu.fr\" title=\"D\u00e9couvez Mon Actu\" rel=\"nofollow noopener\" data-trk=\"{&quot;cta&quot;:{&quot;action&quot;:&quot;https:\\\/\\\/moncompte.actu.fr&quot;,&quot;category&quot;:&quot;mon compte&quot;,&quot;from&quot;:&quot;article footer&quot;,&quot;name&quot;:&quot;Mon actu&quot;,&quot;type&quot;:&quot;cta&quot;}}\" target=\"_blank\">Mon Actu<\/a>.<\/p>\n","protected":false},"excerpt":{"rendered":"Par Ugo Maillard Publi\u00e9 le 21 ao\u00fbt 2025 \u00e0 10h42 Nouvelle journ\u00e9e agit\u00e9e dans le ciel de la&hellip;\n","protected":false},"author":2,"featured_media":333540,"comment_status":"","ping_status":"","sticky":false,"template":"","format":"standard","meta":{"footnotes":""},"categories":[2819],"tags":[1111,11,1777,674,1011,27,2487,2357,12,2401,4594,882,25],"class_list":{"0":"post-333539","1":"post","2":"type-post","3":"status-publish","4":"format-standard","5":"has-post-thumbnail","7":"category-nice","8":"tag-actu","9":"tag-actualites","10":"tag-eu","11":"tag-europe","12":"tag-fr","13":"tag-france","14":"tag-meteo","15":"tag-meteo-france","16":"tag-news","17":"tag-nice","18":"tag-orages","19":"tag-provence-alpes-cote-dazur","20":"tag-republique-francaise"},"share_on_mastodon":{"url":"https:\/\/pubeurope.com\/@fr\/115065917527921568","error":""},"_links":{"self":[{"href":"https:\/\/www.europesays.com\/fr\/wp-json\/wp\/v2\/posts\/333539","targetHints":{"allow":["GET"]}}],"collection":[{"href":"https:\/\/www.europesays.com\/fr\/wp-json\/wp\/v2\/posts"}],"about":[{"href":"https:\/\/www.europesays.com\/fr\/wp-json\/wp\/v2\/types\/post"}],"author":[{"embeddable":true,"href":"https:\/\/www.europesays.com\/fr\/wp-json\/wp\/v2\/users\/2"}],"replies":[{"embeddable":true,"href":"https:\/\/www.europesays.com\/fr\/wp-json\/wp\/v2\/comments?post=333539"}],"version-history":[{"count":0,"href":"https:\/\/www.europesays.com\/fr\/wp-json\/wp\/v2\/posts\/333539\/revisions"}],"wp:featuredmedia":[{"embeddable":true,"href":"https:\/\/www.europesays.com\/fr\/wp-json\/wp\/v2\/media\/333540"}],"wp:attachment":[{"href":"https:\/\/www.europesays.com\/fr\/wp-json\/wp\/v2\/media?parent=333539"}],"wp:term":[{"taxonomy":"category","embeddable":true,"href":"https:\/\/www.europesays.com\/fr\/wp-json\/wp\/v2\/categories?post=333539"},{"taxonomy":"post_tag","embeddable":true,"href":"https:\/\/www.europesays.com\/fr\/wp-json\/wp\/v2\/tags?post=333539"}],"curies":[{"name":"wp","href":"https:\/\/api.w.org\/{rel}","templated":true}]}}