{"id":333541,"date":"2025-08-21T08:55:13","date_gmt":"2025-08-21T08:55:13","guid":{"rendered":"https:\/\/www.europesays.com\/fr\/333541\/"},"modified":"2025-08-21T08:55:13","modified_gmt":"2025-08-21T08:55:13","slug":"une-projection-du-film-dartus-un-ptit-truc-en-plus-organisee-pres-de-nantes","status":"publish","type":"post","link":"https:\/\/www.europesays.com\/fr\/333541\/","title":{"rendered":"une projection du film d&rsquo;Artus, \u00ab\u00a0Un p&rsquo;tit truc en plus\u00a0\u00bb, organis\u00e9e pr\u00e8s de Nantes"},"content":{"rendered":"<p>            Par<br \/>\n        <strong><br \/>\n            <a href=\"https:\/\/actu.fr\/auteur\/clemence-pays02-actu-fr\" title=\"Consulter tous les articles de Cl\u00e9mence Pays\" rel=\"nofollow noopener\" target=\"_blank\">Cl\u00e9mence Pays<\/a><br \/>\n        <\/strong><\/p>\n<p>        Publi\u00e9 le<\/p>\n<p>            21 ao\u00fbt 2025 \u00e0 10h25        <\/p>\n<p>Ce sera l\u2019occasion de d\u00e9couvrir (ou de revoir) le film \u00e0 succ\u00e8s d\u2019<a href=\"https:\/\/actu.fr\/ile-de-france\/nanterre_92050\/je-vais-me-ruiner-je-m-en-fous-artus-sans-illusions-sur-son-spectacle-hors-norme-a-paris-la-defense-arena_62465251.html\" rel=\"nofollow noopener\" target=\"_blank\">Artus<\/a>. La Ville d\u2019Indre organise la projection de <strong>la com\u00e9die Un p\u2019tit truc en plus,<\/strong> jeudi 21\u00a0ao\u00fbt 2025.<\/p>\n<p class=\" wall-content\">Une s\u00e9ance de cin\u00e9ma qui se d\u00e9roulera<strong> en plein air,<\/strong> sur le site des Trois \u00eeles, et qui sera <strong>gratuite.<\/strong><\/p>\n<p class=\" wall-content\">\u00c0 partir de 20h, un<strong> coin d\u00e9tente<\/strong> avec des jeux en bois sera accessible. \u00ab\u2009Pique-nique possible et petite restauration sur place. Pensez \u00e0 vos transats et vos plaids\u2009\u00bb, pr\u00e9cise la Ville.<\/p>\n<p>Le synopsis du film<\/p>\n<p class=\" wall-content\">La projection d\u00e9butera <strong>\u00e0 21h30.<\/strong> D\u00e9couvrez le synopsis de cette com\u00e9die sortie en salle en 2024 et <a href=\"https:\/\/actu.fr\/societe\/un-p-tit-truc-en-plus-le-film-d-artus-depasse-les-10-millions-d-entree-un-record-depuis-10-ans_61496767.html\" rel=\"nofollow noopener\" target=\"_blank\">qui a d\u00e9pass\u00e9 les 10\u00a0millions d\u2019entr\u00e9es<\/a>\u2009:<\/p>\n<p class=\" wall-content\">\u00ab\u2009Pour \u00e9chapper \u00e0 la police, un fils et son p\u00e8re en cavale sont contraints de trouver refuge dans une colonie de vacances pour jeunes adultes en situation de handicap, se faisant passer pour un pensionnaire et son \u00e9ducateur sp\u00e9cialis\u00e9. Le d\u00e9but des emmerdes et d\u2019une formidable exp\u00e9rience humaine qui va les changer \u00e0 jamais.\u2009\u00bb<\/p>\n<p><strong>Infos pratiques\u2009:<\/strong><br \/>Jeudi 21\u00a0ao\u00fbt 2025, \u00e0 21h30, cin\u00e9 en plein air, Les Trois \u00celes, 5, rue des Chaintres, \u00e0 Indre. Gratuit.<\/p>\n<p class=\" wall-content\">Personnalisez votre actualit\u00e9 en ajoutant vos villes et m\u00e9dias en favori avec <a href=\"https:\/\/moncompte.actu.fr\" title=\"D\u00e9couvez Mon Actu\" rel=\"nofollow noopener\" data-trk=\"{&quot;cta&quot;:{&quot;action&quot;:&quot;https:\\\/\\\/moncompte.actu.fr&quot;,&quot;category&quot;:&quot;mon compte&quot;,&quot;from&quot;:&quot;article footer&quot;,&quot;name&quot;:&quot;Mon actu&quot;,&quot;type&quot;:&quot;cta&quot;}}\" target=\"_blank\">Mon Actu<\/a>.<\/p>\n","protected":false},"excerpt":{"rendered":"Par Cl\u00e9mence Pays Publi\u00e9 le 21 ao\u00fbt 2025 \u00e0 10h25 Ce sera l\u2019occasion de d\u00e9couvrir (ou de revoir)&hellip;\n","protected":false},"author":2,"featured_media":333542,"comment_status":"","ping_status":"","sticky":false,"template":"","format":"standard","meta":{"footnotes":""},"categories":[2818],"tags":[1111,11,1063,650,1777,674,1011,27,1652,766,12,2636,25],"class_list":{"0":"post-333541","1":"post","2":"type-post","3":"status-publish","4":"format-standard","5":"has-post-thumbnail","7":"category-nantes","8":"tag-actu","9":"tag-actualites","10":"tag-animations","11":"tag-cinema","12":"tag-eu","13":"tag-europe","14":"tag-fr","15":"tag-france","16":"tag-loisirs-culture","17":"tag-nantes","18":"tag-news","19":"tag-pays-de-la-loire","20":"tag-republique-francaise"},"share_on_mastodon":{"url":"https:\/\/pubeurope.com\/@fr\/115065921431142546","error":""},"_links":{"self":[{"href":"https:\/\/www.europesays.com\/fr\/wp-json\/wp\/v2\/posts\/333541","targetHints":{"allow":["GET"]}}],"collection":[{"href":"https:\/\/www.europesays.com\/fr\/wp-json\/wp\/v2\/posts"}],"about":[{"href":"https:\/\/www.europesays.com\/fr\/wp-json\/wp\/v2\/types\/post"}],"author":[{"embeddable":true,"href":"https:\/\/www.europesays.com\/fr\/wp-json\/wp\/v2\/users\/2"}],"replies":[{"embeddable":true,"href":"https:\/\/www.europesays.com\/fr\/wp-json\/wp\/v2\/comments?post=333541"}],"version-history":[{"count":0,"href":"https:\/\/www.europesays.com\/fr\/wp-json\/wp\/v2\/posts\/333541\/revisions"}],"wp:featuredmedia":[{"embeddable":true,"href":"https:\/\/www.europesays.com\/fr\/wp-json\/wp\/v2\/media\/333542"}],"wp:attachment":[{"href":"https:\/\/www.europesays.com\/fr\/wp-json\/wp\/v2\/media?parent=333541"}],"wp:term":[{"taxonomy":"category","embeddable":true,"href":"https:\/\/www.europesays.com\/fr\/wp-json\/wp\/v2\/categories?post=333541"},{"taxonomy":"post_tag","embeddable":true,"href":"https:\/\/www.europesays.com\/fr\/wp-json\/wp\/v2\/tags?post=333541"}],"curies":[{"name":"wp","href":"https:\/\/api.w.org\/{rel}","templated":true}]}}