{"id":333543,"date":"2025-08-21T08:56:10","date_gmt":"2025-08-21T08:56:10","guid":{"rendered":"https:\/\/www.europesays.com\/fr\/333543\/"},"modified":"2025-08-21T08:56:10","modified_gmt":"2025-08-21T08:56:10","slug":"deux-concerts-gratuits-au-bord-du-canal-de-nantes-a-brest","status":"publish","type":"post","link":"https:\/\/www.europesays.com\/fr\/333543\/","title":{"rendered":"deux concerts gratuits au bord du canal de Nantes \u00e0 Brest"},"content":{"rendered":"<p>            Par<br \/>\n        <strong><br \/>\n            <a href=\"https:\/\/actu.fr\/auteur\/journaliste-er\" title=\"Consulter tous les articles de R\u00e9daction Ch\u00e2teaubriant\" target=\"_blank\" rel=\"noopener\">R\u00e9daction Ch\u00e2teaubriant<\/a><br \/>\n        <\/strong><\/p>\n<p>        Publi\u00e9 le<\/p>\n<p>            21 ao\u00fbt 2025 \u00e0 10h39        <\/p>\n<p>Dans le cadre du festival des Rendez-vous de l\u2019Erdre, \u00e9v\u00e9nement majeur alliant jazz et belle plaisance autour de l\u2019Erdre et du<b> canal de Nantes \u00e0 Brest,<\/b> deux rendez-vous musicaux sont propos\u00e9s gratuitement \u00e0 Nozay (Loire-Atlantique) et Saffr\u00e9 (Loire-Atlantique).<\/p>\n<ul class=\" wall-content\">\n<li><b>Mercredi 27\u00a0ao\u00fbt 2025 \u00e0 19\u2009h<\/b>\u2009: Concert \u00e0 Bout-de-Bois avec, en ouverture, la fanfare tout terrain la BrassCour de Saffr\u00e9 qui lancera les festivit\u00e9s. Au menu\u2009: un cocktail instrumental explosif m\u00ealant Ibrahim Maalouf, Stevie Wonder, Rage against the Machine et bien d\u2019autres\u2026 Du groove, de l\u2019\u00e9nergie, des paillettes et un grain de folie, avant d\u2019accueillir Marion Rampal et Isabel S\u00f6rling, toutes deux r\u00e9compens\u00e9es aux Victoires du Jazz.<br \/>En solo puis en duo, elles proposeront un concert unique m\u00ealant chansons originales, improvisations et reprises de grands noms tels que Bob Dylan, Johnny Cash ou Joni Mitchell. Tout public, gratuit et sans inscription.<\/li>\n<\/ul>\n<ul class=\" wall-content\">\n<li><b>Jeudi 28\u00a0ao\u00fbt 2025 \u00e0 12\u2009h\u200930<\/b>\u2009: D\u00e9ambulation dans le bourg de Nozay avec le trio Sensationnel MajoR Ut\u00a0qui animera la pause d\u00e9jeuner avec un spectacle original mariant jazz et musique classique. Un moment convivial et festif \u00e0 partager en famille ou entre amis. Restauration sur place.<\/li>\n<\/ul>\n<p>Informations\u2009: www.cc-nozay.fr<\/p>\n<p class=\" wall-content\">Personnalisez votre actualit\u00e9 en ajoutant vos villes et m\u00e9dias en favori avec <a href=\"https:\/\/moncompte.actu.fr\" title=\"D\u00e9couvez Mon Actu\" rel=\"nofollow noopener\" data-trk=\"{&quot;cta&quot;:{&quot;action&quot;:&quot;https:\\\/\\\/moncompte.actu.fr&quot;,&quot;category&quot;:&quot;mon compte&quot;,&quot;from&quot;:&quot;article footer&quot;,&quot;name&quot;:&quot;Mon actu&quot;,&quot;type&quot;:&quot;cta&quot;}}\" target=\"_blank\">Mon Actu<\/a>.<\/p>\n","protected":false},"excerpt":{"rendered":"Par R\u00e9daction Ch\u00e2teaubriant Publi\u00e9 le 21 ao\u00fbt 2025 \u00e0 10h39 Dans le cadre du festival des Rendez-vous de&hellip;\n","protected":false},"author":2,"featured_media":333544,"comment_status":"","ping_status":"","sticky":false,"template":"","format":"standard","meta":{"footnotes":""},"categories":[2818],"tags":[1111,11,8321,1697,1777,674,1011,27,873,766,12,2636,25,104],"class_list":{"0":"post-333543","1":"post","2":"type-post","3":"status-publish","4":"format-standard","5":"has-post-thumbnail","7":"category-nantes","8":"tag-actu","9":"tag-actualites","10":"tag-canal-de-nantes-a-brest","11":"tag-concert","12":"tag-eu","13":"tag-europe","14":"tag-fr","15":"tag-france","16":"tag-musique","17":"tag-nantes","18":"tag-news","19":"tag-pays-de-la-loire","20":"tag-republique-francaise","21":"tag-societe"},"share_on_mastodon":{"url":"https:\/\/pubeurope.com\/@fr\/115065925360523396","error":""},"_links":{"self":[{"href":"https:\/\/www.europesays.com\/fr\/wp-json\/wp\/v2\/posts\/333543","targetHints":{"allow":["GET"]}}],"collection":[{"href":"https:\/\/www.europesays.com\/fr\/wp-json\/wp\/v2\/posts"}],"about":[{"href":"https:\/\/www.europesays.com\/fr\/wp-json\/wp\/v2\/types\/post"}],"author":[{"embeddable":true,"href":"https:\/\/www.europesays.com\/fr\/wp-json\/wp\/v2\/users\/2"}],"replies":[{"embeddable":true,"href":"https:\/\/www.europesays.com\/fr\/wp-json\/wp\/v2\/comments?post=333543"}],"version-history":[{"count":0,"href":"https:\/\/www.europesays.com\/fr\/wp-json\/wp\/v2\/posts\/333543\/revisions"}],"wp:featuredmedia":[{"embeddable":true,"href":"https:\/\/www.europesays.com\/fr\/wp-json\/wp\/v2\/media\/333544"}],"wp:attachment":[{"href":"https:\/\/www.europesays.com\/fr\/wp-json\/wp\/v2\/media?parent=333543"}],"wp:term":[{"taxonomy":"category","embeddable":true,"href":"https:\/\/www.europesays.com\/fr\/wp-json\/wp\/v2\/categories?post=333543"},{"taxonomy":"post_tag","embeddable":true,"href":"https:\/\/www.europesays.com\/fr\/wp-json\/wp\/v2\/tags?post=333543"}],"curies":[{"name":"wp","href":"https:\/\/api.w.org\/{rel}","templated":true}]}}