{"id":333551,"date":"2025-08-21T09:00:12","date_gmt":"2025-08-21T09:00:12","guid":{"rendered":"https:\/\/www.europesays.com\/fr\/333551\/"},"modified":"2025-08-21T09:00:12","modified_gmt":"2025-08-21T09:00:12","slug":"circulation-des-trains-perturbee-entre-toulouse-et-auch-en-raison-dune-panne-informatique","status":"publish","type":"post","link":"https:\/\/www.europesays.com\/fr\/333551\/","title":{"rendered":"Circulation des trains perturb\u00e9e entre Toulouse et Auch en raison d&rsquo;une panne informatique"},"content":{"rendered":"<p>Une panne informatique importante bouleverse la circulation des trains entre Toulouse (Haute-Garonne) et Auch  (Gers) ce jeudi 21 ao\u00fbt 2025 et jusqu&rsquo;\u00e0 ce vendredi 14h, pr\u00e9vient la SNCF.<\/p>\n<p>\n      L\u2019actu des r\u00e9gions\n    <\/p>\n<p>\n      Chaque jour, un tour d\u2019horizon des principales infos de toutes les r\u00e9gions.\n    <\/p>\n<p>    France T\u00e9l\u00e9visions utilise votre adresse e-mail afin de vous envoyer la newsletter \u00ab\u00a0L\u2019actu des r\u00e9gions\u00a0\u00bb. Vous pouvez vous d\u00e9sinscrire \u00e0 tout moment via le lien en bas de cette newsletter. <a target=\"_blank\" href=\"https:\/\/www.francetelevisions.fr\/groupe\/confidentialite\/politique-de-confidentialite\/politique-de-confidentialite-de-france-televisions-6503\" rel=\"nofollow noopener\">Notre politique de confidentialit\u00e9<\/a><\/p>\n<p>La circulation des trains entre Toulouse (Haute-Garonne) et Auch (Gers) est fortement perturb\u00e9e, ce jeudi 21 ao\u00fbt 2025 depuis 9h30, annonce la SNCF sur son compte X :\u00a0<\/p>\n<p>Une panne informatique en gare de Brax-L\u00e9guevin est \u00e0 l&rsquo;origine du bouleversement du trafic, selon la compagnie ferroviaire.\u00a0<\/p>\n<p>Des \u00e9quipes techniques sont sur place et \u00ab\u00a0font le maximum\u00a0\u00bb pour y rem\u00e9dier. Mais la SNCF avertit les voyageurs que le retour \u00e0 la normale n&rsquo;est pour l&rsquo;instant pr\u00e9vu que demain vendredi \u00e0 14h.\u00a0<\/p>\n","protected":false},"excerpt":{"rendered":"Une panne informatique importante bouleverse la circulation des trains entre Toulouse (Haute-Garonne) et Auch (Gers) ce jeudi 21&hellip;\n","protected":false},"author":2,"featured_media":333552,"comment_status":"","ping_status":"","sticky":false,"template":"","format":"standard","meta":{"footnotes":""},"categories":[2816],"tags":[1111,11,1777,674,1011,27,12,2680,25,2312],"class_list":{"0":"post-333551","1":"post","2":"type-post","3":"status-publish","4":"format-standard","5":"has-post-thumbnail","7":"category-toulouse","8":"tag-actu","9":"tag-actualites","10":"tag-eu","11":"tag-europe","12":"tag-fr","13":"tag-france","14":"tag-news","15":"tag-occitanie","16":"tag-republique-francaise","17":"tag-toulouse"},"share_on_mastodon":{"url":"https:\/\/pubeurope.com\/@fr\/115065941102007661","error":""},"_links":{"self":[{"href":"https:\/\/www.europesays.com\/fr\/wp-json\/wp\/v2\/posts\/333551","targetHints":{"allow":["GET"]}}],"collection":[{"href":"https:\/\/www.europesays.com\/fr\/wp-json\/wp\/v2\/posts"}],"about":[{"href":"https:\/\/www.europesays.com\/fr\/wp-json\/wp\/v2\/types\/post"}],"author":[{"embeddable":true,"href":"https:\/\/www.europesays.com\/fr\/wp-json\/wp\/v2\/users\/2"}],"replies":[{"embeddable":true,"href":"https:\/\/www.europesays.com\/fr\/wp-json\/wp\/v2\/comments?post=333551"}],"version-history":[{"count":0,"href":"https:\/\/www.europesays.com\/fr\/wp-json\/wp\/v2\/posts\/333551\/revisions"}],"wp:featuredmedia":[{"embeddable":true,"href":"https:\/\/www.europesays.com\/fr\/wp-json\/wp\/v2\/media\/333552"}],"wp:attachment":[{"href":"https:\/\/www.europesays.com\/fr\/wp-json\/wp\/v2\/media?parent=333551"}],"wp:term":[{"taxonomy":"category","embeddable":true,"href":"https:\/\/www.europesays.com\/fr\/wp-json\/wp\/v2\/categories?post=333551"},{"taxonomy":"post_tag","embeddable":true,"href":"https:\/\/www.europesays.com\/fr\/wp-json\/wp\/v2\/tags?post=333551"}],"curies":[{"name":"wp","href":"https:\/\/api.w.org\/{rel}","templated":true}]}}