{"id":333553,"date":"2025-08-21T09:01:16","date_gmt":"2025-08-21T09:01:16","guid":{"rendered":"https:\/\/www.europesays.com\/fr\/333553\/"},"modified":"2025-08-21T09:01:16","modified_gmt":"2025-08-21T09:01:16","slug":"lille-gratuit-et-insolite-le-musee-dhistoire-naturelle-sort-de-ses-murs-en-travaux-jusquau-30-aout","status":"publish","type":"post","link":"https:\/\/www.europesays.com\/fr\/333553\/","title":{"rendered":"Lille. Gratuit et insolite, le mus\u00e9e d&rsquo;histoire naturelle sort de ses murs en travaux jusqu&rsquo;au 30 ao\u00fbt"},"content":{"rendered":"<p>            Par<br \/>\n        <strong><br \/>\n            <a href=\"https:\/\/actu.fr\/auteur\/redaction-lille\" title=\"Consulter tous les articles de R\u00e9daction Lille\" target=\"_blank\" rel=\"noopener\">R\u00e9daction Lille<\/a><br \/>\n        <\/strong><\/p>\n<p>        Publi\u00e9 le<\/p>\n<p>            21 ao\u00fbt 2025 \u00e0 10h21        <\/p>\n<p>Quelques enfants regardent avec des grands yeux l\u2019\u00e9cran g\u00e9ant o\u00f9 est projet\u00e9e la visite virtuelle du mus\u00e9e. Les adultes autour discutent joyeusement alors que l\u2019inauguration du mini-mus\u00e9um de quartier bat son plein. Une vingtaine de personnes est rassembl\u00e9e dans les locaux de<b> la compagnie du Tire-Laine<\/b> alors que le mus\u00e9e d\u2019histoire naturelle de <a href=\"https:\/\/actu.fr\/tag\/lille\" target=\"_blank\" rel=\"noopener\">Lille<\/a> s\u2019installe pour une dizaine de jours. Herv\u00e9 Leteneur, en charge de la communication de la compagnie du Tire-Laine, montre une certaine fiert\u00e9\u2009: \u00ab\u2009La compagnie a une tradition de faire plein de choses, et recevoir le mus\u00e9e ici, \u00e7a nous rend tr\u00e8s heureux.\u2009\u00bb Les musiciens de la compagnie sont d\u2019ailleurs en charge de la c\u00e9r\u00e9monie de cl\u00f4ture, le 30\u00a0ao\u00fbt.<\/p>\n<p>Garder le contact avec le mus\u00e9e<\/p>\n<p class=\" wall-content\">Il n\u2019y a pas tant de choses \u00e0 voir du mus\u00e9e, seulement deux salles d\u2019exposition, un \u00e9cran pour la visite virtuelle dans le hall principal et la Chouette Ambassadrice. \u00ab\u2009Ce n\u2019est pas tant les pi\u00e8ces, mais plus les nombreux ateliers\u2009\u00bb, explique Herv\u00e9 Leteneur. <b>Jusqu\u2019au 30\u00a0ao\u00fbt, des activit\u00e9s sont organis\u00e9es, surtout \u00e0 l\u2019intention des enfants<\/b>, pour \u00ab\u2009garder le contact avec un mus\u00e9e que les Lillois aiment tant\u2009\u00bb, ajoute Marie-Pierre Bresson, adjointe du maire \u00e0 la culture.<\/p>\n<p class=\" wall-content\">Ces ateliers sont surtout compos\u00e9s d\u2019initiations pour <b>\u00ab\u2009d\u00e9velopper la cr\u00e9ativit\u00e9 et la curiosit\u00e9\u2009\u00bb<\/b>. La plupart sont d\u00e9j\u00e0 complets, mais il est possible de r\u00e9server les derni\u00e8res places. <b>Tout est gratuit. <\/b>\u00ab\u2009Il s\u2019agit d\u2019un concentr\u00e9 du mus\u00e9e\u2009\u00bb, compl\u00e8te Judith Pargamin, la directrice du mus\u00e9e d\u2019histoire naturelle de Lille. \u00ab\u2009Cela montre la diversit\u00e9 des collections avec des objets qui viennent de nos fonds, et ils ne sont g\u00e9n\u00e9ralement pas visibles dans le mus\u00e9e, seulement pour des sorties comme celle-ci.\u2009\u00bb<\/p>\n<p>Un point sur les travaux<\/p>\n<p class=\" wall-content\">L\u2019adjointe au maire et la directrice en profitent pour faire un point sur les travaux du mus\u00e9e, qui ont pris du retard. Ils devraient reprendre en fin d\u2019ann\u00e9e. \u00c0 l\u2019int\u00e9rieur, c\u2019est tout un d\u00e9fi logistique\u2009: \u00ab\u2009C\u2019est un b\u00e2timent utilis\u00e9 depuis 150\u00a0ans pour entreposer des pi\u00e8ces de collection\u2009\u00bb, rappelle Judith Pargamin. \u00ab\u2009Il faut d\u00e9placer tous les objets de l\u2019aile droite, puis tout remettre dans celle de gauche quand on fait les travaux dans celle-ci.\u2009\u00bb C\u2019est <b>450\u2009000 objets conserv\u00e9s qu\u2019il faut transporter d\u2019un bout \u00e0 l\u2019autre.<\/b><\/p>\n<p class=\" wall-content\">Pour Marie-Pierre Bresson, c\u2019est important de garder du lien avec le mus\u00e9e. \u00ab\u2009Les Lillois appr\u00e9cient \u00e9norm\u00e9ment ce mus\u00e9e. Ce genre d\u2019action permet de garder le contact, mais aussi de montrer les transformations.\u2009\u00bb<\/p>\n<p class=\" wall-content\">La Chouette Ambassadrice continuera de virevolter encore, mais d\u2019autres partenariats comme avec la compagnie du Tire-Laine restent incertains. \u00a0\u00bb Nous sommes \u00e9norm\u00e9ment sollicit\u00e9s, explique la directrice du mus\u00e9e, sauf que nos \u00e9quipes travaillent sur \u00e7a, mais aussi pr\u00e9parent les toutes nouvelles expositions \u00e0 la r\u00e9ouverture\u2026 c\u2019est frustrant de ne pas pouvoir r\u00e9pondre \u00e0 toutes les demandes.<\/p>\n<p class=\" wall-content\"><b>Dimitri Petit<\/b><\/p>\n<p class=\" wall-content\">Personnalisez votre actualit\u00e9 en ajoutant vos villes et m\u00e9dias en favori avec <a href=\"https:\/\/moncompte.actu.fr\" title=\"D\u00e9couvez Mon Actu\" rel=\"nofollow noopener\" data-trk=\"{&quot;cta&quot;:{&quot;action&quot;:&quot;https:\\\/\\\/moncompte.actu.fr&quot;,&quot;category&quot;:&quot;mon compte&quot;,&quot;from&quot;:&quot;article footer&quot;,&quot;name&quot;:&quot;Mon actu&quot;,&quot;type&quot;:&quot;cta&quot;}}\" target=\"_blank\">Mon Actu<\/a>.<\/p>\n","protected":false},"excerpt":{"rendered":"Par R\u00e9daction Lille Publi\u00e9 le 21 ao\u00fbt 2025 \u00e0 10h21 Quelques enfants regardent avec des grands yeux l\u2019\u00e9cran&hellip;\n","protected":false},"author":2,"featured_media":333554,"comment_status":"","ping_status":"","sticky":false,"template":"","format":"standard","meta":{"footnotes":""},"categories":[2815],"tags":[1111,11,1777,674,1011,27,811,1307,1652,12,25,2086],"class_list":{"0":"post-333553","1":"post","2":"type-post","3":"status-publish","4":"format-standard","5":"has-post-thumbnail","7":"category-lille","8":"tag-actu","9":"tag-actualites","10":"tag-eu","11":"tag-europe","12":"tag-fr","13":"tag-france","14":"tag-hauts-de-france","15":"tag-lille","16":"tag-loisirs-culture","17":"tag-news","18":"tag-republique-francaise","19":"tag-travaux"},"share_on_mastodon":{"url":"https:\/\/pubeurope.com\/@fr\/115065945454884927","error":""},"_links":{"self":[{"href":"https:\/\/www.europesays.com\/fr\/wp-json\/wp\/v2\/posts\/333553","targetHints":{"allow":["GET"]}}],"collection":[{"href":"https:\/\/www.europesays.com\/fr\/wp-json\/wp\/v2\/posts"}],"about":[{"href":"https:\/\/www.europesays.com\/fr\/wp-json\/wp\/v2\/types\/post"}],"author":[{"embeddable":true,"href":"https:\/\/www.europesays.com\/fr\/wp-json\/wp\/v2\/users\/2"}],"replies":[{"embeddable":true,"href":"https:\/\/www.europesays.com\/fr\/wp-json\/wp\/v2\/comments?post=333553"}],"version-history":[{"count":0,"href":"https:\/\/www.europesays.com\/fr\/wp-json\/wp\/v2\/posts\/333553\/revisions"}],"wp:featuredmedia":[{"embeddable":true,"href":"https:\/\/www.europesays.com\/fr\/wp-json\/wp\/v2\/media\/333554"}],"wp:attachment":[{"href":"https:\/\/www.europesays.com\/fr\/wp-json\/wp\/v2\/media?parent=333553"}],"wp:term":[{"taxonomy":"category","embeddable":true,"href":"https:\/\/www.europesays.com\/fr\/wp-json\/wp\/v2\/categories?post=333553"},{"taxonomy":"post_tag","embeddable":true,"href":"https:\/\/www.europesays.com\/fr\/wp-json\/wp\/v2\/tags?post=333553"}],"curies":[{"name":"wp","href":"https:\/\/api.w.org\/{rel}","templated":true}]}}