{"id":333561,"date":"2025-08-21T09:05:09","date_gmt":"2025-08-21T09:05:09","guid":{"rendered":"https:\/\/www.europesays.com\/fr\/333561\/"},"modified":"2025-08-21T09:05:09","modified_gmt":"2025-08-21T09:05:09","slug":"louragan-erin-peut-devenir-une-tempete-explosive-en-france-quels-risques-a-lyon","status":"publish","type":"post","link":"https:\/\/www.europesays.com\/fr\/333561\/","title":{"rendered":"L&rsquo;ouragan Erin peut devenir une temp\u00eate explosive en France : quels risques \u00e0 Lyon\u00a0?"},"content":{"rendered":"<p>            Par<br \/>\n        <strong><br \/>\n            <a href=\"https:\/\/actu.fr\/auteur\/anthony-soudani\" title=\"Consulter tous les articles de Anthony Soudani\" rel=\"nofollow noopener\" target=\"_blank\">Anthony Soudani<\/a><br \/>\n        <\/strong><\/p>\n<p>        Publi\u00e9 le<\/p>\n<p>            21 ao\u00fbt 2025 \u00e0 10h36        <\/p>\n<p>L\u2019ouragan <a href=\"https:\/\/actu.fr\/meteo\/l-ouragan-erin-bientot-une-tempete-en-france-rafales-a-170-km-h-vagues-de-10-m-les-premieres-previsions_63051037.html\" rel=\"nofollow noopener\" target=\"_blank\">Erin<\/a>, cinqui\u00e8me ph\u00e9nom\u00e8ne tropical de la saison \u2013 et le premier \u00e0 atteindre le stade d\u2019ouragan majeur \u2013 devrait prendre la direction des c\u00f4tes europ\u00e9ennes <strong>\u00e0 partir du mardi 26 ao\u00fbt 2025.\u00a0 <br \/><\/strong>Il devrait ensuite <a href=\"https:\/\/actu.fr\/meteo\/une-tempete-explosive-comment-l-ouragan-erin-peut-se-transformer-pres-de-la-france-la-semaine-prochaine_63056753.html\" rel=\"nofollow noopener\" target=\"_blank\">se transformer en violente temp\u00eate<\/a> et apportera, a minima, une tr\u00e8s importante houle sur la fa\u00e7ade ouest de la France, selon le mod\u00e8le m\u00e9t\u00e9o europ\u00e9en. Voire donc <strong>du vent, fort, et beaucoup de pluie<\/strong>. \u00c0 <a href=\"https:\/\/actu.fr\/lyon\/\" rel=\"nofollow noopener\" target=\"_blank\">Lyon<\/a>, les cons\u00e9quences de cet ouragan pourraient se faire sentir \u00e0 partir de la semaine prochaine.\u00a0<br \/>Guillaume S\u00e9chet, expert m\u00e9t\u00e9o et fondateur du site <a href=\"https:\/\/www.meteo-lyon.net\/\" rel=\"nofollow noopener\" target=\"_blank\">M\u00e9t\u00e9o-Lyon<\/a>, donne une premi\u00e8re tendance.<\/p>\n<p>De l\u2019air chaud du Sahara ou une violente temp\u00eate\u2026<\/p>\n<p class=\" wall-content\">\u00ab\u00a0Il n\u2019y aura pas de cyclone en France, il va \u00eatre repris dans le courant oc\u00e9anique du gulf stream. Il va se transformer en temp\u00eate et va \u00eatre rejet\u00e9 vers les \u00celes Britanniques ou le proche atlantique. Cela reste tr\u00e8s incertain\u00a0\u00bb, nous pr\u00e9cise Guillaume S\u00e9chet. L\u2019expert de M\u00e9t\u00e9o-Lyon se veut prudent.\u00a0<\/p>\n<p class=\" wall-content\">\u00ab\u00a0Sur le mod\u00e8le am\u00e9ricain, il n\u2019y a rien de sp\u00e9cial. L\u2019ancien cyclone va \u00eatre rejet\u00e9 vers l\u2019Islande\u00a0\u00bb, note le pr\u00e9visionniste. \u00ab\u00a0Cela pourrait tout de m\u00eame engendrer une remont\u00e9e d\u2019air chaud, selon le sc\u00e9nario am\u00e9ricain. Il y aurait pas mal d\u2019air chaud du Sahara d\u00e8s lundi.\u00a0\u00bb Du moins, si ce sc\u00e9nario se confirme.\u00a0<\/p>\n<p class=\" wall-content\">Puisque celui privil\u00e9gi\u00e9 actuellement est plut\u00f4t le mod\u00e8le europ\u00e9en. \u00c0 savoir une temp\u00eate plut\u00f4t violente qui s\u2019abattra sur la partie ouest de la France \u00e0 la fin du mois d\u2019ao\u00fbt.<\/p>\n<p>\u00ab\u00a0La fin du mois d\u2019ao\u00fbt ne sera pas totalement calme \u00e0 Lyon\u00a0\u00bb<\/p>\n<p class=\" wall-content\">\u00ab\u00a0La fin du mois d\u2019ao\u00fbt ne sera pas totalement calme \u00e0 Lyon. De la chaleur avec des orages ? Ou des temp\u00e9ratures de saison avec des orages ? \u00c7a on ne sait pas pr\u00e9cis\u00e9ment. \u00c0 partir de mardi ou mercredi, les pr\u00e9visions sont incertaines\u00a0\u00bb, indique Guillaume S\u00e9chet, en toute transparence. L\u2019Ouragan Erin perturbant toutes pr\u00e9visions fiables.<\/p>\n<p class=\" wall-content\">\n<p class=\" wall-content\">D\u00e8s le mardi 26 ao\u00fbt, le temps pourrait donc \u00eatre lourd et orageux \u00e0 Lyon. \u00ab\u00a0Chaleur lourde avec un possible risque orageux, \u00e0 confirmer, car la m\u00e9t\u00e9o d\u00e9pend des restes de l\u2019ex-ouragan Erin\u00a0\u00bb, \u00e9crit M\u00e9t\u00e9o-Lyon dans son bulletin.\u00a0<\/p>\n<p>Votre r\u00e9gion, votre actu !<\/p>\n<p>Recevez chaque jour les infos qui comptent pour vous.<\/p>\n<p>\t<a href=\"https:\/\/actu.fr\/newsletter\" class=\"ac-btn ac-btn--corner ac-btn--medium ac-btn--blue800\" rel=\"nofollow noopener\" target=\"_blank\">S&rsquo;incrire<\/a><\/p>\n<blockquote class=\"ac-article-quote wall-content\">\n<p>Avec un oc\u00e9an Atlantique en anomalie syst\u00e9matique de chaleur, les ouragans b\u00e9n\u00e9ficient de conditions favorables pour conserver plus longtemps leur intensit\u00e9 en remontant vers le nord. Ce contexte peut accro\u00eetre le risque de temp\u00eates issues de syst\u00e8mes tropicaux, impactant directement nos c\u00f4tes europ\u00e9ennes.<\/p>\n<p>    <strong>Yann Amice<\/strong><br \/>\n        M\u00e9t\u00e9orologue et oc\u00e9anographe    <\/p><\/blockquote>\n<p>Une chute des temp\u00e9ratures fin ao\u00fbt \u2013 d\u00e9but septembre<\/p>\n<p class=\" wall-content\">Des orages qui pourraient se poursuivre au moins jusqu\u2019au jeudi 28 ao\u00fbt, mais la \u00ab\u00a0tendance est incertaine\u00a0\u00bb. Les pr\u00e9visions peuvent encore changer \u00e0 Lyon. Et pour la suite ?<\/p>\n<p class=\" wall-content\">Voici la tendance du 30 ao\u00fbt au 4 septembre : \u00ab\u00a0L\u2019influence oc\u00e9anique d\u00e9pressionnaire dominerait la p\u00e9riode avec des nuages dominants et des averses sous des temp\u00e9ratures en baisse.\u00a0\u00bb<\/p>\n<p class=\" wall-content\">Personnalisez votre actualit\u00e9 en ajoutant vos villes et m\u00e9dias en favori avec <a href=\"https:\/\/moncompte.actu.fr\" title=\"D\u00e9couvez Mon Actu\" rel=\"nofollow noopener\" data-trk=\"{&quot;cta&quot;:{&quot;action&quot;:&quot;https:\\\/\\\/moncompte.actu.fr&quot;,&quot;category&quot;:&quot;mon compte&quot;,&quot;from&quot;:&quot;article footer&quot;,&quot;name&quot;:&quot;Mon actu&quot;,&quot;type&quot;:&quot;cta&quot;}}\" target=\"_blank\">Mon Actu<\/a>.<\/p>\n","protected":false},"excerpt":{"rendered":"Par Anthony Soudani Publi\u00e9 le 21 ao\u00fbt 2025 \u00e0 10h36 L\u2019ouragan Erin, cinqui\u00e8me ph\u00e9nom\u00e8ne tropical de la saison&hellip;\n","protected":false},"author":2,"featured_media":330020,"comment_status":"","ping_status":"","sticky":false,"template":"","format":"standard","meta":{"footnotes":""},"categories":[1889],"tags":[1111,11,2430,1777,674,1011,27,3059,2428,2487,12,46266,25],"class_list":{"0":"post-333561","1":"post","2":"type-post","3":"status-publish","4":"format-standard","5":"has-post-thumbnail","7":"category-lyon","8":"tag-actu","9":"tag-actualites","10":"tag-auvergne-rhone-alpes","11":"tag-eu","12":"tag-europe","13":"tag-fr","14":"tag-france","15":"tag-intemperies","16":"tag-lyon","17":"tag-meteo","18":"tag-news","19":"tag-ouragan","20":"tag-republique-francaise"},"share_on_mastodon":{"url":"https:\/\/pubeurope.com\/@fr\/115065960854280215","error":""},"_links":{"self":[{"href":"https:\/\/www.europesays.com\/fr\/wp-json\/wp\/v2\/posts\/333561","targetHints":{"allow":["GET"]}}],"collection":[{"href":"https:\/\/www.europesays.com\/fr\/wp-json\/wp\/v2\/posts"}],"about":[{"href":"https:\/\/www.europesays.com\/fr\/wp-json\/wp\/v2\/types\/post"}],"author":[{"embeddable":true,"href":"https:\/\/www.europesays.com\/fr\/wp-json\/wp\/v2\/users\/2"}],"replies":[{"embeddable":true,"href":"https:\/\/www.europesays.com\/fr\/wp-json\/wp\/v2\/comments?post=333561"}],"version-history":[{"count":0,"href":"https:\/\/www.europesays.com\/fr\/wp-json\/wp\/v2\/posts\/333561\/revisions"}],"wp:featuredmedia":[{"embeddable":true,"href":"https:\/\/www.europesays.com\/fr\/wp-json\/wp\/v2\/media\/330020"}],"wp:attachment":[{"href":"https:\/\/www.europesays.com\/fr\/wp-json\/wp\/v2\/media?parent=333561"}],"wp:term":[{"taxonomy":"category","embeddable":true,"href":"https:\/\/www.europesays.com\/fr\/wp-json\/wp\/v2\/categories?post=333561"},{"taxonomy":"post_tag","embeddable":true,"href":"https:\/\/www.europesays.com\/fr\/wp-json\/wp\/v2\/tags?post=333561"}],"curies":[{"name":"wp","href":"https:\/\/api.w.org\/{rel}","templated":true}]}}