{"id":333565,"date":"2025-08-21T09:09:11","date_gmt":"2025-08-21T09:09:11","guid":{"rendered":"https:\/\/www.europesays.com\/fr\/333565\/"},"modified":"2025-08-21T09:09:11","modified_gmt":"2025-08-21T09:09:11","slug":"paris-les-investisseurs-limitent-les-risques-avant-le-rendez-vous-de-jackson-hole-21-08-2025-a-1055","status":"publish","type":"post","link":"https:\/\/www.europesays.com\/fr\/333565\/","title":{"rendered":"Paris: les investisseurs limitent les risques avant le rendez-vous de Jackson Hole &#8211; 21\/08\/2025 \u00e0 10:55"},"content":{"rendered":"<p>                                                                (Zonebourse.com) &#8211; La Bourse de Paris c\u00e8de 0,3% ce matin, autour des 7945 points, p\u00e9nalis\u00e9e par le luxe avec -1,3% pour L&rsquo;Or\u00e9al, LVMH et Kering.<br \/>\n<br \/>Les investisseurs viennent de prendre connaissance des indices PMI sur le Vieux Continent. Ainsi, l&rsquo;indice flash PMI composite HCOB dans la zone euro, produit par S&amp;P Global, est pass\u00e9 de 50,9 en juillet \u00e0 51,1 en ao\u00fbt, signale une croissance de l&rsquo;activit\u00e9 globale de la r\u00e9gion pour un huiti\u00e8me mois cons\u00e9cutif, \u00e0 son rythme le plus soutenu depuis mai 2024.<\/p>\n<p>Cette acc\u00e9l\u00e9ration de la croissance de l&rsquo;activit\u00e9 a refl\u00e9t\u00e9 la plus forte hausse depuis pr\u00e8s de trois ans et demi du secteur manufacturier, alors que la hausse observ\u00e9e dans les services a \u00e9t\u00e9 plus faible que celle du mois pr\u00e9c\u00e9dent.\n<\/p>\n<p>&lsquo;Malgr\u00e9 les vents contraires, parmi lesquels les droits de douane impos\u00e9s par les Etats-Unis et le climat d&rsquo;incertitude g\u00e9n\u00e9rale, les entreprises de la r\u00e9gion font preuve de r\u00e9silience&rsquo;, analyse Cyrus de la Rubia, chef \u00e9conomiste \u00e0 Hamburg Commercial Bank.<br \/>\n<br \/>Dans l&rsquo;Hexagone, l&rsquo;indice PMI flash composite HCOB de l&rsquo;activit\u00e9 globale s&rsquo;est fortement rapproch\u00e9 de la barre des 50 qui s\u00e9pare la croissance de la contraction, passant de 48,6 en juillet \u00e0 49,8 en ao\u00fbt.\n<\/p>\n<p>Il a m\u00eame atteint son plus haut niveau depuis le d\u00e9but de la p\u00e9riode de contraction de l&rsquo;activit\u00e9 globale amorc\u00e9e il y a un an et ne signale qu&rsquo;une d\u00e9t\u00e9rioration minime de la conjoncture du secteur priv\u00e9 fran\u00e7ais.<br \/>\n<br \/>L&rsquo;attention des march\u00e9s est d\u00e9sormais tourn\u00e9e vers le Wyoming, o\u00f9 d\u00e9bute aujourd&rsquo;hui le symposium de Jackson Hole, rendez-vous annuel des banquiers centraux qui se conclura par la tr\u00e8s attendue d\u00e9claration de Jerome Powell, le pr\u00e9sident de la R\u00e9serve f\u00e9d\u00e9rale.<br \/>\n<br \/>Les intervenants esp\u00e8rent que le patron de la Fed fournira quelques indices sur le calendrier des baisses de taux \u00e0 venir aux Etats-Unis.\n<\/p>\n<p>Le risque principal pour les actifs risqu\u00e9s tient \u00e0 la divergence entre les d\u00e9clarations r\u00e9centes de Jerome Powell, qui n&rsquo;ont donn\u00e9 aucune certitude aux investisseurs, et les anticipations des march\u00e9s, qui tablent \u00e0 plus de 81% sur une baisse de 25 points de base en septembre.\n<\/p>\n<p>Pour bon nombre de sp\u00e9cialistes, le march\u00e9 place trop d&rsquo;attentes dans Jackson Hole, bien qu&rsquo;il apparaisse peu probable que le banquier central annonce quelque chose susceptible de faire bouger les march\u00e9s, raison pour laquelle les investisseurs ont sembl\u00e9 trouver peu de raisons d&rsquo;acheter ces derniers jours.<br \/>\n<br \/>Le r\u00e9cent ralentissement du march\u00e9 du travail am\u00e9ricain a cependant aliment\u00e9 les sp\u00e9culations sur un assouplissement mon\u00e9taire.\n<\/p>\n<p>Sachant que le symposium de Jackson Hole sera consacr\u00e9 aux questions de l&#8217;emploi, la publication \u00e0 14h30 aux Etats-Unis des inscriptions hebdomadaires au ch\u00f4mage sera suivie de pr\u00e8s, dans la mesure o\u00f9 celles-ci pourraient fournir des indications sur la demande en main-d&rsquo;oeuvre.\n<\/p>\n<p>Publi\u00e9es hier soir, les &lsquo;minutes&rsquo; de la r\u00e9union de juillet de la R\u00e9serve f\u00e9d\u00e9rale ont \u00e9galement fourni quelques \u00e9l\u00e9ments int\u00e9ressants concernant l&rsquo;avenir de la politique mon\u00e9taire am\u00e9ricaine.\n<\/p>\n<p>&lsquo;Globalement, les participants ont soulign\u00e9 qu&rsquo;il existait des risques des deux c\u00f4t\u00e9s du mandat de la Fed, en mettant surtout l&rsquo;accent sur le risque de remont\u00e9e de l&rsquo;inflation d&rsquo;un c\u00f4t\u00e9, et celui d&rsquo;un affaiblissement de l&#8217;emploi de l&rsquo;autre&rsquo;, r\u00e9sument ce matin les \u00e9quipes de Danske Bank.\n<\/p>\n<p>&lsquo;La majorit\u00e9 a jug\u00e9 que la menace inflationniste pesait plus lourd, plusieurs ont estim\u00e9 que les deux risques s&rsquo;\u00e9quilibraient \u00e0 peu pr\u00e8s, et une poign\u00e9e a consid\u00e9r\u00e9 que le vrai danger venait plut\u00f4t du march\u00e9 du travail&rsquo;, souligne la banque danoise.\n<\/p>\n<p>L&rsquo;annonce des r\u00e9sultats trimestriels de Walmart, \u00e0 l&rsquo;heure du d\u00e9jeuner, pourrait dynamiser la cote, alors que le num\u00e9ro un mondial de la distribution, confront\u00e9 aux tensions commerciales, va devoir adapter sa strat\u00e9gie afin de maintenir ses prix comp\u00e9titifs et de continuer \u00e0 gagner des parts de march\u00e9, au risque de quelque peu sacrifier ses marges.\n<\/p>\n<p>\u00c0 Londres, le baril de Brent gagne 0,4%, \u00e0 67,3 USD le baril. L&rsquo;euro reste stable face au billet vert, autour de 1,165 USD.\n<\/p>\n<p>Dans l&rsquo;actualit\u00e9 des soci\u00e9t\u00e9s tricolores, Eiffage a annonc\u00e9 hier soir que sa filiale Eiffage \u00c9nergie Syst\u00e8mes avait enregistr\u00e9 pr\u00e8s de 950 millions d&rsquo;euros de prises de commandes en Allemagne au premier semestre 2025, renfor\u00e7ant sa position sur le march\u00e9 des services \u00e0 l&rsquo;\u00e9nergie.\n<\/p>\n<p>EDF annonce le succ\u00e8s de son \u00e9mission inaugurale d&rsquo;obligations senior &lsquo;Kangourou&rsquo; multi-tranches pour un montant nominal d&rsquo;un milliard de dollars australiens, une op\u00e9ration dont le r\u00e8glement-livraison devrait intervenir le 28 ao\u00fbt.\n<\/p>\n<p>Enfin, Nacon a d\u00e9voil\u00e9 jeudi matin, \u00e0 l&rsquo;occasion du salon Gamescom de Cologne, une s\u00e9rie de nouveaux produits incluant son jeu d&rsquo;action-aventure tr\u00e8s attendu &lsquo;Hell is Us&rsquo;.<\/p>\n","protected":false},"excerpt":{"rendered":"(Zonebourse.com) &#8211; La Bourse de Paris c\u00e8de 0,3% ce matin, autour des 7945 points, p\u00e9nalis\u00e9e par le luxe&hellip;\n","protected":false},"author":2,"featured_media":8061,"comment_status":"","ping_status":"","sticky":false,"template":"","format":"standard","meta":{"footnotes":""},"categories":[1888],"tags":[400,1111,1928,11,1927,398,408,405,1777,674,1011,27,403,402,399,404,12,1926,626,1925,25,401,406,407],"class_list":{"0":"post-333565","1":"post","2":"type-post","3":"status-publish","4":"format-standard","5":"has-post-thumbnail","7":"category-paris","8":"tag-action-cac-40","9":"tag-actu","10":"tag-actu-paris","11":"tag-actualites","12":"tag-actualites-paris","13":"tag-bourse-de-paris","14":"tag-boursorama","15":"tag-cotations","16":"tag-eu","17":"tag-europe","18":"tag-fr","19":"tag-france","20":"tag-indices-devises","21":"tag-investir","22":"tag-investissement","23":"tag-marche-boursier","24":"tag-news","25":"tag-news-paris","26":"tag-paris","27":"tag-paris-news","28":"tag-republique-francaise","29":"tag-sicav","30":"tag-trackers","31":"tag-warrants"},"share_on_mastodon":{"url":"https:\/\/pubeurope.com\/@fr\/115065976473978726","error":""},"_links":{"self":[{"href":"https:\/\/www.europesays.com\/fr\/wp-json\/wp\/v2\/posts\/333565","targetHints":{"allow":["GET"]}}],"collection":[{"href":"https:\/\/www.europesays.com\/fr\/wp-json\/wp\/v2\/posts"}],"about":[{"href":"https:\/\/www.europesays.com\/fr\/wp-json\/wp\/v2\/types\/post"}],"author":[{"embeddable":true,"href":"https:\/\/www.europesays.com\/fr\/wp-json\/wp\/v2\/users\/2"}],"replies":[{"embeddable":true,"href":"https:\/\/www.europesays.com\/fr\/wp-json\/wp\/v2\/comments?post=333565"}],"version-history":[{"count":0,"href":"https:\/\/www.europesays.com\/fr\/wp-json\/wp\/v2\/posts\/333565\/revisions"}],"wp:featuredmedia":[{"embeddable":true,"href":"https:\/\/www.europesays.com\/fr\/wp-json\/wp\/v2\/media\/8061"}],"wp:attachment":[{"href":"https:\/\/www.europesays.com\/fr\/wp-json\/wp\/v2\/media?parent=333565"}],"wp:term":[{"taxonomy":"category","embeddable":true,"href":"https:\/\/www.europesays.com\/fr\/wp-json\/wp\/v2\/categories?post=333565"},{"taxonomy":"post_tag","embeddable":true,"href":"https:\/\/www.europesays.com\/fr\/wp-json\/wp\/v2\/tags?post=333565"}],"curies":[{"name":"wp","href":"https:\/\/api.w.org\/{rel}","templated":true}]}}