{"id":333566,"date":"2025-08-21T09:10:17","date_gmt":"2025-08-21T09:10:17","guid":{"rendered":"https:\/\/www.europesays.com\/fr\/333566\/"},"modified":"2025-08-21T09:10:17","modified_gmt":"2025-08-21T09:10:17","slug":"paris-est-elle-la-capitale-la-plus-meurtriere-deurope-en-cas-de-canicule","status":"publish","type":"post","link":"https:\/\/www.europesays.com\/fr\/333566\/","title":{"rendered":"Paris est-elle la capitale la plus meurtri\u00e8re d&rsquo;Europe en cas de canicule\u00a0?"},"content":{"rendered":"<p>          <img decoding=\"async\" class=\"c-ad__placeholder__logo\" src=\"https:\/\/static.euronews.com\/website\/images\/logos\/logo-euronews-stacked-outlined-72x72-grey-9.svg\" width=\"72\" height=\"72\" alt=\"\" loading=\"lazy\"\/><br \/>\n          PUBLICIT\u00c9<\/p>\n<p>Dans un r\u00e9cent message partag\u00e9 sur X, la ministre fran\u00e7aise de la Culture Rachida Dati a d\u00e9clar\u00e9 que \u00ab\u00a0Paris est la capitale europ\u00e9enne la plus meurtri\u00e8re en cas de canicule\u00a0\u00bb, alors qu&rsquo;elle \u00e9tait en froid avec David Belliard, candidat des Verts \u00e0 la course \u00e0 la mairie de Paris 2026.<\/p>\n<p>Alors que David Belliard a accus\u00e9 le gouvernement fran\u00e7ais de ne pas s&rsquo;attaquer efficacement au changement climatique, Mme Dati a affirm\u00e9 que la ville de Paris, dirig\u00e9e par la maire socialiste Anne Hidalgo, avait manqu\u00e9 \u00e0 ses devoirs, bien qu&rsquo;elle ait mis en place de nombreux plans d&rsquo;action en faveur du climat.<\/p>\n<p>En ce qui concerne l&rsquo;\u00e9valuation des taux de surmortalit\u00e9, les affirmations de Mme Dati sont vraies, dans une certaine mesure.<\/p>\n<p>Elles remontent \u00e0 une <a href=\"https:\/\/www.thelancet.com\/journals\/lanplh\/article\/PIIS2542-5196(23)00023-2\/fulltext\" target=\"_blank\" rel=\"noreferrer noopener\"><strong>\u00e9tude de 2023<\/strong><\/a>, intitul\u00e9e \u00ab\u00a0Excess mortality attributed to heat and cold\u00a0\u00bb et publi\u00e9e dans la revue m\u00e9dicale The Lancet. Elle a \u00e9valu\u00e9 les taux de surmortalit\u00e9 dus \u00e0 la chaleur et au froid dans 854 villes europ\u00e9ennes, sur la base de donn\u00e9es allant de 2000 \u00e0 2019.<\/p>\n<p>Si les chercheurs ont constat\u00e9 que Londres \u00e9tait la capitale qui connaissait le plus de surmortalit\u00e9 li\u00e9e \u00e0 de fortes p\u00e9riodes de froid, c&rsquo;est \u00e0 Paris que l&rsquo;on enregistrait le plus de surmortalit\u00e9 pendant les vagues de chaleur.<\/p>\n<p>La canicule de 2003, en particulier, a entra\u00een\u00e9 des temp\u00e9ratures record et des milliers de d\u00e9c\u00e8s \u00e0 Paris.<\/p>\n<p>Il convient toutefois de noter que d&rsquo;autres villes qui ne sont pas des capitales ont \u00e9t\u00e9 identifi\u00e9es comme ayant une surmortalit\u00e9 pendant les p\u00e9riodes de chaleur plus importante que Paris, comme Milan et Barcelone, selon d&rsquo;autres \u00e9tudes.<\/p>\n<p><strong>Qu&rsquo;est-ce qui rend ces villes vuln\u00e9rables aux vagues de chaleur ?<\/strong><\/p>\n<p>Les grandes villes europ\u00e9ennes finissent souvent par devenir des \u00ab\u00a0\u00eelots de chaleur urbains\u00a0\u00bb, un ph\u00e9nom\u00e8ne dans lequel les zones urbaines connaissent des temp\u00e9ratures nettement plus \u00e9lev\u00e9es que les zones rurales qui les entourent.<\/p>\n<p>Ce ph\u00e9nom\u00e8ne est d\u00fb \u00e0 la pr\u00e9sence de surfaces et de mat\u00e9riaux fabriqu\u00e9s par l&rsquo;homme, tels que le b\u00e9ton, les b\u00e2timents et les chauss\u00e9es. Ils absorbent et retiennent plus de chaleur que les paysages naturels tels que les arbres et les \u00e9tendues d&rsquo;eau.<\/p>\n<p>Paris et d&rsquo;autres villes comme elle ont \u00e9galement une forte densit\u00e9 de population et relativement peu d&rsquo;espaces verts, ce qui contribue \u00e0 r\u00e9duire les temp\u00e9ratures.<\/p>\n<p>Toutefois, selon les experts, les causes profondes des vagues de chaleur s\u00e9v\u00e8res dans les villes sont le changement climatique et la variabilit\u00e9 naturelle du climat.<\/p>\n<p>\u00ab\u00a0La temp\u00e9rature ou les \u00e9pisodes de chaleur \u00e0 Paris et dans d&rsquo;autres villes d&rsquo;Europe sont le r\u00e9sultat d&rsquo;un sch\u00e9ma m\u00e9t\u00e9orologique influenc\u00e9 par la variabilit\u00e9 naturelle du climat et le changement climatique induit par l&rsquo;homme\u00a0\u00bb, a d\u00e9clar\u00e9 \u00e0 Euroverify <strong>Malcolm Mistry<\/strong>, professeur adjoint en mod\u00e9lisation climatique et g\u00e9ospatiale \u00e0 la <strong>London School of Tropical Diseases<\/strong>, et l&rsquo;un des auteurs de l&rsquo;\u00e9tude.<\/p>\n<p>\u00ab\u00a0Les r\u00e9gions du sud de l&rsquo;Europe et proches de la mer M\u00e9diterran\u00e9e (qui se r\u00e9chauffe \u00e9galement rapidement) sont plus sujettes aux vagues de chaleur\u00a0\u00bb, a-t-il ajout\u00e9.<\/p>\n<p>\u00ab\u00a0Les vagues de chaleur intenses de ces derni\u00e8res ann\u00e9es en Espagne, au Portugal, en Italie, en Gr\u00e8ce et en France, et parfois \u00e0 la fin du printemps ou au d\u00e9but de l&rsquo;\u00e9t\u00e9, en t\u00e9moignent. En bref, ces ph\u00e9nom\u00e8nes \u00e9chappent \u00e0 l&rsquo;influence d&rsquo;un urbaniste ou d&rsquo;une d\u00e9cision politique\u00a0\u00bb.<\/p>\n<p>Bien que les autorit\u00e9s puissent travailler sur des projets d&rsquo;urbanisme pour lutter contre le changement climatique, d&rsquo;autres facteurs ont une plus grande influence.<\/p>\n<p>\u00ab\u00a0Des facteurs locaux tels que la g\u00e9ographie peuvent jouer un r\u00f4le, mais en fin de compte, un syst\u00e8me m\u00e9t\u00e9orologique naturel \u00e0 grande \u00e9chelle peut s&rsquo;arr\u00eater au-dessus d&rsquo;un endroit, attirant de l&rsquo;air chaud et sec et rendant l&rsquo;endroit extr\u00eamement chaud pendant une courte p\u00e9riode\u00a0\u00bb, a d\u00e9clar\u00e9 Malcom Mistry.<\/p>\n<p>La canicule de 2003 a entra\u00een\u00e9 des records de temp\u00e9rature et des milliers de morts, mais depuis lors, les gouvernements se sont pench\u00e9s sur la mani\u00e8re de g\u00e9rer ces crises.<\/p>\n<p>\u00ab\u00a0De nombreux enseignements ont \u00e9t\u00e9 tir\u00e9s, et de nouvelles alertes m\u00e9t\u00e9orologiques et sanitaires, des plans d&rsquo;action contre la chaleur, etc. ont \u00e9t\u00e9 mis en \u0153uvre en France et dans plusieurs autres pays europ\u00e9ens\u00a0\u00bb, a conclu Malcom Mistry.<\/p>\n","protected":false},"excerpt":{"rendered":"PUBLICIT\u00c9 Dans un r\u00e9cent message partag\u00e9 sur X, la ministre fran\u00e7aise de la Culture Rachida Dati a d\u00e9clar\u00e9&hellip;\n","protected":false},"author":2,"featured_media":333567,"comment_status":"","ping_status":"","sticky":false,"template":"","format":"standard","meta":{"footnotes":""},"categories":[1888],"tags":[1111,1928,11,1927,6698,1777,674,10063,1011,27,23779,2487,12,1926,626,1925,25],"class_list":{"0":"post-333566","1":"post","2":"type-post","3":"status-publish","4":"format-standard","5":"has-post-thumbnail","7":"category-paris","8":"tag-actu","9":"tag-actu-paris","10":"tag-actualites","11":"tag-actualites-paris","12":"tag-canicule","13":"tag-eu","14":"tag-europe","15":"tag-fact-checking","16":"tag-fr","17":"tag-france","18":"tag-geographie","19":"tag-meteo","20":"tag-news","21":"tag-news-paris","22":"tag-paris","23":"tag-paris-news","24":"tag-republique-francaise"},"share_on_mastodon":{"url":"https:\/\/pubeurope.com\/@fr\/115065980532224066","error":""},"_links":{"self":[{"href":"https:\/\/www.europesays.com\/fr\/wp-json\/wp\/v2\/posts\/333566","targetHints":{"allow":["GET"]}}],"collection":[{"href":"https:\/\/www.europesays.com\/fr\/wp-json\/wp\/v2\/posts"}],"about":[{"href":"https:\/\/www.europesays.com\/fr\/wp-json\/wp\/v2\/types\/post"}],"author":[{"embeddable":true,"href":"https:\/\/www.europesays.com\/fr\/wp-json\/wp\/v2\/users\/2"}],"replies":[{"embeddable":true,"href":"https:\/\/www.europesays.com\/fr\/wp-json\/wp\/v2\/comments?post=333566"}],"version-history":[{"count":0,"href":"https:\/\/www.europesays.com\/fr\/wp-json\/wp\/v2\/posts\/333566\/revisions"}],"wp:featuredmedia":[{"embeddable":true,"href":"https:\/\/www.europesays.com\/fr\/wp-json\/wp\/v2\/media\/333567"}],"wp:attachment":[{"href":"https:\/\/www.europesays.com\/fr\/wp-json\/wp\/v2\/media?parent=333566"}],"wp:term":[{"taxonomy":"category","embeddable":true,"href":"https:\/\/www.europesays.com\/fr\/wp-json\/wp\/v2\/categories?post=333566"},{"taxonomy":"post_tag","embeddable":true,"href":"https:\/\/www.europesays.com\/fr\/wp-json\/wp\/v2\/tags?post=333566"}],"curies":[{"name":"wp","href":"https:\/\/api.w.org\/{rel}","templated":true}]}}