{"id":333568,"date":"2025-08-21T09:11:27","date_gmt":"2025-08-21T09:11:27","guid":{"rendered":"https:\/\/www.europesays.com\/fr\/333568\/"},"modified":"2025-08-21T09:11:27","modified_gmt":"2025-08-21T09:11:27","slug":"les-marches-parisiens-qui-ont-tout-pour-vous-plaire-paris-select","status":"publish","type":"post","link":"https:\/\/www.europesays.com\/fr\/333568\/","title":{"rendered":"Les march\u00e9s parisiens qui ont tout pour vous plaire \u2013 Paris Select"},"content":{"rendered":"<p><strong>Les rues s\u2019all\u00e8gent, les terrasses se lib\u00e8rent\u2026 et les march\u00e9s retrouvent leur charme premier : des \u00e9tals sans foule, des commer\u00e7ants plus disponibles, une lumi\u00e8re douce du matin. Voici notre s\u00e9lection des march\u00e9s les plus beaux, vivants et gourmands, \u00e0 d\u00e9couvrir ou red\u00e9couvrir au c\u0153ur de l\u2019\u00e9t\u00e9.<\/strong><\/p>\n<p>Le march\u00e9 biologique des Batignolles : le bio chic et paisible<\/p>\n<p><img loading=\"lazy\" decoding=\"async\" width=\"600\" height=\"338\" src=\"data:image\/svg+xml,%3Csvg%20xmlns=\" http:=\"\" alt=\"\" class=\"wp-image-172528\" style=\"width:840px;height:auto\" data-lazy- data-lazy- data-lazy-src=\"https:\/\/www.europesays.com\/fr\/wp-content\/uploads\/2025\/08\/Batignolles-edited.jpg\"\/><\/p>\n<p>Install\u00e9 chaque samedi boulevard des Batignolles (17e), ce march\u00e9 100\u202f% bio reste une valeur s\u00fbre pour les Parisiens exigeants.<br \/>Pain au levain, fromages fermiers, fleurs coup\u00e9es et l\u00e9gumes anciens : tout y est <strong>ultra-frais et sourc\u00e9 avec soin<\/strong>.<br \/>L\u2019ambiance reste tranquille en ao\u00fbt, id\u00e9ale pour prendre le temps d\u2019\u00e9changer avec les producteurs.<\/p>\n<p>\ud83d\udccdMarch\u00e9 Batignolles Bio, 34 Bd des Batignolles, 75017 Paris<\/p>\n<p>Le march\u00e9 d\u2019Aligre : le plus vivant\u2026 m\u00eame l\u2019\u00e9t\u00e9<\/p>\n<p><img loading=\"lazy\" decoding=\"async\" width=\"2000\" height=\"1125\" src=\"data:image\/svg+xml,%3Csvg%20xmlns=\" http:=\"\" alt=\"\" class=\"wp-image-180032\" style=\"width:840px;height:auto\" data-lazy- data-lazy- data-lazy-src=\"https:\/\/www.europesays.com\/fr\/wp-content\/uploads\/2025\/08\/photo0jpg-edited.jpg\"\/><\/p>\n<p>Situ\u00e9 entre le 11e et le 12e arrondissement, le march\u00e9 d\u2019Aligre m\u00eale <strong>couleurs, cris et bonnes affaires<\/strong>, m\u00eame en plein mois d\u2019ao\u00fbt.<br \/>Entre les \u00e9tals ext\u00e9rieurs et la halle Beauvau couverte, on y trouve fruits, fromages, fleurs et antiquit\u00e9s.<br \/>L\u2019ambiance reste unique, chaleureuse, souvent anim\u00e9e par des musiciens de rue ou des habitu\u00e9s bavards.<\/p>\n<p>On adore y fl\u00e2ner avant un d\u00e9jeuner en terrasse rue de Charenton.<\/p>\n<p>\ud83d\udccdPuces d\u2019Aligre, Pl. d\u2019Aligre, 75012 Paris<\/p>\n<p>Le march\u00e9 Saxe-Breteuil avec vue sur la Tour Eiffel !<\/p>\n<p><img loading=\"lazy\" decoding=\"async\" width=\"2000\" height=\"1124\" src=\"data:image\/svg+xml,%3Csvg%20xmlns=\" http:=\"\" alt=\"\" class=\"wp-image-172514\" data-lazy- data-lazy- data-lazy-src=\"https:\/\/www.europesays.com\/fr\/wp-content\/uploads\/2025\/08\/image-edited.jpg\"\/><\/p>\n<p>Ce march\u00e9 s\u2019\u00e9tire face \u00e0 la tour Eiffel, entre la place de Breteuil et l\u2019avenue de Saxe (7e).<br \/>C\u2019est l\u2019un des march\u00e9s <strong>les plus \u00e9l\u00e9gants de Paris<\/strong>, avec une vue qui m\u00e9rite le d\u00e9tour \u00e0 elle seule.<br \/>Produits artisanaux, poissonnerie haut de gamme, fleurs rares et stands traiteur de qualit\u00e9.<br \/>Moins de monde en ao\u00fbt, mais toujours le m\u00eame raffinement dans les \u00e9tals.<\/p>\n<p>\ud83d\udccdMarch\u00e9 Saxe-Breteuil, 37-31 Av. de Saxe, 75007 Paris<\/p>\n<p> Le march\u00e9 Raspail : version bio et rive gauche<\/p>\n<p><img loading=\"lazy\" decoding=\"async\" width=\"889\" height=\"500\" src=\"data:image\/svg+xml,%3Csvg%20xmlns=\" http:=\"\" alt=\"\" class=\"wp-image-180023\" style=\"width:840px;height:auto\" data-lazy- data-lazy- data-lazy-src=\"https:\/\/www.europesays.com\/fr\/wp-content\/uploads\/2025\/08\/photo4jpg-edited.jpg\"\/><\/p>\n<p>Ouvert le dimanche matin, ce march\u00e9 attire une client\u00e8le fid\u00e8le et pointue du 6e arrondissement.<br \/>Enti\u00e8rement bio, il propose des produits s\u00e9lectionn\u00e9s, souvent locaux, et une ambiance tr\u00e8s rive gauche.<br \/>Entre deux emplettes, on peut croiser des chefs venus chercher leurs herbes fra\u00eeches, ou des c\u00e9l\u00e9brit\u00e9s incognito.<br \/>M\u00eame en ao\u00fbt, le niveau reste \u00e9lev\u00e9 c\u00f4t\u00e9 produits comme fr\u00e9quentation.<\/p>\n<p>\ud83d\udccdMarch\u00e9 Raspail, Bd Raspail, 75006 Paris<\/p>\n<p>Le march\u00e9 couvert des Enfants Rouges : l\u2019exp\u00e9rience food par excellence<\/p>\n<p><img loading=\"lazy\" decoding=\"async\" width=\"2048\" height=\"1152\" src=\"data:image\/svg+xml,%3Csvg%20xmlns=\" http:=\"\" alt=\"\" class=\"wp-image-172506\" data-lazy- data-lazy- data-lazy-src=\"https:\/\/www.europesays.com\/fr\/wp-content\/uploads\/2025\/08\/Marche_des_Enfants-Rouges_Paris_May_2016-edited-scaled.jpg\"\/><\/p>\n<p>C\u2019est le plus ancien march\u00e9 couvert de Paris (cr\u00e9\u00e9 en 1628)\u2026 et l\u2019un des plus gourmands.<br \/>Nich\u00e9 dans le Haut Marais, il combine \u00e9tals traditionnels (primeurs, poissons, fromages) et <strong>cuisines du monde pr\u00eates \u00e0 d\u00e9guster<\/strong>.<br \/>En ao\u00fbt, le lieu reste anim\u00e9 mais respirable, parfait pour un d\u00e9jeuner sur le pouce apr\u00e8s les courses.<br \/>Mention sp\u00e9ciale aux stands libanais, japonais et marocains.<\/p>\n<p>\ud83d\udccdMarch\u00e9 Couvert des Enfants Rouges, 39 Rue de Bretagne, 75003 Paris<\/p>\n<p>Le march\u00e9 Pr\u00e9sident Wilson : le plus gastronomique de tous<\/p>\n<p><img loading=\"lazy\" decoding=\"async\" width=\"880\" height=\"495\" src=\"data:image\/svg+xml,%3Csvg%20xmlns=\" http:=\"\" alt=\"\" class=\"wp-image-180028\" data-lazy- data-lazy- data-lazy-src=\"https:\/\/www.europesays.com\/fr\/wp-content\/uploads\/2025\/08\/26294258935_88d3927e15_h-880x495.jpg\"\/><\/p>\n<p>Situ\u00e9 dans le tr\u00e8s chic 16e arrondissement, ce march\u00e9 attire <strong>chefs \u00e9toil\u00e9s, \u00e9picuriens et amateurs de beaux produits<\/strong>.<br \/>Viandes matur\u00e9es, poissons rares, truffes, pains d\u2019auteur : la qualit\u00e9 est constante, m\u00eame en plein \u00e9t\u00e9.<br \/>Le cadre, calme et soign\u00e9, rend l\u2019exp\u00e9rience d\u2019autant plus plaisante en ao\u00fbt.<br \/>Une adresse incontournable pour ceux qui prennent la cuisine (tr\u00e8s) au s\u00e9rieux.<\/p>\n<p>\ud83d\udccdMarch\u00e9 Pr\u00e9sident Wilson, Av. du Pr\u00e9sident Wilson, 75116 Paris<\/p>\n<p>Un Paris plus vrai, plus local, plus gourmand<\/p>\n<p>En ao\u00fbt, Paris se lib\u00e8re de ses exc\u00e8s.<br \/>Ses march\u00e9s r\u00e9v\u00e8lent alors leur <strong>visage le plus authentique, g\u00e9n\u00e9reux et accessible<\/strong>.<br \/>Prendre le temps de choisir ses tomates, discuter avec un fromager ou go\u00fbter une p\u00eache juteuse devient un luxe simple\u2026 mais essentiel.<\/p>\n<p><strong>Loin du tourisme de surface, ces march\u00e9s sont votre meilleure porte d\u2019entr\u00e9e vers le vrai Paris.<\/strong><\/p>\n<p>Pour d\u2019autres exp\u00e9riences locales : <a class=\"\" href=\"https:\/\/parisselectbook.com\" rel=\"nofollow noopener\" target=\"_blank\">notre guide Paris \u00e9t\u00e9 2025<\/a><\/p>\n","protected":false},"excerpt":{"rendered":"Les rues s\u2019all\u00e8gent, les terrasses se lib\u00e8rent\u2026 et les march\u00e9s retrouvent leur charme premier : des \u00e9tals sans&hellip;\n","protected":false},"author":2,"featured_media":333569,"comment_status":"","ping_status":"","sticky":false,"template":"","format":"standard","meta":{"footnotes":""},"categories":[1888],"tags":[11,1777,674,1011,27,12,626,25],"class_list":{"0":"post-333568","1":"post","2":"type-post","3":"status-publish","4":"format-standard","5":"has-post-thumbnail","7":"category-paris","8":"tag-actualites","9":"tag-eu","10":"tag-europe","11":"tag-fr","12":"tag-france","13":"tag-news","14":"tag-paris","15":"tag-republique-francaise"},"share_on_mastodon":{"url":"https:\/\/pubeurope.com\/@fr\/115065984340575223","error":""},"_links":{"self":[{"href":"https:\/\/www.europesays.com\/fr\/wp-json\/wp\/v2\/posts\/333568","targetHints":{"allow":["GET"]}}],"collection":[{"href":"https:\/\/www.europesays.com\/fr\/wp-json\/wp\/v2\/posts"}],"about":[{"href":"https:\/\/www.europesays.com\/fr\/wp-json\/wp\/v2\/types\/post"}],"author":[{"embeddable":true,"href":"https:\/\/www.europesays.com\/fr\/wp-json\/wp\/v2\/users\/2"}],"replies":[{"embeddable":true,"href":"https:\/\/www.europesays.com\/fr\/wp-json\/wp\/v2\/comments?post=333568"}],"version-history":[{"count":0,"href":"https:\/\/www.europesays.com\/fr\/wp-json\/wp\/v2\/posts\/333568\/revisions"}],"wp:featuredmedia":[{"embeddable":true,"href":"https:\/\/www.europesays.com\/fr\/wp-json\/wp\/v2\/media\/333569"}],"wp:attachment":[{"href":"https:\/\/www.europesays.com\/fr\/wp-json\/wp\/v2\/media?parent=333568"}],"wp:term":[{"taxonomy":"category","embeddable":true,"href":"https:\/\/www.europesays.com\/fr\/wp-json\/wp\/v2\/categories?post=333568"},{"taxonomy":"post_tag","embeddable":true,"href":"https:\/\/www.europesays.com\/fr\/wp-json\/wp\/v2\/tags?post=333568"}],"curies":[{"name":"wp","href":"https:\/\/api.w.org\/{rel}","templated":true}]}}