{"id":333578,"date":"2025-08-21T09:16:11","date_gmt":"2025-08-21T09:16:11","guid":{"rendered":"https:\/\/www.europesays.com\/fr\/333578\/"},"modified":"2025-08-21T09:16:11","modified_gmt":"2025-08-21T09:16:11","slug":"royaume-uni-hausse-surprise-de-lindice-pmi-composite-en-aout","status":"publish","type":"post","link":"https:\/\/www.europesays.com\/fr\/333578\/","title":{"rendered":"Royaume-Uni : hausse surprise de l&rsquo;indice PMI composite en ao\u00fbt"},"content":{"rendered":"<p>                    Contre toute attente, la croissance du secteur priv\u00e9 britannique s&rsquo;est acc\u00e9l\u00e9r\u00e9e au mois d&rsquo;ao\u00fbt, confirmant le r\u00e9cent redressement op\u00e9r\u00e9e au niveau de l&rsquo;activit\u00e9 apr\u00e8s un printemps morose, m\u00eame si l&rsquo;environnement \u00e9conomique reste f\u00e9brile, montrent les r\u00e9sultats d&rsquo;une enqu\u00eate publi\u00e9e jeudi.<\/p>\n<p>L&rsquo;indice S&amp;P Global composite des directeurs d&rsquo;achat, qui mesure \u00e0 la fois l&rsquo;activit\u00e9 dans les services et l&rsquo;industrie, s&rsquo;est inscrit \u00e0 53 ce mois-ci, contre 51,5 en juillet et 51 attendu par le consensus, selon le rapport.<\/p>\n<p>Il s&rsquo;\u00e9tablit ainsi \u00e0 un plus haut de 12 mois.<\/p>\n<p>L&rsquo;indice PMI &lsquo;flash&rsquo; des services a atteint 53,6 en ao\u00fbt, apr\u00e8s 51,8 le mois dernier, inscrivant l\u00e0 encore un plus haut de 12 mois, alors que les analystes pr\u00e9voyaient en moyenne un recul \u00e0 51,3.<\/p>\n<p>L&rsquo;indice PMI du secteur manufacturier s&rsquo;est quant \u00e0 lui repli\u00e9 \u00e0 47,3 contre 48 en juillet, l\u00e0 o\u00f9 les \u00e9conomistes anticipaient un rebond vers 48,5.<\/p>\n<p>Chris Williamson, l&rsquo;\u00e9conomiste en chef de S&amp;P Global Market Intelligence, rel\u00e8ve toutefois que les carnets de commandes des entreprises indiquent que la demande reste irr\u00e9guli\u00e8re et fragile, celles-ci exprimant non seulement des inqui\u00e9tudes concernant l&rsquo;impact des r\u00e9centes d\u00e9cisions politiques du gouvernement, mais aussi une certaine nervosit\u00e9 quant \u00e0 l&rsquo;incertitude g\u00e9opolitique actuelle.<\/p>\n<p>&lsquo;Les exportations de biens continuent de baisser, et de mani\u00e8re particuli\u00e8rement marqu\u00e9e&rsquo;, souligne ainsi l&rsquo;analyste.<\/p>\n","protected":false},"excerpt":{"rendered":"Contre toute attente, la croissance du secteur priv\u00e9 britannique s&rsquo;est acc\u00e9l\u00e9r\u00e9e au mois d&rsquo;ao\u00fbt, confirmant le r\u00e9cent redressement&hellip;\n","protected":false},"author":2,"featured_media":2490,"comment_status":"","ping_status":"","sticky":false,"template":"","format":"standard","meta":{"footnotes":""},"categories":[1588],"tags":[11,340,1777,674,12,473,1853,1851,1850,1852],"class_list":{"0":"post-333578","1":"post","2":"type-post","3":"status-publish","4":"format-standard","5":"has-post-thumbnail","7":"category-royaume-uni","8":"tag-actualites","9":"tag-bourse","10":"tag-eu","11":"tag-europe","12":"tag-news","13":"tag-royaume-uni","14":"tag-royaume-uni-de-grande-bretagne-et-dirlande-du-nord","15":"tag-uk","16":"tag-united-kingdom","17":"tag-united-kingdom-of-great-britain-and-northern-ireland"},"share_on_mastodon":{"url":"https:\/\/pubeurope.com\/@fr\/115066004004029030","error":""},"_links":{"self":[{"href":"https:\/\/www.europesays.com\/fr\/wp-json\/wp\/v2\/posts\/333578","targetHints":{"allow":["GET"]}}],"collection":[{"href":"https:\/\/www.europesays.com\/fr\/wp-json\/wp\/v2\/posts"}],"about":[{"href":"https:\/\/www.europesays.com\/fr\/wp-json\/wp\/v2\/types\/post"}],"author":[{"embeddable":true,"href":"https:\/\/www.europesays.com\/fr\/wp-json\/wp\/v2\/users\/2"}],"replies":[{"embeddable":true,"href":"https:\/\/www.europesays.com\/fr\/wp-json\/wp\/v2\/comments?post=333578"}],"version-history":[{"count":0,"href":"https:\/\/www.europesays.com\/fr\/wp-json\/wp\/v2\/posts\/333578\/revisions"}],"wp:featuredmedia":[{"embeddable":true,"href":"https:\/\/www.europesays.com\/fr\/wp-json\/wp\/v2\/media\/2490"}],"wp:attachment":[{"href":"https:\/\/www.europesays.com\/fr\/wp-json\/wp\/v2\/media?parent=333578"}],"wp:term":[{"taxonomy":"category","embeddable":true,"href":"https:\/\/www.europesays.com\/fr\/wp-json\/wp\/v2\/categories?post=333578"},{"taxonomy":"post_tag","embeddable":true,"href":"https:\/\/www.europesays.com\/fr\/wp-json\/wp\/v2\/tags?post=333578"}],"curies":[{"name":"wp","href":"https:\/\/api.w.org\/{rel}","templated":true}]}}