{"id":333579,"date":"2025-08-21T09:17:48","date_gmt":"2025-08-21T09:17:48","guid":{"rendered":"https:\/\/www.europesays.com\/fr\/333579\/"},"modified":"2025-08-21T09:17:48","modified_gmt":"2025-08-21T09:17:48","slug":"allemagne-changement-depoque-direction-de-linformation-legale-et-administrative-dila","status":"publish","type":"post","link":"https:\/\/www.europesays.com\/fr\/333579\/","title":{"rendered":"Allemagne : changement d\u2019\u00e9poque &#8211; Direction de l&rsquo;information l\u00e9gale et administrative \u2013 DILA"},"content":{"rendered":"<p>Au 3e rang des puissances \u00e9conomiques, l\u2019Allemagne, leader europ\u00e9en, d\u00e9tient un PIB par habitant 1,2 fois plus \u00e9lev\u00e9 que celui de la moyenne de l\u2019Union europ\u00e9enne. Toutefois, la croissance marque d\u00e9sormais le pas et un certain nombre de difficult\u00e9s structurelles hypoth\u00e8quent l\u2019avenir.<\/p>\n<p>Depuis le d\u00e9but de la guerre russo-ukrainienne, l\u2019Allemagne est entr\u00e9e dans une nouvelle \u00e8re. Le chancelier Scholz a annonc\u00e9 un \u00ab\u00a0changement d\u2019\u00e9poque\u00a0\u00bb (\u00ab\u00a0Zeitenwende\u00a0\u00bb). <br class=\"autobr\"\/><br \/>\nL\u2019Allemagne a accept\u00e9 pendant de longues ann\u00e9es une double d\u00e9pendance \u00e9nerg\u00e9tique et commerciale envers deux pays qui constituent d\u00e9sormais une menace clairement \u00e9tablie pour l\u2019ordre internationale\u00a0: la Russie et la Chine. Le pays doit adapter sa politique \u00e9trang\u00e8re et de s\u00e9curit\u00e9 au nouveau contexte g\u00e9ostrat\u00e9gique et r\u00e9orienter une industrie manufacturi\u00e8re dont la puissance reposait jusqu\u2019\u00e0 pr\u00e9sent sur les importations d\u2019\u00e9nergie russe \u00e0 bas co\u00fbt. L\u2019Allemagne est parall\u00e8lement d\u00e9pendante de la Chine sur des domaines vari\u00e9s, des produits industriels interm\u00e9diaires et d\u2019autres \u00e9l\u00e9ments essentiels pour les chaines d\u2019approvisionnement de l\u2019industrie allemande.<\/p>\n<p>C\u2019est actuellement toute la strat\u00e9gie europ\u00e9enne et internationale ainsi que le mod\u00e8le socio-\u00e9conomique du pays qui sont en mouvement. Le num\u00e9ro de Questions internationales apporte un regard sur la nouvelle trajectoire allemande.<\/p>\n<p><strong>DOSSIER\u2026 Allemagne \u2013 Changement d\u2019\u00e9poque<\/strong><\/p>\n<p><strong>Ouverture\u00a0: <\/strong> <strong>Allemagne, mue d\u2019une puissance <\/strong> Sabine Jansen<br class=\"autobr\"\/><br \/>\n<strong>L\u2019Allemagne au d\u00e9fi de ses h\u00e9ritages et de ses choix<\/strong> H\u00e9l\u00e8ne Miard-Delacroix<br class=\"autobr\"\/><br \/>\nEntretien avec l\u2019ambassadeur Claude Martin<br class=\"autobr\"\/><br \/>\n<strong>Allemagne\u00a0: une cartographie politique en pleine \u00e9volution<\/strong> Stefan Seidendorf<br class=\"autobr\"\/><br \/>\n<strong>Le mod\u00e8le \u00e9conomique allemand en question<\/strong> Sander Tordoir et Shahin Vall\u00e9e <br class=\"autobr\"\/><br \/>\n<strong>Peut-on encore parler de mod\u00e8le social allemand\u00a0?<\/strong> Arnaud Lechevalier<br class=\"autobr\"\/><br \/>\n<strong>La politique \u00e9trang\u00e8re de l\u2019Allemagne\u00a0: une transformation inachev\u00e9e<\/strong> Hans Stark <br class=\"autobr\"\/><br \/>\n<strong>L\u2019Allemagne en Europe\u00a0: une approche plus g\u00e9opolitique, un inconfortable leadership<\/strong> Claire Demesmay<br class=\"autobr\"\/><br \/>\n<strong>La guerre d\u2019Ukraine et l\u2019environnement strat\u00e9gique de l\u2019Allemagne<\/strong> Bernard Chappedelaine<\/p>\n<p><strong>Les encadr\u00e9s du dossier<\/strong><br class=\"autobr\"\/><br \/>\nLa politique de d\u00e9fense de l\u2019Allemagne Hans Stark<br class=\"autobr\"\/><br \/>\nLa politique migratoire de l\u2019Allemagne Claire Demesmay<br class=\"autobr\"\/><br \/>\nLes relations de l\u2019Allemagne avec ses ex-colonies d\u2019Afrique Christine de Gemeaux<br class=\"autobr\"\/><br \/>\nL\u2019Allemagne et l\u2019OTAN \u00c9ric-Andr\u00e9 Martin<br class=\"autobr\"\/><br \/>\nL\u2019Allemagne face au r\u00e9visionnisme russe Bernard Chappedelaine<br class=\"autobr\"\/><br \/>\nL\u2019histoire allemande vue en BD Donatienne Sadicoult<\/p>\n<p><strong>Questions EUROP\u00c9ENNES<\/strong><br class=\"autobr\"\/><br \/>\nLe Kosovo Jean-Arnault D\u00e9rens<br class=\"autobr\"\/><br \/>\nRegards sur le MONDE<br class=\"autobr\"\/><br \/>\nLa pratique de la diplomatie fran\u00e7aise envers les Fran\u00e7ais de l\u2019\u00e9tranger Christian Lequesne<br class=\"autobr\"\/><br \/>\nHistoires de Questions internationales <br class=\"autobr\"\/><br \/>\n\u00c0 la recherche de la paix perp\u00e9tuelle Philippe Moreau Defarges<br class=\"autobr\"\/><br \/>\nItin\u00e9raires de Questions internationales <br class=\"autobr\"\/><br \/>\nVancouver, ville mondiale Fran\u00e7oise Thibaut<\/p>\n<p><strong>ABSTRACTS<\/strong><\/p>\n","protected":false},"excerpt":{"rendered":"Au 3e rang des puissances \u00e9conomiques, l\u2019Allemagne, leader europ\u00e9en, d\u00e9tient un PIB par habitant 1,2 fois plus \u00e9lev\u00e9&hellip;\n","protected":false},"author":2,"featured_media":333580,"comment_status":"","ping_status":"","sticky":false,"template":"","format":"standard","meta":{"footnotes":""},"categories":[1587],"tags":[11,672,1804,1805,1803,1777,674,1801,12,1802],"class_list":{"0":"post-333579","1":"post","2":"type-post","3":"status-publish","4":"format-standard","5":"has-post-thumbnail","7":"category-allemagne","8":"tag-actualites","9":"tag-allemagne","10":"tag-bundesrepublik-deutschland","11":"tag-de","12":"tag-deutschland","13":"tag-eu","14":"tag-europe","15":"tag-germany","16":"tag-news","17":"tag-republique-federale-dallemagne"},"share_on_mastodon":{"url":"https:\/\/pubeurope.com\/@fr\/115066011967169349","error":""},"_links":{"self":[{"href":"https:\/\/www.europesays.com\/fr\/wp-json\/wp\/v2\/posts\/333579","targetHints":{"allow":["GET"]}}],"collection":[{"href":"https:\/\/www.europesays.com\/fr\/wp-json\/wp\/v2\/posts"}],"about":[{"href":"https:\/\/www.europesays.com\/fr\/wp-json\/wp\/v2\/types\/post"}],"author":[{"embeddable":true,"href":"https:\/\/www.europesays.com\/fr\/wp-json\/wp\/v2\/users\/2"}],"replies":[{"embeddable":true,"href":"https:\/\/www.europesays.com\/fr\/wp-json\/wp\/v2\/comments?post=333579"}],"version-history":[{"count":0,"href":"https:\/\/www.europesays.com\/fr\/wp-json\/wp\/v2\/posts\/333579\/revisions"}],"wp:featuredmedia":[{"embeddable":true,"href":"https:\/\/www.europesays.com\/fr\/wp-json\/wp\/v2\/media\/333580"}],"wp:attachment":[{"href":"https:\/\/www.europesays.com\/fr\/wp-json\/wp\/v2\/media?parent=333579"}],"wp:term":[{"taxonomy":"category","embeddable":true,"href":"https:\/\/www.europesays.com\/fr\/wp-json\/wp\/v2\/categories?post=333579"},{"taxonomy":"post_tag","embeddable":true,"href":"https:\/\/www.europesays.com\/fr\/wp-json\/wp\/v2\/tags?post=333579"}],"curies":[{"name":"wp","href":"https:\/\/api.w.org\/{rel}","templated":true}]}}