{"id":333583,"date":"2025-08-21T09:19:20","date_gmt":"2025-08-21T09:19:20","guid":{"rendered":"https:\/\/www.europesays.com\/fr\/333583\/"},"modified":"2025-08-21T09:19:20","modified_gmt":"2025-08-21T09:19:20","slug":"lunion-europeenne-a-delivre-plus-de-600-000-visas-aux-marocains-en-2024","status":"publish","type":"post","link":"https:\/\/www.europesays.com\/fr\/333583\/","title":{"rendered":"L&rsquo;Union europ\u00e9enne a d\u00e9livr\u00e9 plus de 600 000 visas aux Marocains en 2024"},"content":{"rendered":"<p>Le ministre des Affaires \u00e9trang\u00e8res, de la Coop\u00e9ration africaine et des Marocains de l&rsquo;\u00e9tranger, <strong>Nasser Bourita<\/strong>, a annonc\u00e9 que l&rsquo;Union europ\u00e9enne avait d\u00e9livr\u00e9 plus de 606 000 visas \u00e0 des citoyens marocains au cours de l&rsquo;ann\u00e9e derni\u00e8re,<strong> avec un taux de refus ne d\u00e9passant pas 20 %<\/strong> des demandes pr\u00e9sent\u00e9es, ce qui est consid\u00e9r\u00e9 comme une moyenne par rapport \u00e0 d&rsquo;autres pays.\u00a0<\/p>\n<p>M. Bourita a soulign\u00e9 que les relations avec l&rsquo;Europe s&rsquo;am\u00e9lioraient sensiblement dans ce domaine, comme en t\u00e9moignent les donn\u00e9es relatives \u00e0 l&rsquo;octroi de visas aux citoyens marocains.\u00a0<\/p>\n<p><img decoding=\"async\" width=\"1200\" height=\"675\" alt=\"Nasser Bourita, ministro de Asuntos Exteriores, Cooperaci\u00f3n Africana y Marroqu\u00edes Residentes en el Extranjero, junto a\u00a0\u00a0Dubravka Suica, Comisaria europea para el Mediterr\u00e1neo, en el contexto de la V Edici\u00f3n de la Reuni\u00f3n Ministerial de la Uni\u00f3n Europea en Bruselas el 14 de julio - PHOTO\/X\/MAROC DIPLOMATIE\" src=\"https:\/\/www.europesays.com\/fr\/wp-content\/uploads\/2025\/08\/2025071510215773339.webp.webp\" loading=\"lazy\"  \/><br \/>\nNasser Bourita, ministre des Affaires \u00e9trang\u00e8res, de la Coop\u00e9ration africaine et des Marocains r\u00e9sidant \u00e0 l&rsquo;\u00e9tranger, aux c\u00f4t\u00e9s de Dubravka Suica, commissaire europ\u00e9enne pour la M\u00e9diterran\u00e9e, dans le cadre de la 5e \u00e9dition de la r\u00e9union minist\u00e9rielle de l&rsquo;Union europ\u00e9enne \u00e0 Bruxelles, le 14 juillet &#8211; PHOTO\/X\/MAROC DIPLOMATIE<\/p>\n<p>Selon les informations fournies par le ministre en r\u00e9ponse \u00e0 une question \u00e9crite du conseiller parlementaire Khalid Setti sur la r\u00e9ciprocit\u00e9 en mati\u00e8re de politique des visas, \u00ab la France a accord\u00e9 \u00e0 elle seule environ 284 000 visas en 2024, soit une augmentation de 17 % par rapport \u00e0 l&rsquo;ann\u00e9e pr\u00e9c\u00e9dente. Cela fait du Maroc le pays qui a le plus b\u00e9n\u00e9fici\u00e9 des visas fran\u00e7ais dans la r\u00e9gion, ce qui refl\u00e8te la volont\u00e9 politique commune des deux parties de surmonter les tensions et les d\u00e9fis qui ont historiquement affect\u00e9 leurs relations dans ce domaine \u00bb.\u00a0<\/p>\n<p>Le passeport marocain est pass\u00e9 \u00e0 la 67e place du classement Henley Partners pour 2025, contre 71e l&rsquo;ann\u00e9e pr\u00e9c\u00e9dente.<strong> Il permet d\u00e9sormais d&rsquo;acc\u00e9der sans visa \u00e0 73 pays.\u00a0<\/strong><\/p>\n<p>Nasser Bourita a \u00e9galement d\u00e9clar\u00e9 que \u00ab son minist\u00e8re, lors des r\u00e9unions bilat\u00e9rales avec les repr\u00e9sentants des missions diplomatiques et des centres consulaires accr\u00e9dit\u00e9s au Maroc, qui font appel \u00e0 des soci\u00e9t\u00e9s de gestion d\u00e9l\u00e9gu\u00e9e pour traiter les demandes de visa, aborde syst\u00e9matiquement le syst\u00e8me actuel, ses dysfonctionnements et demande des corrections afin d&rsquo;\u00e9viter toute exploitation par certains interm\u00e9diaires ou agents ill\u00e9gaux \u00bb.\u00a0<\/p>\n<p><img decoding=\"async\" width=\"1200\" height=\"675\" alt=\"Imagen de un visado franc\u00e9s - &lt;a  data-cke-saved-href=&quot;https:\/\/depositphotos.com\/es\/?\/&quot; href=&quot;https:\/\/depositphotos.com\/es\/?\/&quot;&gt;Depositphotos&lt;\/a&gt;\" src=\"https:\/\/www.europesays.com\/fr\/wp-content\/uploads\/2025\/08\/2024061814463535492.jpg\" loading=\"lazy\"  \/><br \/>\nImage d&rsquo;un visa fran\u00e7ais &#8211; <a href=\"https:\/\/depositphotos.com\/es\/?\/\" target=\"_blank\" rel=\"noopener\">Depositphotos<\/a><\/p>\n<p>Il a soulign\u00e9 que \u00ab le minist\u00e8re exhorte les ambassades et consulats \u00e9trangers au Maroc \u00e0 traiter les demandes de visa dans un d\u00e9lai raisonnable, en respectant constamment les citoyens marocains et leur dignit\u00e9, en particulier dans les cas de demandes humanitaires urgentes, telles que celles li\u00e9es aux soins m\u00e9dicaux ou \u00e0 l&rsquo;\u00e9ducation, qui sont souvent soumises \u00e0 des d\u00e9lais stricts \u00bb.. \u00a0<\/p>\n<p>Dans le m\u00eame temps, <strong>le ministre des Affaires \u00e9trang\u00e8res a soulign\u00e9 que la question des visas est un droit souverain de chaque pays, qui d\u00e9cide et organise selon sa propre vision et ses priorit\u00e9s internes et externes.\u00a0<\/strong><\/p>\n<p>Dans le m\u00eame contexte, M. Bourita a ajout\u00e9 : \u00ab La d\u00e9cision du Maroc d&rsquo;imposer ou de supprimer les visas d&rsquo;entr\u00e9e sur son territoire reste une d\u00e9cision souveraine, qui n&rsquo;ob\u00e9it ni \u00e0 des caprices ni \u00e0 des r\u00e9actions temporaires. Elle repose sur trois consid\u00e9rations objectives : <strong>la r\u00e9ciprocit\u00e9, les imp\u00e9ratifs politiques et \u00e9conomiques et le contexte des relations bilat\u00e9rales avec chaque nation \u00bb.\u00a0<\/strong><\/p>\n<p><img decoding=\"async\" width=\"1200\" height=\"675\" alt=\"Nasser Bourita, ministro de Asuntos Exteriores de Marruecos, durante su discurso en Rabat por el D\u00eda de \u00c1frica el 27 de mayo de 2025 - PHOTO\/MAROC DIPLOMATIE\" src=\"https:\/\/www.europesays.com\/fr\/wp-content\/uploads\/2025\/08\/2025052811031489879.jpg\" loading=\"lazy\"  \/><br \/>\nNasser Bourita, ministre des Affaires \u00e9trang\u00e8res du Maroc, lors de son discours \u00e0 Rabat \u00e0 l&rsquo;occasion de la Journ\u00e9e de l&rsquo;Afrique, le 27 mai 2025 &#8211; PHOTO\/MAROC DIPLOMATIE<\/p>\n<p>Il a \u00e9t\u00e9 affirm\u00e9 que \u00ab la mani\u00e8re dont le Maroc agit dans ce domaine s&rsquo;inscrit dans une strat\u00e9gie globale qui vise \u00e0 \u00e9quilibrer les int\u00e9r\u00eats, en diff\u00e9renciant les nations en fonction du type de collaboration, de l&rsquo;histoire qu&rsquo;elles partagent et des accords qu&rsquo;elles ont sign\u00e9s. La mise en place de syst\u00e8mes modernes de visa \u00e9lectronique s&rsquo;inscrit \u00e9galement dans cette strat\u00e9gie, qui vise \u00e0 accro\u00eetre l&rsquo;ouverture du Royaume gr\u00e2ce \u00e0 la num\u00e9risation de ses services, sans renoncer \u00e0 son ind\u00e9pendance nationale \u00bb. \u00a0<\/p>\n<p>Actuellement, <strong>le passeport marocain figure parmi les 70 passeports les plus puissants au monde, ce qui refl\u00e8te la confiance et la cr\u00e9dibilit\u00e9 dont jouissent le Maroc et ses institutions au niveau mondial.<\/strong><\/p>\n","protected":false},"excerpt":{"rendered":"Le ministre des Affaires \u00e9trang\u00e8res, de la Coop\u00e9ration africaine et des Marocains de l&rsquo;\u00e9tranger, Nasser Bourita, a annonc\u00e9&hellip;\n","protected":false},"author":2,"featured_media":333584,"comment_status":"","ping_status":"","sticky":false,"template":"","format":"standard","meta":{"footnotes":""},"categories":[1586],"tags":[11,1777,8938,674,1779,1011,27,1577,47087,47090,12,47089,25,47088,1778,14749,364],"class_list":{"0":"post-333583","1":"post","2":"type-post","3":"status-publish","4":"format-standard","5":"has-post-thumbnail","7":"category-europe","8":"tag-actualites","9":"tag-eu","10":"tag-europa","11":"tag-europe","12":"tag-european-union","13":"tag-fr","14":"tag-france","15":"tag-l","16":"tag-marruecos","17":"tag-morocco","18":"tag-news","19":"tag-politica-marruecos","20":"tag-republique-francaise","21":"tag-sociedad","22":"tag-ue","23":"tag-union-europea","24":"tag-union-europeenne"},"share_on_mastodon":{"url":"https:\/\/pubeurope.com\/@fr\/115066015871798578","error":""},"_links":{"self":[{"href":"https:\/\/www.europesays.com\/fr\/wp-json\/wp\/v2\/posts\/333583","targetHints":{"allow":["GET"]}}],"collection":[{"href":"https:\/\/www.europesays.com\/fr\/wp-json\/wp\/v2\/posts"}],"about":[{"href":"https:\/\/www.europesays.com\/fr\/wp-json\/wp\/v2\/types\/post"}],"author":[{"embeddable":true,"href":"https:\/\/www.europesays.com\/fr\/wp-json\/wp\/v2\/users\/2"}],"replies":[{"embeddable":true,"href":"https:\/\/www.europesays.com\/fr\/wp-json\/wp\/v2\/comments?post=333583"}],"version-history":[{"count":0,"href":"https:\/\/www.europesays.com\/fr\/wp-json\/wp\/v2\/posts\/333583\/revisions"}],"wp:featuredmedia":[{"embeddable":true,"href":"https:\/\/www.europesays.com\/fr\/wp-json\/wp\/v2\/media\/333584"}],"wp:attachment":[{"href":"https:\/\/www.europesays.com\/fr\/wp-json\/wp\/v2\/media?parent=333583"}],"wp:term":[{"taxonomy":"category","embeddable":true,"href":"https:\/\/www.europesays.com\/fr\/wp-json\/wp\/v2\/categories?post=333583"},{"taxonomy":"post_tag","embeddable":true,"href":"https:\/\/www.europesays.com\/fr\/wp-json\/wp\/v2\/tags?post=333583"}],"curies":[{"name":"wp","href":"https:\/\/api.w.org\/{rel}","templated":true}]}}