{"id":333585,"date":"2025-08-21T09:20:12","date_gmt":"2025-08-21T09:20:12","guid":{"rendered":"https:\/\/www.europesays.com\/fr\/333585\/"},"modified":"2025-08-21T09:20:12","modified_gmt":"2025-08-21T09:20:12","slug":"affaire-rabiot-ou-sont-les-traces-de-la-violence-inouie","status":"publish","type":"post","link":"https:\/\/www.europesays.com\/fr\/333585\/","title":{"rendered":"affaire Rabiot, o\u00f9 sont les traces de la \u00ab\u00a0violence inou\u00efe\u00a0\u00bb\u00a0?"},"content":{"rendered":"<p>La question m\u00e9rite d&rsquo;\u00eatre pos\u00e9e. Puisque <a href=\"https:\/\/www.laprovence.com\/article\/om\/65616883476891\/om-affaire-rabiot-pablo-longoria-evoque-un-evenement-dune-violence-extreme\" target=\"_blank\" rel=\"noopener\">la bagarre entre Jonathan Rowe et Adrien Rabiot a \u00e9t\u00e9 aussi impressionnante, selon la version de l&rsquo;OM<\/a>, pourquoi n&rsquo;y a-t-il pas eu de constat m\u00e9dical\u00a0? Pas de jour d&rsquo;ITT. Pas de photo publi\u00e9e pour rendre compte de l&rsquo;intensit\u00e9 des coups inflig\u00e9s. Pas de vid\u00e9o diffus\u00e9e non plus. Depuis leur altercation, les deux protagonistes, qui s&rsquo;entra\u00eenent d\u00e9sormais \u00e0 part, se sont d&rsquo;ailleurs recrois\u00e9s sans aucune animosit\u00e9 \u00e0 La Commanderie. L&rsquo;international tricolore, lui, est venu y faire ses soins, samedi, quelques heures apr\u00e8s la d\u00e9faite \u00e0 Rennes, comme il le fait chaque lendemain de match. Il ne se doutait pas, alors, que la sentence supr\u00eame allait tomber lundi. \u00ab\u00a0Un \u00e9v\u00e9nement d&rsquo;une violence extr\u00eame, quelque chose d&rsquo;inou\u00ef\u00a0\u00bb, \u00ab\u00a0une sc\u00e8ne de chaos\u00a0\u00bb\u00a0: telles sont les formules employ\u00e9es par Pablo Longoria et Medhi Benatia. Mais o\u00f9 sont les traces qui pourraient confirmer leur compte rendu des faits\u00a0?<\/p>\n","protected":false},"excerpt":{"rendered":"La question m\u00e9rite d&rsquo;\u00eatre pos\u00e9e. Puisque la bagarre entre Jonathan Rowe et Adrien Rabiot a \u00e9t\u00e9 aussi impressionnante,&hellip;\n","protected":false},"author":2,"featured_media":333586,"comment_status":"","ping_status":"","sticky":false,"template":"","format":"standard","meta":{"footnotes":""},"categories":[2],"tags":[17,11,13060,11720,1011,27,151,12,149,4029,25,3333,20172],"class_list":{"0":"post-333585","1":"post","2":"type-post","3":"status-publish","4":"format-standard","5":"has-post-thumbnail","7":"category-actualites","8":"tag-17","9":"tag-actualites","10":"tag-affaire","11":"tag-billet","12":"tag-fr","13":"tag-france","14":"tag-les","15":"tag-news","16":"tag-om","17":"tag-rabiot","18":"tag-republique-francaise","19":"tag-sont","20":"tag-traces"},"share_on_mastodon":{"url":"https:\/\/pubeurope.com\/@fr\/115066019702073340","error":""},"_links":{"self":[{"href":"https:\/\/www.europesays.com\/fr\/wp-json\/wp\/v2\/posts\/333585","targetHints":{"allow":["GET"]}}],"collection":[{"href":"https:\/\/www.europesays.com\/fr\/wp-json\/wp\/v2\/posts"}],"about":[{"href":"https:\/\/www.europesays.com\/fr\/wp-json\/wp\/v2\/types\/post"}],"author":[{"embeddable":true,"href":"https:\/\/www.europesays.com\/fr\/wp-json\/wp\/v2\/users\/2"}],"replies":[{"embeddable":true,"href":"https:\/\/www.europesays.com\/fr\/wp-json\/wp\/v2\/comments?post=333585"}],"version-history":[{"count":0,"href":"https:\/\/www.europesays.com\/fr\/wp-json\/wp\/v2\/posts\/333585\/revisions"}],"wp:featuredmedia":[{"embeddable":true,"href":"https:\/\/www.europesays.com\/fr\/wp-json\/wp\/v2\/media\/333586"}],"wp:attachment":[{"href":"https:\/\/www.europesays.com\/fr\/wp-json\/wp\/v2\/media?parent=333585"}],"wp:term":[{"taxonomy":"category","embeddable":true,"href":"https:\/\/www.europesays.com\/fr\/wp-json\/wp\/v2\/categories?post=333585"},{"taxonomy":"post_tag","embeddable":true,"href":"https:\/\/www.europesays.com\/fr\/wp-json\/wp\/v2\/tags?post=333585"}],"curies":[{"name":"wp","href":"https:\/\/api.w.org\/{rel}","templated":true}]}}