{"id":333609,"date":"2025-08-21T09:35:12","date_gmt":"2025-08-21T09:35:12","guid":{"rendered":"https:\/\/www.europesays.com\/fr\/333609\/"},"modified":"2025-08-21T09:35:12","modified_gmt":"2025-08-21T09:35:12","slug":"dense-prenante-saisissante-on-a-adore-surface-la-serie-avec-laura-smet-et-tomer-sisley","status":"publish","type":"post","link":"https:\/\/www.europesays.com\/fr\/333609\/","title":{"rendered":"Dense, prenante, saisissante\u2026 On a ador\u00e9 \u00ab\u00a0Surface\u00a0\u00bb, la s\u00e9rie avec Laura Smet et Tomer Sisley"},"content":{"rendered":"<p class=\"paragraph text_align_left lp-f-body-02\">Deux p\u00eacheurs taquinent le poisson sur un lac bucolique, sans succ\u00e8s. \u00ab J\u2019vois pas pourquoi on s\u2019acharne : ce lac, il est maudit. On n\u2019aurait jamais d\u00fb laisser tout \u00e7a l\u00e0-dessous \u00bb, lance l\u2019un. Mais qui y a-t-il dans les profondeurs, justement ? Des bidons dont l\u2019un se d\u00e9tache avec le courant. Changement de plan : une bless\u00e9e au visage ensanglant\u00e9 g\u00eet sur un brancard pouss\u00e9 \u00e0 vive allure dans le couloir d\u2019un h\u00f4pital. \u00ab Femme 35 ans, bless\u00e9e par balle. Trauma facial \u00bb, entend-on. Ainsi d\u00e9marre <a href=\"https:\/\/www.leparisien.fr\/culture-loisirs\/series\/tournage-de-surface-sur-france-2-avec-laura-smet-defiguree-je-suis-obligee-de-repousser-des-peurs-20-07-2024-7HM4HUNOHNERVMTV5JNK5FM2A4.php\" target=\"_blank\" rel=\"noreferrer nofollow noopener\">\u00ab Surface \u00bb<\/a>, la nouvelle s\u00e9rie de France T\u00e9l\u00e9visions, mise en ligne dans son int\u00e9gralit\u00e9 en avant-premi\u00e8re sur le site <a href=\"https:\/\/www.leparisien.fr\/culture-loisirs\/france-tv\/\" target=\"_blank\" rel=\"noreferrer nofollow noopener\">france.tv<\/a> d\u00e8s ce jeudi 21 ao\u00fbt avant sa diffusion sur France 2 \u00e0 partir du lundi 1er septembre \u00e0 21h10.<\/p>\n<p class=\"paragraph text_align_left lp-f-body-02\">La jeune femme du brancard, d\u00e9figur\u00e9e en intervention, c\u2019est No\u00e9mie Chastain, incarn\u00e9e par <a href=\"https:\/\/www.leparisien.fr\/culture-loisirs\/laura-smet-debute-au-theatre-cest-pour-mon-fils-que-je-le-fais-16-09-2022-NWSCFCVKJRBF3JC5ZSVBH7PQRU.php\" target=\"_blank\" rel=\"noreferrer nofollow noopener\">Laura Smet<\/a>\u2026 que l\u2019on retrouve ensuite dans la petite gare d\u2019Avalone, en Occitanie. On ne la voit que de profil mais le regard du lieutenant local, Romain, qui l\u2019accueille se fige soudain : \u00ab Vous finirez par vous habituer \u00bb, lui lance la capitaine de police parisienne affect\u00e9e dans ce commissariat de l\u2019Aveyron pour \u00e9valuer la possibilit\u00e9 de le fermer.<b> <\/b>Pas franchement ravie de cette convalescence forc\u00e9e, elle parle peu mais l\u2019on devine son traumatisme en d\u00e9couvrant les cicatrices qui lui mangent le visage, son penchant pour les soir\u00e9es arros\u00e9es et sa peur des armes.<\/p>\n<p class=\"paragraph text_align_left lp-f-body-02\">La qui\u00e9tude du bourg o\u00f9 elle a \u00e9t\u00e9 mise au placard est boulevers\u00e9e par la d\u00e9couverte d\u2019un cr\u00e2ne et le squelette d\u2019un enfant dans le f\u00fbt surgi du lac o\u00f9 repose l\u2019ancien village, submerg\u00e9 23 ans auparavant apr\u00e8s la construction d\u2019un barrage. Au m\u00eame moment, trois gamins s\u2019\u00e9taient volatilis\u00e9s. Sale affaire pour la capitaine et sa nouvelle \u00e9quipe dont Romain le camarade des petits disparus et fils de Madame la maire, Milk le novice, Nad\u00e8ge la surdou\u00e9e, Didier le lourdaud. D\u2019autres bidons avec leur contenu macabre sont retrouv\u00e9s. Les soup\u00e7ons se multiplient\u2026 La pression monte.<\/p>\n<p>Une adaptation qui prend des libert\u00e9s sc\u00e9naristiques<\/p>\n<p class=\"paragraph text_align_left lp-f-body-02\">Et c\u2019est l\u00e0 la r\u00e9ussite de ce thriller adapt\u00e9 du roman \u00e9ponyme d\u2019<a href=\"https:\/\/www.leparisien.fr\/culture-loisirs\/livres\/ne-situez-pas-votre-roman-dans-une-navette-spatiale-les-conseils-decriture-dolivier-norek-04-01-2025-ZOROQGSPDJG3BEZIJNGPWTSURM.php\" target=\"_blank\" rel=\"noreferrer nofollow noopener\">Olivier Norek<\/a> : sonder la psychologie des protagonistes, tous ab\u00eem\u00e9s depuis deux d\u00e9cennies, le fermier d\u00e9chir\u00e9 et sa femme malade, le p\u00e8re agressif qui ne s\u2019est pas remis, le copain rong\u00e9 par la culpabilit\u00e9 d\u2019avoir surv\u00e9cu\u2026 Et cette flic dont les souvenirs d\u2019un autre traumatisme bien plus lointain remontent eux aussi \u00e0 la surface. Seul le duo de fr\u00e8res plongeurs de la fluviale, charg\u00e9s de sonder les eaux, apporte un peu de lumi\u00e8re gr\u00e2ce \u00e0 l\u2019humour de l\u2019un, Hugo, incarn\u00e9 par Tomer Sisley.<\/p>\n<p><img decoding=\"async\" class=\"image \" loading=\"lazy\" src=\"https:\/\/www.europesays.com\/fr\/wp-content\/uploads\/2025\/08\/KPNC2AU3ANG3LJ3GM3T5KTMRF4.jpg\" alt=\"Laura Smet incarne la capitaine de police parisienne No\u00e9mie Chastain. FTV\/Quad Drama\/Christophe Brachet\" align=\"\" data-rubrique-principale=\"\" data-article-type=\"\" fetchpriority=\"auto\"\/>Laura Smet incarne la capitaine de police parisienne No\u00e9mie Chastain. FTV\/Quad Drama\/Christophe Brachet <\/p>\n<p class=\"paragraph text_align_left lp-f-body-02\">Les six \u00e9pisodes prennent leur temps. On y est saisi par les silences, la douleur, les plans serr\u00e9s ou a\u00e9riens, les effets des sc\u00e8nes sous-marines dans les ruines du village englouti reconstitu\u00e9es. Les fid\u00e8les d\u2019Olivier Norek, les puristes, n\u2019y retrouveront pas tous les ingr\u00e9dients de son polar : cette cr\u00e9ation s\u2019en d\u00e9tache en prenant parfois des libert\u00e9s sc\u00e9naristiques (ici le maire est une femme, le lac n\u2019est pas vid\u00e9, l\u2019h\u00e9ro\u00efne souffre \u00e0 plusieurs titres\u2026), en accentuant l\u2019intensit\u00e9 dramatique.<\/p>\n<p class=\"paragraph text_align_left lp-f-body-02\">Il n\u2019emp\u00eache. Juste, Laura Smet brille au-del\u00e0 de son regard de feu sous ses airs sombres en d\u00e9ployant une palette d\u2019\u00e9motions alors que son personnage se reconstruit, \u00e9vacue sa col\u00e8re, tisse des liens au fil de son s\u00e9jour et de l\u2019avanc\u00e9e de l\u2019enqu\u00eate. Elle est entour\u00e9e par <a href=\"https:\/\/www.leparisien.fr\/culture-loisirs\/cinema\/tomer-sisley-dans-largo-winch-je-me-suis-casse-lavant-bras-et-deboite-lepaule-31-07-2024-F37S5FSYUZGKREBQ5HDIBX6JBU.php\" target=\"_blank\" rel=\"noreferrer nofollow noopener\">Tomer Sisley<\/a> et une foule de talents \u00e0 d\u00e9couvrir dans cette intrigue \u00e0 tiroirs, dense et prenante.<\/p>\n<p>La note de la r\u00e9daction :\u00ab Surface \u00bb, <\/p>\n<p>s\u00e9rie polici\u00e8re fran\u00e7aise de Slimane- Baptiste Berhoun, d\u2019apr\u00e8s le roman d\u2019Olivier Norek (2024) avec Laura Smet, Tomer Sisley, Th\u00e9o Costa-Marini, Florence Muller, Otis Ngoi, Quentin Laclotte Parmentier, Pauline Serieys\u2026 6 \u00e9pisodes (6 x 52 min).<\/p>\n","protected":false},"excerpt":{"rendered":"Deux p\u00eacheurs taquinent le poisson sur un lac bucolique, sans succ\u00e8s. \u00ab J\u2019vois pas pourquoi on s\u2019acharne :&hellip;\n","protected":false},"author":2,"featured_media":333610,"comment_status":"","ping_status":"","sticky":false,"template":"","format":"standard","meta":{"footnotes":""},"categories":[1356],"tags":[872,58,59,1011,27,252,2205,1364],"class_list":{"0":"post-333609","1":"post","2":"type-post","3":"status-publish","4":"format-standard","5":"has-post-thumbnail","7":"category-television","8":"tag-culture-et-loisirs","9":"tag-divertissement","10":"tag-entertainment","11":"tag-fr","12":"tag-france","13":"tag-television","14":"tag-television-medias","15":"tag-tv"},"share_on_mastodon":{"url":"https:\/\/pubeurope.com\/@fr\/115066078809012481","error":""},"_links":{"self":[{"href":"https:\/\/www.europesays.com\/fr\/wp-json\/wp\/v2\/posts\/333609","targetHints":{"allow":["GET"]}}],"collection":[{"href":"https:\/\/www.europesays.com\/fr\/wp-json\/wp\/v2\/posts"}],"about":[{"href":"https:\/\/www.europesays.com\/fr\/wp-json\/wp\/v2\/types\/post"}],"author":[{"embeddable":true,"href":"https:\/\/www.europesays.com\/fr\/wp-json\/wp\/v2\/users\/2"}],"replies":[{"embeddable":true,"href":"https:\/\/www.europesays.com\/fr\/wp-json\/wp\/v2\/comments?post=333609"}],"version-history":[{"count":0,"href":"https:\/\/www.europesays.com\/fr\/wp-json\/wp\/v2\/posts\/333609\/revisions"}],"wp:featuredmedia":[{"embeddable":true,"href":"https:\/\/www.europesays.com\/fr\/wp-json\/wp\/v2\/media\/333610"}],"wp:attachment":[{"href":"https:\/\/www.europesays.com\/fr\/wp-json\/wp\/v2\/media?parent=333609"}],"wp:term":[{"taxonomy":"category","embeddable":true,"href":"https:\/\/www.europesays.com\/fr\/wp-json\/wp\/v2\/categories?post=333609"},{"taxonomy":"post_tag","embeddable":true,"href":"https:\/\/www.europesays.com\/fr\/wp-json\/wp\/v2\/tags?post=333609"}],"curies":[{"name":"wp","href":"https:\/\/api.w.org\/{rel}","templated":true}]}}