{"id":333613,"date":"2025-08-21T09:37:17","date_gmt":"2025-08-21T09:37:17","guid":{"rendered":"https:\/\/www.europesays.com\/fr\/333613\/"},"modified":"2025-08-21T09:37:17","modified_gmt":"2025-08-21T09:37:17","slug":"pierce-brosnan-bientot-de-retour-dans-la-peau-de-james-bond-lacteur-repond","status":"publish","type":"post","link":"https:\/\/www.europesays.com\/fr\/333613\/","title":{"rendered":"Pierce Brosnan bient\u00f4t de retour dans la peau de James Bond ? L&rsquo;acteur r\u00e9pond !"},"content":{"rendered":"<p>Les premi\u00e8res informations concernant le prochain James Bond se d\u00e9voilent ces derniers mois, mais une question est sur toutes les bouches : qui succ\u00e9dera \u00e0 Daniel Craig ? Pierce Brosnan n&rsquo;est pas contre l&rsquo;id\u00e9e de renfiler le costume de 007 ! <\/p>\n<p>Plus de vingt ans apr\u00e8s avoir c\u00e9d\u00e9 sa place \u00e0 <a href=\"https:\/\/www.programme-tv.net\/news\/series-tv\/374216-jonathan-cohen-va-s-inspirer-de-ce-film-culte-avec-daniel-craig-pour-la-suite-de-la-flamme-et-du-flambeau\/\" data-api-deeplink=\"teleloisirs:\/\/news\/374216\" target=\"_blank\" rel=\"noopener\">Daniel Craig,<\/a> Pierce Brosnan se verrait bien renfiler le costume de James Bond ! En effet, l&rsquo;acteur a \u00e9t\u00e9 le visage de l&rsquo;agent 007 le temps de quatre volets sortis entre 1995 et 2002 : GoldenEye, Demain ne meurt jamais, Le monde ne suffit pas et Meurs un autre jour. S&rsquo;il a incarn\u00e9 d&rsquo;innombrables personnages dans des longs-m\u00e9trages et s\u00e9ries \u00e0 succ\u00e8s depuis qu&rsquo;il a fait ses adieux au r\u00f4le de James Bond, son nom reste indissociable de la franchise britannique. Ces derniers mois,<a href=\"https:\/\/www.programme-tv.net\/news\/cinema\/382242-cet-acteur-de-downton-abbey-a-totalement-ruine-ses-chances-de-devenir-james-bond-apres-cette-rencontre-desastreuse\/\" data-api-deeplink=\"teleloisirs:\/\/news\/382242\" target=\"_blank\" rel=\"noopener\"> les premi\u00e8res informations concernant le 26e film <\/a>se d\u00e9voilent une \u00e0 une, mais la plus importante reste encore floue : qui succ\u00e9dera \u00e0 Daniel Craig ? Pierce Brosnan donne son avis sur le sujet.<\/p>\n<p>\u00ab\u00a0Pourquoi pas ?\u00a0\u00bb : Pierce Brosnan n&rsquo;est pas ferm\u00e9 \u00e0 l&rsquo;id\u00e9e d&rsquo;appara\u00eetre de nouveau dans James Bond<\/p>\n<p>Il y a quelques mois, les studios Amazon, aux commandes de la franchise britannique, annon\u00e7aient le nom du r\u00e9alisateur de prochain volet de James Bond :<a href=\"https:\/\/www.programme-tv.net\/news\/cinema\/360554-dune-quelles-conditions-denis-villeneuve-a-t-il-imposees-pour-tourner-ses-films-tire-des-livres-de-frank-herbert\/\" data-api-deeplink=\"teleloisirs:\/\/news\/360554\" target=\"_blank\" rel=\"noopener\"> Denis Villeneuve<\/a>, qui a \u00e9t\u00e9 \u00e0 la t\u00eate de <a href=\"https:\/\/www.programme-tv.net\/news\/series-tv\/367644-dune-prophecy-nos-theories-pour-la-saison-2-selon-les-livres\/\" data-api-deeplink=\"teleloisirs:\/\/news\/367644\" target=\"_blank\" rel=\"noopener\">Dune<\/a>. Reste d\u00e9sormais \u00e0 savoir quel acteur a \u00e9t\u00e9 choisi pour incarner le personnage iconique. Interrog\u00e9 sur le sujet par <a href=\"https:\/\/www.radiotimes.com\/movies\/pierce-brosnan-thursday-murder-club-james-bond-interview\/?redirect=https%3A%2F%2Fwww.radiotimes.com%2Fmovies%2Fpierce-brosnan-thursday-murder-club-james-bond-interview%2F\" target=\"_blank\" rel=\"noopener\">Radio Times<\/a>, et relay\u00e9 par Variety, Pierce Brosnan a affirm\u00e9 qu&rsquo;il n&rsquo;\u00e9tait pas contre l&rsquo;id\u00e9e d&rsquo;appara\u00eetre \u00e0 nouveau dans le r\u00f4le de l&rsquo;agent secret : \u00ab\u00a0Je pense que personne n&rsquo;a envie de voir un Bond de 72 ans (&#8230;) Mais si Villeneuve avait quelque chose pour moi, je le regarderais sans h\u00e9siter !\u00a0\u00bb avoue-t-il, avant de poursuivre : \u00ab\u00a0Pourquoi pas ? C&rsquo;est un excellent divertissement. On pourrait bien rire. Des cr\u00e2nes chauves, des proth\u00e8ses\u2026 qui sait ?\u00a0\u00bb. Aupr\u00e8s du m\u00e9dia, l&rsquo;ancien acteur phare de la franchise avoue suivre de pr\u00e8s le dossier : \u00ab\u00a0Il y a beaucoup de candidats formidables, et je suis s\u00fbr qu&rsquo;ils vont nous offrir un spectacle grandiose\u00a0\u00bb, assure-t-il.<\/p>\n<p>                        \u00ab\u00a0Il est ma\u00eetre de son espace\u00a0\u00bb : Pierce Brosnan se confie sur son nouveau personnage dans la s\u00e9rie MobLand<\/p>\n<p>De son c\u00f4t\u00e9, Pierce Brosnan est r\u00e9cemment apparu dans la s\u00e9rie MobLand, diffus\u00e9e sur la plateforme Paramount+. Lors d&rsquo;un entretien accord\u00e9 \u00e0 <a href=\"https:\/\/www.programme-tv.net\/news\/series-tv\/380575-c-est-genial-de-pouvoir-dire-aussi-souvent-put-pierce-brosnan-se-lache-completement-et-casse-son-image-dans-sa-nouvelle-serie\/\" data-api-deeplink=\"teleloisirs:\/\/news\/380575\" target=\"_blank\" rel=\"noopener\">T\u00e9l\u00e9-Loisirs<\/a>, l&rsquo;acteur Irlandais confiait \u00e0 propos de son r\u00f4le de chef d&rsquo;un empire du crime : \u00ab\u00a0Il y a tellement de jurons dans cette s\u00e9rie ! (&#8230;) Le r\u00e9alisateur <a href=\"https:\/\/www.programme-tv.net\/biographie\/19005-ritchie-guy\/\" data-link-people=\"3bf1708f-ea55-42e5-b8ef-010d732ef29a\" target=\"_blank\" rel=\"noopener\">Guy Ritchie<\/a> adore \u00e7a ! C\u2019est g\u00e9nial de pouvoir dire aussi souvent put*** et d\u2019\u00eatre compl\u00e8tement grossier. J\u2019adore mon personnage. Il est ma\u00eetre de son espace, de sa vie\u00a0\u00bb.<\/p>\n","protected":false},"excerpt":{"rendered":"Les premi\u00e8res informations concernant le prochain James Bond se d\u00e9voilent ces derniers mois, mais une question est sur&hellip;\n","protected":false},"author":2,"featured_media":333614,"comment_status":"","ping_status":"","sticky":false,"template":"","format":"standard","meta":{"footnotes":""},"categories":[1354],"tags":[244,58,59,1346,1011,27,1677,1360,3757,36266],"class_list":{"0":"post-333613","1":"post","2":"type-post","3":"status-publish","4":"format-standard","5":"has-post-thumbnail","7":"category-films","8":"tag-commentaire","9":"tag-divertissement","10":"tag-entertainment","11":"tag-films","12":"tag-fr","13":"tag-france","14":"tag-james-bond","15":"tag-movies","16":"tag-pierce-brosnan","17":"tag-sorties-cinu00e9ma"},"share_on_mastodon":{"url":"https:\/\/pubeurope.com\/@fr\/115066086694260912","error":""},"_links":{"self":[{"href":"https:\/\/www.europesays.com\/fr\/wp-json\/wp\/v2\/posts\/333613","targetHints":{"allow":["GET"]}}],"collection":[{"href":"https:\/\/www.europesays.com\/fr\/wp-json\/wp\/v2\/posts"}],"about":[{"href":"https:\/\/www.europesays.com\/fr\/wp-json\/wp\/v2\/types\/post"}],"author":[{"embeddable":true,"href":"https:\/\/www.europesays.com\/fr\/wp-json\/wp\/v2\/users\/2"}],"replies":[{"embeddable":true,"href":"https:\/\/www.europesays.com\/fr\/wp-json\/wp\/v2\/comments?post=333613"}],"version-history":[{"count":0,"href":"https:\/\/www.europesays.com\/fr\/wp-json\/wp\/v2\/posts\/333613\/revisions"}],"wp:featuredmedia":[{"embeddable":true,"href":"https:\/\/www.europesays.com\/fr\/wp-json\/wp\/v2\/media\/333614"}],"wp:attachment":[{"href":"https:\/\/www.europesays.com\/fr\/wp-json\/wp\/v2\/media?parent=333613"}],"wp:term":[{"taxonomy":"category","embeddable":true,"href":"https:\/\/www.europesays.com\/fr\/wp-json\/wp\/v2\/categories?post=333613"},{"taxonomy":"post_tag","embeddable":true,"href":"https:\/\/www.europesays.com\/fr\/wp-json\/wp\/v2\/tags?post=333613"}],"curies":[{"name":"wp","href":"https:\/\/api.w.org\/{rel}","templated":true}]}}