{"id":333623,"date":"2025-08-21T09:42:12","date_gmt":"2025-08-21T09:42:12","guid":{"rendered":"https:\/\/www.europesays.com\/fr\/333623\/"},"modified":"2025-08-21T09:42:12","modified_gmt":"2025-08-21T09:42:12","slug":"ce-conducteur-tesla-pensait-a-une-petite-reparation-apres-avoir-roule-sur-un-clou-la-facture-la-assomme","status":"publish","type":"post","link":"https:\/\/www.europesays.com\/fr\/333623\/","title":{"rendered":"Ce conducteur Tesla pensait \u00e0 une petite r\u00e9paration apr\u00e8s avoir roul\u00e9 sur un clou : la facture l\u2019a assomm\u00e9"},"content":{"rendered":"<p>Rouler sur un clou, tout automobiliste conna\u00eet ce risque. Mais pour ce propri\u00e9taire de Tesla, la surprise ne s\u2019est pas arr\u00eat\u00e9e \u00e0 la crevaison. Lorsqu\u2019il a fait remplacer son pneu, il a d\u00e9couvert une note de 600 dollars. Une somme qu\u2019il juge astronomique pour une simple perforation.\u00a0La d\u00e9convenue a \u00e9t\u00e9 relay\u00e9e sur TikTok par @charlie__chang, qui interrogeait des propri\u00e9taires sur les \u00ab pires aspects \u00bb de la vie en Tesla. Le conducteur a point\u00e9 du doigt le poids du v\u00e9hicule, garant de la s\u00e9curit\u00e9 mais redoutable pour les pneus. R\u00e9sultat : deux mois \u00e0 peine apr\u00e8s l\u2019achat, un clou, et d\u00e9j\u00e0 une addition sal\u00e9e.<\/p>\n<p>Pourquoi les pneus Tesla co\u00fbtent si cher ?<\/p>\n<p>La r\u00e9ponse tient en trois mots : poids, technologie et exclusivit\u00e9. Les Tesla, plus lourdes que la plupart des voitures thermiques, n\u00e9cessitent des pneus renforc\u00e9s, con\u00e7us pour encaisser la pression. Ces gommes sp\u00e9cifiques, souvent \u00e0 faible bruit et haute performance, se paient au prix fort.\u00a0\u00c0 cela s\u2019ajoute le r\u00e9seau de distribution. Passer par Tesla pour un remplacement garantit la compatibilit\u00e9, mais gonfle la facture. Certains conducteurs t\u00e9moignent de tarifs l\u00e9g\u00e8rement plus bas chez des revendeurs tiers, mais rarement en dessous de 450 dollars. Bref, pour rouler en \u00e9lectrique premium, il faut aussi accepter les \u00ab frais cach\u00e9s \u00bb.<\/p>\n<p>Le revers de la m\u00e9daille \u00e9lectrique<\/p>\n<p>Certes, l\u2019argument massue des propri\u00e9taires reste l\u2019\u00e9conomie sur le long terme. Certains affirment avoir \u00e9conomis\u00e9 des milliers de dollars en carburant gr\u00e2ce \u00e0 leur Model 3. Mais ces anecdotes rappellent que le co\u00fbt d\u2019entretien, souvent minimis\u00e9, peut r\u00e9server de mauvaises surprises.\u00a0Un simple clou devient alors l\u2019ennemi jur\u00e9 du conducteur de Tesla. Non couvert par la garantie constructeur, le pneu crev\u00e9 reste une d\u00e9pense personnelle, impossible \u00e0 esquiver. Et pour beaucoup, c\u2019est \u00ab la pire chose \u00bb dans l\u2019exp\u00e9rience de conduite \u00e9lectrique. Une ironie mordante, quand on pensait rouler vers un futur sans tracas m\u00e9caniques.<\/p>\n<p>Partagez cette info avec vos amis et vos proches en cliquant ici<br \/>Pour r\u00e9sumer<\/p>\n<p>Un conducteur de Tesla a pay\u00e9 600 $ pour remplacer un pneu crev\u00e9 par un clou, la garantie ne couvrant pas ce type de dommage. Un rappel que rouler en \u00e9lectrique premium rime avec \u00e9conomies de carburant\u2026 mais aussi avec factures d\u2019entretien sal\u00e9es.<\/p>\n<p> <img decoding=\"async\" width=\"76\" height=\"76\" loading=\"lazy\" src=\"https:\/\/www.europesays.com\/fr\/wp-content\/uploads\/2025\/04\/avatar-autonews.png\" alt=\"Jules Sessiwede\"\/><\/p>\n","protected":false},"excerpt":{"rendered":"Rouler sur un clou, tout automobiliste conna\u00eet ce risque. Mais pour ce propri\u00e9taire de Tesla, la surprise ne&hellip;\n","protected":false},"author":2,"featured_media":333624,"comment_status":"","ping_status":"","sticky":false,"template":"","format":"standard","meta":{"footnotes":""},"categories":[6],"tags":[35,33,34,1011,27],"class_list":{"0":"post-333623","1":"post","2":"type-post","3":"status-publish","4":"format-standard","5":"has-post-thumbnail","7":"category-economie","8":"tag-business","9":"tag-economie","10":"tag-economy","11":"tag-fr","12":"tag-france"},"share_on_mastodon":{"url":"https:\/\/pubeurope.com\/@fr\/115066106247572028","error":""},"_links":{"self":[{"href":"https:\/\/www.europesays.com\/fr\/wp-json\/wp\/v2\/posts\/333623","targetHints":{"allow":["GET"]}}],"collection":[{"href":"https:\/\/www.europesays.com\/fr\/wp-json\/wp\/v2\/posts"}],"about":[{"href":"https:\/\/www.europesays.com\/fr\/wp-json\/wp\/v2\/types\/post"}],"author":[{"embeddable":true,"href":"https:\/\/www.europesays.com\/fr\/wp-json\/wp\/v2\/users\/2"}],"replies":[{"embeddable":true,"href":"https:\/\/www.europesays.com\/fr\/wp-json\/wp\/v2\/comments?post=333623"}],"version-history":[{"count":0,"href":"https:\/\/www.europesays.com\/fr\/wp-json\/wp\/v2\/posts\/333623\/revisions"}],"wp:featuredmedia":[{"embeddable":true,"href":"https:\/\/www.europesays.com\/fr\/wp-json\/wp\/v2\/media\/333624"}],"wp:attachment":[{"href":"https:\/\/www.europesays.com\/fr\/wp-json\/wp\/v2\/media?parent=333623"}],"wp:term":[{"taxonomy":"category","embeddable":true,"href":"https:\/\/www.europesays.com\/fr\/wp-json\/wp\/v2\/categories?post=333623"},{"taxonomy":"post_tag","embeddable":true,"href":"https:\/\/www.europesays.com\/fr\/wp-json\/wp\/v2\/tags?post=333623"}],"curies":[{"name":"wp","href":"https:\/\/api.w.org\/{rel}","templated":true}]}}