{"id":333625,"date":"2025-08-21T09:43:09","date_gmt":"2025-08-21T09:43:09","guid":{"rendered":"https:\/\/www.europesays.com\/fr\/333625\/"},"modified":"2025-08-21T09:43:09","modified_gmt":"2025-08-21T09:43:09","slug":"deces-du-juge-repute-le-plus-gentil-du-monde-a-88-ans","status":"publish","type":"post","link":"https:\/\/www.europesays.com\/fr\/333625\/","title":{"rendered":"d\u00e9c\u00e8s du juge r\u00e9put\u00e9 \u00able plus gentil du monde\u00bb \u00e0 88 ans"},"content":{"rendered":"<p>Franck Caprio, juge retrait\u00e9 du Rhode Island, s\u2019est b\u00e2ti une r\u00e9putation gr\u00e2ce \u00e0 l\u2019\u00e9mission t\u00e9l\u00e9vis\u00e9e qu\u2019il pr\u00e9sentait, \u00abCaught in Providence\u00bb.<\/p>\n<p class=\"fig-paragraph\">Le juge am\u00e9ricain Frank Caprio, star des\u00a0<a href=\"http:\/\/www.lefigaro.fr\/secteur\/high-tech\/etats-unis-les-reseaux-sociaux-sommes-de-rendre-des-comptes-sur-la-censure-de-gouvernements-etrangers-20250228\" target=\"_blank\" data-fig-type=\"NewsFlash\" rel=\"noopener\" data-gtm-custom-categorie=\"navigation\" data-gtm-custom-action=\"crossclick\" data-gtm-custom-label=\"Contextuel\" data-gtm-event=\"customEventSPE\" data-fig-domain=\"LEFIGARO\">r\u00e9seaux sociaux<\/a>\u00a0et figure de la t\u00e9l\u00e9vision, r\u00e9put\u00e9 \u00abjuge le plus gentil du monde\u00bb, est d\u00e9c\u00e9d\u00e9 \u00e0 88 ans, a annonc\u00e9 son fils sur la page Instagram de son p\u00e8re.<\/p>\n<p class=\"fig-paragraph\">\u00abC&rsquo;est avec une profonde tristesse que je partage la nouvelle que mon p\u00e8re, le juge Frank Caprio, s&rsquo;est \u00e9teint aujourd&rsquo;hui, paisiblement, entour\u00e9 par sa famille et ses amis apr\u00e8s une bataille longue et courageuse contre un cancer du pancr\u00e9as\u00bb, a d\u00e9clar\u00e9 son fils, dans une vid\u00e9o publi\u00e9e mercredi sur le compte Instagram de Frank Caprio, suivi par 3,4 millions de personnes.<\/p>\n<p>                                    <a class=\"fig-a11y-skip a11y-hidden\" href=\"#fig-a11y-skip-main-inarticle\"><br \/>\n        Passer la publicit\u00e9<br \/>\n    <\/a><\/p>\n<p>\u00abUn tr\u00e9sor du Rhode Island\u00bb<\/p>\n<p class=\"fig-paragraph\">Caprio, juge retrait\u00e9 du Rhode Island, \u00c9tat du nord-est des\u00a0<a href=\"http:\/\/www.lefigaro.fr\/flash-actu\/etats-unis-les-freres-menendez-comparaissent-devant-une-commission-judiciaire-pour-leur-liberation-conditionnelle-20250821\" target=\"_blank\" data-fig-type=\"NewsFlash\" rel=\"noopener\" data-gtm-custom-categorie=\"navigation\" data-gtm-custom-action=\"crossclick\" data-gtm-custom-label=\"Contextuel\" data-gtm-event=\"customEventSPE\" data-fig-domain=\"LEFIGARO\">\u00c9tats-Unis<\/a>, s&rsquo;est b\u00e2ti une r\u00e9putation gr\u00e2ce \u00e0 l&rsquo;\u00e9mission t\u00e9l\u00e9vis\u00e9e qu&rsquo;il pr\u00e9sentait, \u00abCaught in Providence\u00bb. L&rsquo;\u00e9mission plongeait le t\u00e9l\u00e9spectateur dans la salle d&rsquo;audience du magistrat, o\u00f9, \u00ables gens et les affaires \u00e9taient trait\u00e9s avec gentillesse et compassion\u00bb, selon sa page YouTube. C&rsquo;est gr\u00e2ce \u00e0 ce show, dans lequel il faisait preuve d&#8217;empathie \u00e0 l&rsquo;\u00e9gard de personnes notamment poursuivies pour des infractions au code de la route et des amendes de stationnement, qu&rsquo;il a gagn\u00e9 le surnom de \u00abjuge le plus gentil du monde\u00bb et des millions d&rsquo;abonn\u00e9s sur les r\u00e9seaux sociaux. Des extraits vid\u00e9os, avec des millions de vues sur les r\u00e9seaux sociaux, le montraient souvent abandonner les poursuites pour des familles en difficult\u00e9s financi\u00e8res.<\/p>\n<p class=\"fig-paragraph\">L&rsquo;annonce de son d\u00e9c\u00e8s a suscit\u00e9 une avalanche d&rsquo;hommages en ligne. \u00abLe juge Caprio \u00e9tait un tr\u00e9sor du Rhode Island\u00bb, a \u00e9crit mercredi, dans un communiqu\u00e9, le gouverneur de cet \u00c9tat, Dan McKee, annon\u00e7ant la mise en berne des drapeaux du Rhode Island, en sa m\u00e9moire. \u00abIl \u00e9tait davantage qu&rsquo;un juriste &#8211; il \u00e9tait un symbole d&#8217;empathie au pr\u00e9toire, nous montrant ce qu&rsquo;il est possible de faire quand la justice est temp\u00e9r\u00e9e avec humanit\u00e9\u00bb, a poursuivi le gouverneur.<\/p>\n<p class=\"fig-paragraph\">Apr\u00e8s 38 ans pass\u00e9s au service de la justice, Frank Caprio avait publi\u00e9 fin 2023 une vid\u00e9o sur Instagram racontant, \u00e9mu, n&rsquo;avoir jamais oubli\u00e9 son premier jour en tant que juge. Apr\u00e8s l&rsquo;audience, son p\u00e8re, dans la salle, lui reproche de ne pas avoir su \u00e9couter une femme, m\u00e8re de trois enfants, se disant incapable de payer 300 dollars d&rsquo;amendes de stationnement. \u00abCe n&rsquo;est jamais arriv\u00e9 \u00e0 nouveau apr\u00e8s \u00e7a, jamais\u00bb, se souvient l\u2019ancien juge. En annon\u00e7ant le d\u00e9c\u00e8s du juge Caprio, son fils a fait passer un message. \u00abEn sa m\u00e9moire, s&rsquo;il-vous-pla\u00eet, faites preuve d&rsquo;un peu de gentillesse aujourd&rsquo;hui. Je sais qu&rsquo;il adorerait \u00e7a.\u00bb<\/p>\n","protected":false},"excerpt":{"rendered":"Franck Caprio, juge retrait\u00e9 du Rhode Island, s\u2019est b\u00e2ti une r\u00e9putation gr\u00e2ce \u00e0 l\u2019\u00e9mission t\u00e9l\u00e9vis\u00e9e qu\u2019il pr\u00e9sentait, \u00abCaught&hellip;\n","protected":false},"author":2,"featured_media":333626,"comment_status":"","ping_status":"","sticky":false,"template":"","format":"standard","meta":{"footnotes":""},"categories":[5],"tags":[11,73,1011,27,14,11515,12,28],"class_list":{"0":"post-333625","1":"post","2":"type-post","3":"status-publish","4":"format-standard","5":"has-post-thumbnail","7":"category-international","8":"tag-actualites","9":"tag-etats-unis","10":"tag-fr","11":"tag-france","12":"tag-international","13":"tag-juges","14":"tag-news","15":"tag-world"},"share_on_mastodon":{"url":"https:\/\/pubeurope.com\/@fr\/115066110277546035","error":""},"_links":{"self":[{"href":"https:\/\/www.europesays.com\/fr\/wp-json\/wp\/v2\/posts\/333625","targetHints":{"allow":["GET"]}}],"collection":[{"href":"https:\/\/www.europesays.com\/fr\/wp-json\/wp\/v2\/posts"}],"about":[{"href":"https:\/\/www.europesays.com\/fr\/wp-json\/wp\/v2\/types\/post"}],"author":[{"embeddable":true,"href":"https:\/\/www.europesays.com\/fr\/wp-json\/wp\/v2\/users\/2"}],"replies":[{"embeddable":true,"href":"https:\/\/www.europesays.com\/fr\/wp-json\/wp\/v2\/comments?post=333625"}],"version-history":[{"count":0,"href":"https:\/\/www.europesays.com\/fr\/wp-json\/wp\/v2\/posts\/333625\/revisions"}],"wp:featuredmedia":[{"embeddable":true,"href":"https:\/\/www.europesays.com\/fr\/wp-json\/wp\/v2\/media\/333626"}],"wp:attachment":[{"href":"https:\/\/www.europesays.com\/fr\/wp-json\/wp\/v2\/media?parent=333625"}],"wp:term":[{"taxonomy":"category","embeddable":true,"href":"https:\/\/www.europesays.com\/fr\/wp-json\/wp\/v2\/categories?post=333625"},{"taxonomy":"post_tag","embeddable":true,"href":"https:\/\/www.europesays.com\/fr\/wp-json\/wp\/v2\/tags?post=333625"}],"curies":[{"name":"wp","href":"https:\/\/api.w.org\/{rel}","templated":true}]}}