{"id":333627,"date":"2025-08-21T09:44:11","date_gmt":"2025-08-21T09:44:11","guid":{"rendered":"https:\/\/www.europesays.com\/fr\/333627\/"},"modified":"2025-08-21T09:44:11","modified_gmt":"2025-08-21T09:44:11","slug":"une-fillette-de-2-ans-meurt-ecrasee-dans-un-garage-auto","status":"publish","type":"post","link":"https:\/\/www.europesays.com\/fr\/333627\/","title":{"rendered":"Une fillette de 2 ans meurt \u00e9cras\u00e9e dans un garage auto"},"content":{"rendered":"<p>Un drame s\u2019est produit mardi \u00e0 Bernay, dans <a href=\"https:\/\/www.20minutes.fr\/dossier\/eure\" class=\"c-link c-link--is-underlined\" rel=\"nofollow noopener\" target=\"_blank\">l\u2019Eure<\/a>. Une fillette de deux ans est d\u00e9c\u00e9d\u00e9e apr\u00e8s avoir \u00e9t\u00e9 <a href=\"https:\/\/www.20minutes.fr\/dossier\/accident_de_la_route\" class=\"c-link c-link--is-underlined\" rel=\"nofollow noopener\" target=\"_blank\">percut\u00e9e par la voiture<\/a> de sa m\u00e8re dans un garage automobile, d\u2019apr\u00e8s la gendarmerie, <a href=\"https:\/\/www.paris-normandie.fr\/id653224\/article\/2025-08-20\/dans-leure-une-enfant-de-deux-ans-meurt-ecrasee-dans-un-garage-automobile\" rel=\"nofollow noopener\" target=\"_blank\" class=\"c-link c-link--is-underlined\">cit\u00e9e par Paris Normandie.<\/a><\/p>\n<p>L\u2019accident est survenu vers 14 heures, dans la zone d\u2019activit\u00e9 de la Malouve. La m\u00e8re de l\u2019enfant, g\u00e9rante du garage, man\u0153uvrait son v\u00e9hicule lorsque la petite, qui se trouvait \u00e0 l\u2019arri\u00e8re, serait descendue sans qu\u2019elle s\u2019en aper\u00e7oive. \u00ab\u00a0La maman, propri\u00e9taire du garage, conduisait avec ses enfants \u00e0 l\u2019arri\u00e8re. La fillette serait descendue du v\u00e9hicule pendant que la maman \u00e9tait en train de man\u0153uvrer, et elle lui a roul\u00e9 dessus\u00a0\u00bb, a expliqu\u00e9 la gendarmerie \u00e0 Paris Normandie. Le procureur d\u2019\u00c9vreux, R\u00e9mi Coutin, a pr\u00e9cis\u00e9 que la m\u00e8re \u00ab\u00a0n\u2019a pas vu sa fille\u00a0\u00bb au moment du drame.<\/p>\n<p>Enqu\u00eate pour homicide involontaire<\/p>\n<p>Les secours sont arriv\u00e9s rapidement sur place. Vingt pompiers et une \u00e9quipe du Smur ont tent\u00e9 de r\u00e9animer l\u2019enfant, sans succ\u00e8s,<a href=\"https:\/\/www.francebleu.fr\/infos\/faits-divers-justice\/une-fillette-de-deux-ans-meurt-percutee-par-sa-mere-en-voiture-dans-un-garage-automobile-1296775\" rel=\"nofollow noopener\" target=\"_blank\" class=\"c-link c-link--is-underlined\"> selon Ici. <\/a>Un h\u00e9licopt\u00e8re avait \u00e9galement \u00e9t\u00e9 mobilis\u00e9.<\/p>\n<p>Tr\u00e8s choqu\u00e9s, les parents de la fillette, ainsi que plusieurs t\u00e9moins et deux autres enfants pr\u00e9sents, ont \u00e9t\u00e9 pris en charge par une cellule m\u00e9dico-psychologique ouverte \u00e0 l\u2019h\u00f4pital de Bernay. La maire et le sous-pr\u00e9fet se sont rendus sur place. Une enqu\u00eate pour homicide involontaire a \u00e9t\u00e9 ouverte et confi\u00e9e \u00e0 la compagnie de <a href=\"https:\/\/www.20minutes.fr\/dossier\/gendarmerie\" class=\"c-link c-link--is-underlined\" rel=\"nofollow noopener\" target=\"_blank\">gendarmerie<\/a> de Bernay afin de d\u00e9terminer pr\u00e9cis\u00e9ment les circonstances de l\u2019accident.<\/p>\n","protected":false},"excerpt":{"rendered":"Un drame s\u2019est produit mardi \u00e0 Bernay, dans l\u2019Eure. Une fillette de deux ans est d\u00e9c\u00e9d\u00e9e apr\u00e8s avoir&hellip;\n","protected":false},"author":2,"featured_media":333628,"comment_status":"","ping_status":"","sticky":false,"template":"","format":"standard","meta":{"footnotes":""},"categories":[4],"tags":[119,4376,47,11,9770,118,1011,27,12,5161,5511,25],"class_list":{"0":"post-333627","1":"post","2":"type-post","3":"status-publish","4":"format-standard","5":"has-post-thumbnail","7":"category-france","8":"tag-accident","9":"tag-accident-de-la-route","10":"tag-actualite","11":"tag-actualites","12":"tag-eure","13":"tag-faits-divers","14":"tag-fr","15":"tag-france","16":"tag-news","17":"tag-normandie","18":"tag-procureur","19":"tag-republique-francaise"},"share_on_mastodon":{"url":"https:\/\/pubeurope.com\/@fr\/115066114105969328","error":""},"_links":{"self":[{"href":"https:\/\/www.europesays.com\/fr\/wp-json\/wp\/v2\/posts\/333627","targetHints":{"allow":["GET"]}}],"collection":[{"href":"https:\/\/www.europesays.com\/fr\/wp-json\/wp\/v2\/posts"}],"about":[{"href":"https:\/\/www.europesays.com\/fr\/wp-json\/wp\/v2\/types\/post"}],"author":[{"embeddable":true,"href":"https:\/\/www.europesays.com\/fr\/wp-json\/wp\/v2\/users\/2"}],"replies":[{"embeddable":true,"href":"https:\/\/www.europesays.com\/fr\/wp-json\/wp\/v2\/comments?post=333627"}],"version-history":[{"count":0,"href":"https:\/\/www.europesays.com\/fr\/wp-json\/wp\/v2\/posts\/333627\/revisions"}],"wp:featuredmedia":[{"embeddable":true,"href":"https:\/\/www.europesays.com\/fr\/wp-json\/wp\/v2\/media\/333628"}],"wp:attachment":[{"href":"https:\/\/www.europesays.com\/fr\/wp-json\/wp\/v2\/media?parent=333627"}],"wp:term":[{"taxonomy":"category","embeddable":true,"href":"https:\/\/www.europesays.com\/fr\/wp-json\/wp\/v2\/categories?post=333627"},{"taxonomy":"post_tag","embeddable":true,"href":"https:\/\/www.europesays.com\/fr\/wp-json\/wp\/v2\/tags?post=333627"}],"curies":[{"name":"wp","href":"https:\/\/api.w.org\/{rel}","templated":true}]}}