{"id":333633,"date":"2025-08-21T09:47:12","date_gmt":"2025-08-21T09:47:12","guid":{"rendered":"https:\/\/www.europesays.com\/fr\/333633\/"},"modified":"2025-08-21T09:47:12","modified_gmt":"2025-08-21T09:47:12","slug":"saint-etienne-elle-vole-une-roue-de-voiture-pour-reparer-la-sienne","status":"publish","type":"post","link":"https:\/\/www.europesays.com\/fr\/333633\/","title":{"rendered":"Saint-\u00c9tienne : elle vole une roue de voiture pour r\u00e9parer la sienne"},"content":{"rendered":"<p>Lundi 19 ao\u00fbt vers 22 h 30, dans le quartier de Montreynaud \u00e0 Saint-\u00c9tienne, une jeune femme de 22 ans a \u00e9t\u00e9 interpell\u00e9e apr\u00e8s avoir d\u00e9mont\u00e9 une roue d\u2019un v\u00e9hicule en stationnement.<\/p>\n<p>C\u2019est le propri\u00e9taire de la voiture qui l\u2019a surprise en flagrant d\u00e9lit et a aussit\u00f4t alert\u00e9 la police. Les agents ont d\u00e9couvert que la jeune femme avait sa propre voiture immobilis\u00e9e \u00e0 proximit\u00e9, <strong>avec un pneu crev\u00e9<\/strong>. Pour repartir, <strong>elle avait d\u00e9cid\u00e9 de d\u00e9monter une roue sur un autre v\u00e9hicule de mod\u00e8le identique.<\/strong><\/p>\n<p>Le propri\u00e9taire a d\u00e9pos\u00e9 plainte. La jeune femme sera convoqu\u00e9e devant la justice pour <strong>vol simple<\/strong>.<br \/>C. Ercilla<\/p>\n","protected":false},"excerpt":{"rendered":"Lundi 19 ao\u00fbt vers 22 h 30, dans le quartier de Montreynaud \u00e0 Saint-\u00c9tienne, une jeune femme de&hellip;\n","protected":false},"author":2,"featured_media":333634,"comment_status":"","ping_status":"","sticky":false,"template":"","format":"standard","meta":{"footnotes":""},"categories":[9653],"tags":[1111,11,2430,1777,674,1011,27,12,25,4001],"class_list":{"0":"post-333633","1":"post","2":"type-post","3":"status-publish","4":"format-standard","5":"has-post-thumbnail","7":"category-saint-etienne","8":"tag-actu","9":"tag-actualites","10":"tag-auvergne-rhone-alpes","11":"tag-eu","12":"tag-europe","13":"tag-fr","14":"tag-france","15":"tag-news","16":"tag-republique-francaise","17":"tag-saint-etienne"},"share_on_mastodon":{"url":"https:\/\/pubeurope.com\/@fr\/115066126004162238","error":""},"_links":{"self":[{"href":"https:\/\/www.europesays.com\/fr\/wp-json\/wp\/v2\/posts\/333633","targetHints":{"allow":["GET"]}}],"collection":[{"href":"https:\/\/www.europesays.com\/fr\/wp-json\/wp\/v2\/posts"}],"about":[{"href":"https:\/\/www.europesays.com\/fr\/wp-json\/wp\/v2\/types\/post"}],"author":[{"embeddable":true,"href":"https:\/\/www.europesays.com\/fr\/wp-json\/wp\/v2\/users\/2"}],"replies":[{"embeddable":true,"href":"https:\/\/www.europesays.com\/fr\/wp-json\/wp\/v2\/comments?post=333633"}],"version-history":[{"count":0,"href":"https:\/\/www.europesays.com\/fr\/wp-json\/wp\/v2\/posts\/333633\/revisions"}],"wp:featuredmedia":[{"embeddable":true,"href":"https:\/\/www.europesays.com\/fr\/wp-json\/wp\/v2\/media\/333634"}],"wp:attachment":[{"href":"https:\/\/www.europesays.com\/fr\/wp-json\/wp\/v2\/media?parent=333633"}],"wp:term":[{"taxonomy":"category","embeddable":true,"href":"https:\/\/www.europesays.com\/fr\/wp-json\/wp\/v2\/categories?post=333633"},{"taxonomy":"post_tag","embeddable":true,"href":"https:\/\/www.europesays.com\/fr\/wp-json\/wp\/v2\/tags?post=333633"}],"curies":[{"name":"wp","href":"https:\/\/api.w.org\/{rel}","templated":true}]}}