{"id":333642,"date":"2025-08-21T09:53:10","date_gmt":"2025-08-21T09:53:10","guid":{"rendered":"https:\/\/www.europesays.com\/fr\/333642\/"},"modified":"2025-08-21T09:53:10","modified_gmt":"2025-08-21T09:53:10","slug":"il-venait-acheter-des-portieres-il-est-poignarde-pour-1-000e","status":"publish","type":"post","link":"https:\/\/www.europesays.com\/fr\/333642\/","title":{"rendered":"il venait acheter des porti\u00e8res, il est poignard\u00e9 pour 1 000\u20ac"},"content":{"rendered":"<p>            Par<br \/>\n        <strong><br \/>\n            <a href=\"https:\/\/actu.fr\/auteur\/jm-aubert\" title=\"Consulter tous les articles de Jean-Marc Aubert\" target=\"_blank\" rel=\"noopener\">Jean-Marc Aubert<\/a><br \/>\n        <\/strong><\/p>\n<p>        Publi\u00e9 le<\/p>\n<p>            21 ao\u00fbt 2025 \u00e0 10h46        <\/p>\n<p>Un homme d\u2019une vingtaine d\u2019ann\u00e9es est hospitalis\u00e9 depuis le <strong>samedi 16 ao\u00fbt<\/strong> 2025 au <strong>CHU de Montpellier,<\/strong> apr\u00e8s avoir \u00e9t\u00e9 poignard\u00e9, lors d\u2019un <strong>guet-apens<\/strong>. Il s\u2019est fait d\u00e9trousser de <strong>1<\/strong> <strong>000\u20ac<\/strong>.<\/p>\n<p class=\" wall-content\">La victime qui \u00e9tait \u00e0 la recherche de porti\u00e8res pour sa voiture a r\u00e9pondu \u00e0 une annonce publi\u00e9e sur le site <strong>Le Bon Coin<\/strong>. Prix : 1 000\u20ac qu\u2019il fallait apporter en esp\u00e8ces. Un rendez-vous a \u00e9t\u00e9 fix\u00e9 samedi soir, sur un parking isol\u00e9 pr\u00e8s de Montpellier, o\u00f9 l\u2019acheteur s\u2019est rendu sans se m\u00e9fier, avec l\u2019argent.<\/p>\n<p>    <a href=\"https:\/\/www.google.com\/maps\/embed?pb=!1m18!1m12!1m3!1d6727.1515772969315!2d3.848709239314471!3d43.63048257677279!2m3!1f0!2f0!3f0!3m2!1i1024!2i768!4f13.1!3m3!1m2!1s0x12b6aeae33a0559b%3A0xff8cd1f70e2d749b!2sCentre%20Hospitalier%20Universitaire%20de%20Montpellier!5e0!3m2!1sfr!2sfr!4v1755759839631!5m2!1sfr!2sfr\" title=\"Ouvrie le lien\" target=\"_blank\" rel=\"noopener\">Cliquez ici pour visualiser le contenu<\/a><\/p>\n<p class=\" wall-content\">Il n\u2019a pas eu le temps de r\u00e9aliser, ni de s\u2019\u00e9chapper, quand \u00e0 peine s\u2019est-il approch\u00e9 du vendeur, sept autres individus ont surgi. L\u2019un d\u2019eux lui a port\u00e9 un coup de couteau, tandis qu\u2019il \u00e9tait d\u00e9lest\u00e9 des 1 000\u20ac et qu\u2019il n\u2019y avait aucune porti\u00e8re \u00e0 r\u00e9cup\u00e9rer. Les<strong> huit auteurs<\/strong> ont rapidement pris la fuite, abandonnant la victime \u00e0 son sort.<\/p>\n<p class=\" wall-content\">Conscient malgr\u00e9 le coup de couteau re\u00e7u au niveau du ventre occasionnant un \u00e9tat grave, il\u00a0a pu donner l\u2019alerte, \u00eatre secouru et transport\u00e9 dans un premier temps en urgence absolue au d\u00e9partement anesth\u00e9sie r\u00e9animation -DAR A- \u00e0 l\u2019h\u00f4pital Lapeyronie, puis dans le service des soins intensifs, car il est hors de danger. Une enqu\u00eate est en cours.<\/p>\n<p>Vid\u00e9os : en ce moment sur Actu<\/p>\n<p class=\" wall-content\">C\u2019est le deuxi\u00e8me homme \u00e0 avoir \u00e9t\u00e9 poignard\u00e9 ce dernier week-end \u00e0 Montpellier, suite au SDF ayant re\u00e7u plusieurs coups d\u2019arme blanche dans une pi\u00e8ce d\u2019un local d\u2019une association de la cit\u00e9 Paul Val\u00e9ry, route de Lav\u00e9rune, o\u00f9 une enveloppe avec de la coca\u00efne a \u00e9t\u00e9 saisie par les policiers. Deux affaires non \u00e9lucid\u00e9es pour l\u2019heure.<\/p>\n<p class=\" wall-content\">Personnalisez votre actualit\u00e9 en ajoutant vos villes et m\u00e9dias en favori avec <a href=\"https:\/\/moncompte.actu.fr\" title=\"D\u00e9couvez Mon Actu\" rel=\"nofollow noopener\" data-trk=\"{&quot;cta&quot;:{&quot;action&quot;:&quot;https:\\\/\\\/moncompte.actu.fr&quot;,&quot;category&quot;:&quot;mon compte&quot;,&quot;from&quot;:&quot;article footer&quot;,&quot;name&quot;:&quot;Mon actu&quot;,&quot;type&quot;:&quot;cta&quot;}}\" target=\"_blank\">Mon Actu<\/a>.<\/p>\n","protected":false},"excerpt":{"rendered":"Par Jean-Marc Aubert Publi\u00e9 le 21 ao\u00fbt 2025 \u00e0 10h46 Un homme d\u2019une vingtaine d\u2019ann\u00e9es est hospitalis\u00e9 depuis&hellip;\n","protected":false},"author":2,"featured_media":333643,"comment_status":"","ping_status":"","sticky":false,"template":"","format":"standard","meta":{"footnotes":""},"categories":[9599],"tags":[1111,11,15154,1777,674,118,1011,27,303,2208,12,2680,1072,25],"class_list":{"0":"post-333642","1":"post","2":"type-post","3":"status-publish","4":"format-standard","5":"has-post-thumbnail","7":"category-montpellier","8":"tag-actu","9":"tag-actualites","10":"tag-chu-de-montpellier","11":"tag-eu","12":"tag-europe","13":"tag-faits-divers","14":"tag-fr","15":"tag-france","16":"tag-justice","17":"tag-montpellier","18":"tag-news","19":"tag-occitanie","20":"tag-police","21":"tag-republique-francaise"},"share_on_mastodon":{"url":"https:\/\/pubeurope.com\/@fr\/115066149448505289","error":""},"_links":{"self":[{"href":"https:\/\/www.europesays.com\/fr\/wp-json\/wp\/v2\/posts\/333642","targetHints":{"allow":["GET"]}}],"collection":[{"href":"https:\/\/www.europesays.com\/fr\/wp-json\/wp\/v2\/posts"}],"about":[{"href":"https:\/\/www.europesays.com\/fr\/wp-json\/wp\/v2\/types\/post"}],"author":[{"embeddable":true,"href":"https:\/\/www.europesays.com\/fr\/wp-json\/wp\/v2\/users\/2"}],"replies":[{"embeddable":true,"href":"https:\/\/www.europesays.com\/fr\/wp-json\/wp\/v2\/comments?post=333642"}],"version-history":[{"count":0,"href":"https:\/\/www.europesays.com\/fr\/wp-json\/wp\/v2\/posts\/333642\/revisions"}],"wp:featuredmedia":[{"embeddable":true,"href":"https:\/\/www.europesays.com\/fr\/wp-json\/wp\/v2\/media\/333643"}],"wp:attachment":[{"href":"https:\/\/www.europesays.com\/fr\/wp-json\/wp\/v2\/media?parent=333642"}],"wp:term":[{"taxonomy":"category","embeddable":true,"href":"https:\/\/www.europesays.com\/fr\/wp-json\/wp\/v2\/categories?post=333642"},{"taxonomy":"post_tag","embeddable":true,"href":"https:\/\/www.europesays.com\/fr\/wp-json\/wp\/v2\/tags?post=333642"}],"curies":[{"name":"wp","href":"https:\/\/api.w.org\/{rel}","templated":true}]}}