{"id":333644,"date":"2025-08-21T09:55:23","date_gmt":"2025-08-21T09:55:23","guid":{"rendered":"https:\/\/www.europesays.com\/fr\/333644\/"},"modified":"2025-08-21T09:55:23","modified_gmt":"2025-08-21T09:55:23","slug":"qui-etait-brisout-de-barneville","status":"publish","type":"post","link":"https:\/\/www.europesays.com\/fr\/333644\/","title":{"rendered":"qui \u00e9tait Brisout de Barneville\u00a0?"},"content":{"rendered":"<p>            Par<br \/>\n        <strong><br \/>\n            <a href=\"https:\/\/actu.fr\/auteur\/julien-bouteiller\" title=\"Consulter tous les articles de Julien Bouteiller\" rel=\"nofollow noopener\" target=\"_blank\">Julien Bouteiller<\/a><br \/>\n        <\/strong><\/p>\n<p>        Publi\u00e9 le<\/p>\n<p>            25 ao\u00fbt 2024 \u00e0 7h24<br \/>\n        ; mis \u00e0 jour le 20 ao\u00fbt 2025 \u00e0 11h24    <\/p>\n<p>\u00c0 <a href=\"https:\/\/actu.fr\/normandie\/rouen_76540\/\" rel=\"nofollow noopener\" target=\"_blank\">Rouen<\/a>, <strong>quand on va \u00ab\u00a0\u00e0 Brisout<\/strong>\u00ab\u00a0, c\u2019est rarement bon signe puisque cela veut dire qu\u2019on se rend \u00e0 l\u2019H\u00f4tel de Police. On en oublie m\u00eame <strong>qui \u00e9tait Brisout de Barneville<\/strong>, qui donne son nom au commissariat et \u00e0 la rue. C\u2019est notre <strong>question pas si b\u00eate<\/strong> de ce dimanche !<\/p>\n<p>Qui \u00e9tait Brisout de Barneville ?<\/p>\n<p class=\" wall-content\"><strong>N\u00e9 en 1749<\/strong> \u00e0 Rouen, Nicolas Denis Fran\u00e7ois Brisout de Barneville est d\u00e9crit comme \u00ab\u00a0un habile industriel\u00a0\u00bb dans le tome 5 de la Biographie universelle, ancienne et moderne dat\u00e9e de 1854.\u00a0<\/p>\n<p class=\" wall-content\">Il avait un penchant pour la m\u00e9canique, h\u00e9rit\u00e9 de son p\u00e8re qui \u00ab\u00a0avait invent\u00e9 une machine \u00e0 filer le coton\u00a0\u00bb. \u00ab\u00a0Sans avoir fait d\u2019\u00e9tudes sp\u00e9ciales, <strong>il perfectionna la machine invent\u00e9e par son p\u00e8re<\/strong> pour filer un coton extra-fin\u00a0\u00bb, poursuit la biographie.<\/p>\n<p class=\" wall-content\">Mais c\u2019est ensuite <strong>une carri\u00e8re militaire<\/strong> qu\u2019il embrasse, devenant d\u2019abord secr\u00e9taire d\u2019un inspecteur de troupes avant de devenir sous-lieutenant et d\u2019embarquer direction l\u2019Am\u00e9rique, \u00ab\u00a0comme aide de camp du baron Viom\u00e9nil\u00a0\u00bb.\u00a0<\/p>\n<blockquote class=\"ac-article-quote wall-content\">\n<p>Il fit pendant un an les fonctions de secr\u00e9taire g\u00e9n\u00e9ral de l&rsquo;arm\u00e9e, se trouva au si\u00e8ge d&rsquo;York, et \u00e0 plusieurs combats, tant sur terre que sur mer.<\/p>\n<p>    <strong>Biographie universelle, ancienne et moderne<\/strong>\n            <\/p><\/blockquote>\n<p class=\" wall-content\">De retour en France en 1783, il s\u2019est de nouveau attel\u00e9 \u00e0 sa machine pour filer le coton \u00ab\u00a0et appliqua \u00e0 la fabrication de mousselines superfines le coton qu\u2019il avait fil\u00e9\u00a0\u00bb.\u00a0<\/p>\n<p>L\u2019ambition contrari\u00e9e d\u2019un industriel<\/p>\n<p class=\" wall-content\">Avec succ\u00e8s, son proc\u00e9d\u00e9 est remarqu\u00e9 et continue de se perfectionner au point d\u2019atteindre un<strong> \u00ab\u00a0degr\u00e9 de finesse jusque-l\u00e0 inconnu dans toutes les parties du monde\u00a0\u00bb<\/strong>.<\/p>\n<p>Votre r\u00e9gion, votre actu !<\/p>\n<p>Recevez chaque jour les infos qui comptent pour vous.<\/p>\n<p>\t<a href=\"https:\/\/actu.fr\/newsletter\" class=\"ac-btn ac-btn--corner ac-btn--medium ac-btn--blue800\" rel=\"nofollow noopener\" target=\"_blank\">S&rsquo;incrire<\/a><\/p>\n<p class=\" wall-content\">Apr\u00e8s la R\u00e9volution, il est un temps emprisonn\u00e9 puis lib\u00e9r\u00e9, mais s\u2019est retrouv\u00e9 sans fortune. Il tente alors de remettre son invention \u00e0 profit pour se refaire une sant\u00e9 financi\u00e8re, sans grand succ\u00e8s.\u00a0<\/p>\n<p class=\" wall-content\">Retour donc aux affaires militaires\u2026 <strong>En 1816, il est mis \u00e0 la retraite<\/strong> \u00ab\u00a0au bout de 42 ans de services effectifs, tant en Europe qu\u2019en Am\u00e9rique\u00a0\u00bb.<\/p>\n<p class=\" wall-content\">\u00ab\u00a0Il songea de nouveau \u00e0 l\u2019invention qui avait l\u2019objet des m\u00e9ditations de toute sa vie\u00a0\u00bb mais il n\u2019en retrouva que des d\u00e9bris. Malgr\u00e9 sa proposition d\u2019en cr\u00e9er une nouvelle (en \u00e9change d\u2019une pension), il ne put faire aboutir son projet.\u00a0 Il est mort \u00e0 Paris<strong> \u00e0 l\u2019\u00e2ge honorable de 93 ans.<\/strong> \u00ab\u00a0Jusqu\u2019\u00e0 sa 91e ann\u00e9e, il n\u2019avait \u00e9prouv\u00e9 aucune infirmit\u00e9, et jusqu\u2019\u00e0 la fin, il conserva toute la force de son esprit.\u00a0\u00bb Une vie bien remplie donc, mais avec go\u00fbt d\u2019inachev\u00e9\u2026<\/p>\n<p>Suivez l\u2019actualit\u00e9 de Rouen <a href=\"https:\/\/www.whatsapp.com\/channel\/0029VaKfnf99hXF2ddApFB1D\" rel=\"nofollow noopener\" target=\"_blank\">sur notre cha\u00eene WhatsApp<\/a> et <a href=\"https:\/\/www.tiktok.com\/@76actu.fr?lang=fr\" rel=\"nofollow noopener\" target=\"_blank\">sur notre compte TikTok<\/a><\/p>\n<p class=\" wall-content\">Personnalisez votre actualit\u00e9 en ajoutant vos villes et m\u00e9dias en favori avec <a href=\"https:\/\/moncompte.actu.fr\" title=\"D\u00e9couvez Mon Actu\" rel=\"nofollow noopener\" data-trk=\"{&quot;cta&quot;:{&quot;action&quot;:&quot;https:\\\/\\\/moncompte.actu.fr&quot;,&quot;category&quot;:&quot;mon compte&quot;,&quot;from&quot;:&quot;article footer&quot;,&quot;name&quot;:&quot;Mon actu&quot;,&quot;type&quot;:&quot;cta&quot;}}\" target=\"_blank\">Mon Actu<\/a>.<\/p>\n<p>                    <script async src=\"\/\/www.tiktok.com\/embed.js\"><\/script><\/p>\n","protected":false},"excerpt":{"rendered":"Par Julien Bouteiller Publi\u00e9 le 25 ao\u00fbt 2024 \u00e0 7h24 ; mis \u00e0 jour le 20 ao\u00fbt 2025&hellip;\n","protected":false},"author":2,"featured_media":333645,"comment_status":"","ping_status":"","sticky":false,"template":"","format":"standard","meta":{"footnotes":""},"categories":[9587],"tags":[1111,11,1777,674,1011,27,937,1757,12,5161,25,9590],"class_list":{"0":"post-333644","1":"post","2":"type-post","3":"status-publish","4":"format-standard","5":"has-post-thumbnail","7":"category-rouen","8":"tag-actu","9":"tag-actualites","10":"tag-eu","11":"tag-europe","12":"tag-fr","13":"tag-france","14":"tag-histoire","15":"tag-insolite","16":"tag-news","17":"tag-normandie","18":"tag-republique-francaise","19":"tag-rouen"},"share_on_mastodon":{"url":"https:\/\/pubeurope.com\/@fr\/115066157370315888","error":""},"_links":{"self":[{"href":"https:\/\/www.europesays.com\/fr\/wp-json\/wp\/v2\/posts\/333644","targetHints":{"allow":["GET"]}}],"collection":[{"href":"https:\/\/www.europesays.com\/fr\/wp-json\/wp\/v2\/posts"}],"about":[{"href":"https:\/\/www.europesays.com\/fr\/wp-json\/wp\/v2\/types\/post"}],"author":[{"embeddable":true,"href":"https:\/\/www.europesays.com\/fr\/wp-json\/wp\/v2\/users\/2"}],"replies":[{"embeddable":true,"href":"https:\/\/www.europesays.com\/fr\/wp-json\/wp\/v2\/comments?post=333644"}],"version-history":[{"count":0,"href":"https:\/\/www.europesays.com\/fr\/wp-json\/wp\/v2\/posts\/333644\/revisions"}],"wp:featuredmedia":[{"embeddable":true,"href":"https:\/\/www.europesays.com\/fr\/wp-json\/wp\/v2\/media\/333645"}],"wp:attachment":[{"href":"https:\/\/www.europesays.com\/fr\/wp-json\/wp\/v2\/media?parent=333644"}],"wp:term":[{"taxonomy":"category","embeddable":true,"href":"https:\/\/www.europesays.com\/fr\/wp-json\/wp\/v2\/categories?post=333644"},{"taxonomy":"post_tag","embeddable":true,"href":"https:\/\/www.europesays.com\/fr\/wp-json\/wp\/v2\/tags?post=333644"}],"curies":[{"name":"wp","href":"https:\/\/api.w.org\/{rel}","templated":true}]}}